{"id":114028,"date":"2025-09-14T08:54:09","date_gmt":"2025-09-14T08:54:09","guid":{"rendered":"https:\/\/www.europesays.com\/es\/114028\/"},"modified":"2025-09-14T08:54:09","modified_gmt":"2025-09-14T08:54:09","slug":"bailando-con-las-estrellas-llego-a-telecinco-con-criticas-al-jurado-y-encerrona-a-nerea-por-un-rumor-viral","status":"publish","type":"post","link":"https:\/\/www.europesays.com\/es\/114028\/","title":{"rendered":"&#8216;Bailando con las estrellas&#8217; lleg\u00f3 a Telecinco con cr\u00edticas al jurado y encerrona a Nerea por un rumor viral"},"content":{"rendered":"<p class=\"article-text\">\n        <strong>Telecinco <\/strong>estren\u00f3 este s\u00e1bado 13 de septiembre la segunda temporada de <strong>Bailando con las estrellas<\/strong>, con <strong>Jes\u00fas V\u00e1zquez<\/strong> en boca de todos por sus \u00faltmas<a href=\"https:\/\/www.eldiario.es\/vertele\/noticias\/jesus-vazquez-insinua-marchara-mediaset-cuando-acabe-bailando-con-las-estrellas-voy-ser-libre_1_12600600.html\" target=\"_blank\" data-mrf-recirculation=\"links-noticia\" class=\"link\" rel=\"nofollow noopener\"> declaraciones sobre su futuro<\/a>. Una primera gala que no s\u00f3lo determin\u00f3 los <strong>primeros nominados<\/strong> de la edici\u00f3n, sino tambi\u00e9n volvi\u00f3 a dar que hablar por las <strong>cr\u00edticas sobre los jueces<\/strong> e incomod\u00f3 con <strong>la encerrona a Nerea Rodr\u00edguez<\/strong> por un rumor de coraz\u00f3n que la ex de OT 2017 pudo esquivar.\n    <\/p>\n<p>    <a href=\"https:\/\/www.eldiario.es\/entrevistas\/barbara-rey-bailando-con-las-estrellas-telecinco-descarta-supervivientes-lamenta-no-masterchef-mas-quiere-ataca-mediaset_1_12595079.html\" data-mrf-recirculation=\"saber-mas\" data-dl-event=\"saber-mas\" rel=\"nofollow noopener\" target=\"_blank\"><\/p>\n<p class=\"know-more__title\">ENTREVISTA | B\u00e1rbara Rey &#8216;baila&#8217; en Telecinco, descarta &#8216;SV&#8217; y lamenta el &#8216;no&#8217; de &#8216;MasterChef&#8217;: \u201cSe me quiere m\u00e1s cuanto m\u00e1s se me ataca\u201d<\/p>\n<p>            <img decoding=\"async\" class=\"lazy\" loading=\"lazy\" data-src=\"https:\/\/static.eldiario.es\/clip\/a77ac425-bb7a-4c72-83fb-9272159dc80c_16-9-aspect-ratio_default_0.jpg\" src=\"data:image\/svg+xml,%3Csvg xmlns=\" http:=\"\" viewbox=\"0 0 880 495\" alt=\"B\u00e1rbara Rey 'baila' en Telecinco, descarta 'SV' y lamenta el 'no' de 'MasterChef': \u201cSe me quiere m\u00e1s cuanto m\u00e1s se me ataca\u201d\"\/><\/p>\n<p>                        <\/a><\/p>\n<p class=\"article-text\">\n        La gala, emitida en directo en el canal principal de Mediaset, sirvi\u00f3 para ver por primera vez en acci\u00f3n al elenco de famosos protagonistas: <strong>Aless Gibaja, Mat\u00edas Roure, Sara Escudero, Jorge Gonz\u00e1lez, Manu Tenorio, Iago Garc\u00eda, Nerea Rodr\u00edguez, Nona Sobo, Tania Medina, Blanca Romero, Pepe Navarro, B\u00e1rbara Rey y Anabel Pantoja<\/strong>.\n    <\/p>\n<p class=\"article-text\">\n        De todos ellos destacaron para bien algunos como Jorge, Nerea, Nona, Tania y B\u00e1rbara, que se llevaron los mayores elogios del grupo de jueces que lideran Blanca Li, Julia G\u00f3mez Cora y Gorka M\u00e1rquez, con las incorporaciones de <strong>Pelayo D\u00edaz e Inmaculada Casal<\/strong>. Sin embargo, <strong>Aless y Pepe Navarro<\/strong> terminaron la noche a la cola de la clasificaci\u00f3n como los nominados que<strong> se disputar\u00e1n la primera expulsi\u00f3n<\/strong> de la edici\u00f3n.\n    <\/p>\n<p>    Primera \u201cbronca\u201d al jurado por los puntos<\/p>\n<p class=\"article-text\">\n        Las intervenciones del jurado, que ya dieron que hablar en la pasada temporada, tambi\u00e9n fueron rotundas en el estreno de la segunda. En especial las de <strong>Julia G\u00f3mez Cora<\/strong>, cuyas palabras a<strong> Manu Tenorio<\/strong> derivaron en los <strong>primeros reproches<\/strong> de un concursante por los puntos.\n    <\/p>\n<p class=\"article-text\">\n        El baile del cantante salido de Operaci\u00f3n Triunfo no gust\u00f3 a los jueces, que lamentaron sus dificultades al afrontar un <strong>chachach\u00e1 <\/strong>junto a su maestra <strong>Mar\u00eda Monedero<\/strong>. Lo que m\u00e1s se\u00f1alaron fue que cantase durante la actuaci\u00f3n, algo que critic\u00f3 con contundencia G\u00f3mez Cora: \u201cMe puso muy nerviosa que estuvieras cantando y movi\u00e9ndote todo el rato<strong>. Te vi nervioso queriendo que terminase y la verdad que yo tambi\u00e9n quer\u00eda que terminaras<\/strong>\u201d, valor\u00f3.\n    <\/p>\n<p class=\"article-text\">\n        La negativa valoraci\u00f3n de la jueza se tradujo en l<strong>a putuaci\u00f3n que le dio a continuaci\u00f3n, un 2<\/strong>. De los dem\u00e1s miembros del jurado se llev\u00f3 tambi\u00e9n una marca baja, que en total sum\u00f3 18. Una cifra que no sent\u00f3 bien al artista, que en su intervenci\u00f3n desde el backstage con <strong>Valeria Mazza <\/strong>expres\u00f3 su malestar: \u201c<strong>No me parece que tenga sentido que le digas a un cantante que no cante. \u00bfQu\u00e9 quieren, que cacaree?<\/strong>\u201d, manifest\u00f3. \u201cEn una primera gala no se puede dar un 2 porque desmoralizas a la persona\u201d, apostill\u00f3 tambi\u00e9n enfadado \u00c1lvaro, maestro de Anabel Pantoja. Ella tambi\u00e9n se rebel\u00f3, defendiendo el esfuerzo de Tenorio.\n    <\/p>\n<blockquote class=\"twitter-tweet\" data-lang=\"es\"><p><a href=\"https:\/\/twitter.com\/X\/status\/1966990413883208089?ref_src=twsrc%5Etfw\" rel=\"nofollow noopener\" target=\"_blank\"><\/p><\/blockquote>\n<p class=\"article-text\">\n        En esas tom\u00f3 la palabra <strong>Blanca Romero<\/strong>, que se manifest\u00f3 sobre la dureza de los jueces con una evidente iron\u00eda. \u201cA m\u00ed ya me hab\u00e9is desmotivado, ven\u00eda a ser feliz y es superinjusto.<strong> No creo que pueda hacerlo mejor que eso, me quiero ir a mi casa <\/strong>y no quiero bailar m\u00e1s delante vuestro. Os va a pasar como con Rosal\u00eda, me voy a Broadway\u201d.\n    <\/p>\n<p>    La encerrona a Nerea por Miguel \u00c1ngel Silvestre<\/p>\n<p class=\"article-text\">\n        El otro momento m\u00e1s sonado de la noche tuvo como protagonista a <strong>Nerea Rodr\u00edguez<\/strong>, que en los \u00faltimos d\u00edas ha copado titulares en la prensa rosa por el rumor de una posible relaci\u00f3n con el actor <strong>Miguel \u00c1ngel Silvestre<\/strong>. Unas habladur\u00edas que puso sobre la mesa Jes\u00fas V\u00e1zquez, que <strong>puso en aprietos a la concursante<\/strong> con una encerrona en pleno directo.\n    <\/p>\n<p class=\"article-text\">\n        \u201c<strong>Est\u00e1 toda Espa\u00f1a pendiente de una noticia y t\u00fa est\u00e1s hoy aqu\u00ed. Te lo vamos a tener que preguntar<\/strong>, pero como esto es un programa de baile, conc\u00e9ntrate en ello, olv\u00eddate de todo y cuando acabes de bailar hablamos de Ibiza\u201d, le anticip\u00f3 el presentador antes de saltar a la pista.\n    <\/p>\n<p class=\"article-text\">\n        Una vez conocidas las valoraciones y puntuaciones del jurado a su trabajo, que fueron altamente positivas, Jes\u00fas V\u00e1zquez se lanz\u00f3 a interrogar a la ex de OT 2017 sobre la noticia de la semana en clave cr\u00f3nica social. \u201cTenemos que hablar de Ibiza\u201d, le dijo el conductor. \u201cA ver. <strong>A este programa he venido a bailar, a trabajar<\/strong> y, como dicen, a hablar de mi libro, a hablar de mi arte y de mi baile\u201d, respondi\u00f3 la cantante.\n    <\/p>\n<p>            <img decoding=\"async\" class=\"lazy\" loading=\"lazy\" data-src=\"https:\/\/static.eldiario.es\/clip\/88b33ff8-1e84-4e8c-bf3c-65bd82e54940_16-9-discover-aspect-ratio_default_0.jpg\" src=\"data:image\/svg+xml,%3Csvg xmlns=\" http:=\"\" viewbox=\"0 0 1200 675\" alt=\"Jes\u00fas V\u00e1zquez pregunta a Nerea por Miguel \u00c1ngel Silvestre\"\/><\/p>\n<p class=\"article-text\">\n        \u201cMe parece muy bien, pero t\u00fa sabes que en todos los programas <strong>desde hace unos d\u00edas s\u00f3lo se habla de Nerea y de Miguel \u00c1ngel Silvestre<\/strong>\u201d, apostill\u00f3 el conductor. \u201c\u00a1<strong>Qu\u00e9 suerte que se hable de m\u00ed<\/strong>, eso significa que soy importante!\u201d, reaccion\u00f3 ir\u00f3nica la concursante.\n    <\/p>\n<p>    <a href=\"https:\/\/www.eldiario.es\/vertele\/noticias\/jesus-vazquez-insinua-marchara-mediaset-cuando-acabe-bailando-con-las-estrellas-voy-ser-libre_1_12600600.html\" data-mrf-recirculation=\"saber-mas-abajo\" data-dl-event=\"saber-mas-abajo\" rel=\"nofollow noopener\" target=\"_blank\"><\/p>\n<p class=\"know-more__title\">Jes\u00fas V\u00e1zquez insin\u00faa que se marchar\u00e1 de Mediaset cuando acabe &#8216;Bailando con las estrellas&#8217;: \u201cVoy a ser libre\u201d\n<\/p>\n<p>            <img decoding=\"async\" class=\"lazy\" loading=\"lazy\" data-src=\"https:\/\/static.eldiario.es\/clip\/50068baf-4ca1-4d45-84ef-94a4e5e8e2c9_16-9-aspect-ratio_default_0.jpg\" src=\"data:image\/svg+xml,%3Csvg xmlns=\" http:=\"\" viewbox=\"0 0 880 495\" alt=\"Jes\u00fas V\u00e1zquez insin\u00faa que se marchar\u00e1 de Mediaset cuando acabe 'Bailando con las estrellas': &quot;Voy a ser libre&quot;\"\/><\/p>\n<p>                        <\/a><\/p>\n<p class=\"article-text\">\n        El presentador insisti\u00f3 que \u201c<strong>hasta en las otras cadenas de la competencia<\/strong> hoy estaban hablando de ti\u201d. \u201cA m\u00ed me encanta que hagan publicidad al programa porque as\u00ed la gente nos ver\u00e1 m\u00e1s\u201d, dijo Nerea, que sigui\u00f3 con su negativa a dar detalles sobre su vida personal. \u201c\u00bfYo qu\u00e9 te voy a decir? Que aqu\u00ed estoy encantada\u201d, zanj\u00f3. \u201c<strong>Yo te lo ten\u00eda que preguntar<\/strong>\u201d, se justific\u00f3 Jes\u00fas V\u00e1zquez antes de aparcar el asunto.\n    <\/p>\n<p>                                    <script async src=\"https:\/\/platform.twitter.com\/widgets.js\" charset=\"utf-8\"><\/script><\/p>\n","protected":false},"excerpt":{"rendered":"Telecinco estren\u00f3 este s\u00e1bado 13 de septiembre la segunda temporada de Bailando con las estrellas, con Jes\u00fas V\u00e1zquez&hellip;\n","protected":false},"author":2,"featured_media":114029,"comment_status":"","ping_status":"","sticky":false,"template":"","format":"standard","meta":{"footnotes":""},"categories":[171],"tags":[10903,15762,6621,13083,146,147,25,24,782,15761,17359,1509,145,23,692,214,4619],"class_list":{"0":"post-114028","1":"post","2":"type-post","3":"status-publish","4":"format-standard","5":"has-post-thumbnail","7":"category-tv","8":"tag-10903","9":"tag-bailando","10":"tag-criticas","11":"tag-encerrona","12":"tag-entertainment","13":"tag-entretenimiento","14":"tag-es","15":"tag-espana","16":"tag-estrellas","17":"tag-jurado","18":"tag-llego","19":"tag-nerea","20":"tag-rumor","21":"tag-spain","22":"tag-telecinco","23":"tag-tv","24":"tag-viral"},"share_on_mastodon":{"url":"","error":""},"_links":{"self":[{"href":"https:\/\/www.europesays.com\/es\/wp-json\/wp\/v2\/posts\/114028","targetHints":{"allow":["GET"]}}],"collection":[{"href":"https:\/\/www.europesays.com\/es\/wp-json\/wp\/v2\/posts"}],"about":[{"href":"https:\/\/www.europesays.com\/es\/wp-json\/wp\/v2\/types\/post"}],"author":[{"embeddable":true,"href":"https:\/\/www.europesays.com\/es\/wp-json\/wp\/v2\/users\/2"}],"replies":[{"embeddable":true,"href":"https:\/\/www.europesays.com\/es\/wp-json\/wp\/v2\/comments?post=114028"}],"version-history":[{"count":0,"href":"https:\/\/www.europesays.com\/es\/wp-json\/wp\/v2\/posts\/114028\/revisions"}],"wp:featuredmedia":[{"embeddable":true,"href":"https:\/\/www.europesays.com\/es\/wp-json\/wp\/v2\/media\/114029"}],"wp:attachment":[{"href":"https:\/\/www.europesays.com\/es\/wp-json\/wp\/v2\/media?parent=114028"}],"wp:term":[{"taxonomy":"category","embeddable":true,"href":"https:\/\/www.europesays.com\/es\/wp-json\/wp\/v2\/categories?post=114028"},{"taxonomy":"post_tag","embeddable":true,"href":"https:\/\/www.europesays.com\/es\/wp-json\/wp\/v2\/tags?post=114028"}],"curies":[{"name":"wp","href":"https:\/\/api.w.org\/{rel}","templated":true}]}}