{"id":114032,"date":"2025-09-14T08:56:10","date_gmt":"2025-09-14T08:56:10","guid":{"rendered":"https:\/\/www.europesays.com\/es\/114032\/"},"modified":"2025-09-14T08:56:10","modified_gmt":"2025-09-14T08:56:10","slug":"la-taquilla-espanola-logra-el-12-de-septiembre-el-mejor-viernes-del-ano-con-guardianes-de-la-noche-arrasando","status":"publish","type":"post","link":"https:\/\/www.europesays.com\/es\/114032\/","title":{"rendered":"La taquilla espa\u00f1ola logra el 12 de septiembre el mejor viernes del a\u00f1o con &#8216;Guardianes de la Noche&#8217; arrasando"},"content":{"rendered":"<p>La llegada de una pel\u00edcula de &#8216;<a href=\"https:\/\/www.ecartelera.com\/peliculas\/guardianes-de-la-noche\/\" rel=\"nofollow noopener\" target=\"_blank\">Guardianes de la noche<\/a>&#8216; es pr\u00e1cticamente \u00e9xito asegurado. Tanto &#8216;<a href=\"https:\/\/www.ecartelera.com\/peliculas\/guardianes-noche-tren-infinito\/\" rel=\"nofollow noopener\" target=\"_blank\">Guardianes de la Noche: Tren infinito<\/a>&#8216; en 2021 como &#8216;<a href=\"https:\/\/www.ecartelera.com\/peliculas\/guardianes-de-la-noche-kimetsu-no-yaiba-rumbo-entrenamiento-pilares\/\" rel=\"nofollow noopener\" target=\"_blank\">Guardianes de la noche: Kimetsu no Yaiba -Rumbo al Entrenamiento de los Pilares<\/a>&#8216; en 2024 se coronaron en el n\u00famero uno del ranking en su estreno en salas comerciales y ahora &#8216;<a href=\"https:\/\/www.ecartelera.com\/peliculas\/guardianes-noche-kimetsu-yaiba-fortaleza-infinita\/\" rel=\"nofollow noopener\" target=\"_blank\">Guardianes de la noche: Kimetsu no Yaiba &#8211; La fortaleza infinita<\/a>&#8216; repite la jugada, <b>pero es que adem\u00e1s ha conseguido que la taquilla espa\u00f1ola marque su mejor viernes del a\u00f1o<\/b>, acumulando ella sola casi el 60% de la recaudaci\u00f3n del d\u00eda.  <\/p>\n<p>Tr\u00e1iler en VOSE de &#8216;Guardianes de la noche: Kimetsu no Yaiba &#8211; La fortaleza infinita&#8217;<\/p>\n<p><video id=\"vid-35700\" class=\"video-js vjs-default-skin\" data-title=\"Tr\u00e1iler en VOSE de 'Guardianes de la noche: Kimetsu no Yaiba - La fortaleza infinita'\" poster=\"https:\/\/www.ecartelera.com\/images\/videos\/35700\/f35700.jpg\" controls=\"\" preload=\"auto\" width=\"640\" height=\"360\" playsinline=\"\" data-vtt=\"\/\/v1.ecartelera.com\/video\/35700\/35700_sprite.vtt\" data-stream=\"1\">El navegador no soporta el tag de v\u00eddeo.<\/video><\/p>\n<p>X<\/p>\n<p>Seg\u00fan datos de <a target=\"_blank\" href=\"https:\/\/x.com\/cSMoviesSpain\" rel=\"nofollow\">Comscore<\/a>, el viernes 12 de septiembre acudieron a nuestras salas 330.000 espectadores, mayor afluencia de un viernes en todo 2025, lo que supone, como apunta la cuenta <a target=\"_blank\" href=\"https:\/\/x.com\/BoxOfficeSpain\/status\/1966789091652956234\" rel=\"nofollow\">Box Office Espa\u00f1a<\/a>, <b>un estimado de de m\u00e1s de 2,4 millones de euros de recaudaci\u00f3n.<\/b> <\/p>\n<p>&#8216;Guardianes de la noche: Kimetsu no Yaiba &#8211; La fortaleza infinita&#8217; ocupa el primer puesto del top <b>con 1,4 millones de euros en un d\u00eda,<\/b> seguida de &#8216;<a href=\"https:\/\/www.ecartelera.com\/peliculas\/expediente-warren-4\/\" rel=\"nofollow noopener\" target=\"_blank\">Expediente Warren: El \u00faltimo rito<\/a>&#8216; en su segunda semana y &#8216;<a href=\"https:\/\/www.ecartelera.com\/peliculas\/el-cautivo\/\" rel=\"nofollow noopener\" target=\"_blank\">El cautivo<\/a>&#8216; en su estreno. Entre las tres concentran el 93% de los ingresos del d\u00eda. <\/p>\n<p>Tras convertirse en el <a href=\"https:\/\/www.ecartelera.com\/noticias\/expediente-warren-el-ultimo-rito-taquilla-espana-81792\/\" rel=\"nofollow noopener\" target=\"_blank\"><b>estreno m\u00e1s taquillero<\/b><\/a> de una pel\u00edcula de terror en Espa\u00f1a desde &#8216;<a href=\"https:\/\/www.ecartelera.com\/peliculas\/el-orfanato\/\" rel=\"nofollow noopener\" target=\"_blank\">El orfanato<\/a>&#8216;, &#8216;Expediente Warren: El \u00faltimo rito&#8217; sum\u00f3 el viernes otros 504.000 \u20ac. <\/p>\n<blockquote class=\"twitter-tweet\">\n<p lang=\"es\" dir=\"ltr\">Top 10 &#8211; 12 Septiembre <br \/>1-GUARDIANES DE LA NOCHE: KIMETSU NO YAIBA LA FORTALEZA INFINITA<br \/>2-EXPEDIENTE WARREN: EL ULTIMO RITO <br \/>3-EL CAUTIVO<br \/>4-ROMERIA<br \/>5-EDDINGTON<br \/>6-LOS TIPOS MALOS 2<br \/>7-SIN COBERTURA<br \/>8-MATERIALISTAS<br \/>9-WEAPONS<br \/>10-SIGUE MI VOZ<a href=\"https:\/\/twitter.com\/hashtag\/Top10Movies?src=hash&amp;ref_src=twsrc%5Etfw\" rel=\"nofollow noopener\" target=\"_blank\">#Top10Movies<\/a><a href=\"https:\/\/twitter.com\/hashtag\/YoVoyAlCine?src=hash&amp;ref_src=twsrc%5Etfw\" rel=\"nofollow noopener\" target=\"_blank\">#YoVoyAlCine<\/a><\/p>\n<p>\u2014 ComscoreMoviesSpain (@cSMoviesSpain) <a href=\"https:\/\/twitter.com\/cSMoviesSpain\/status\/1966684293758865900?ref_src=twsrc%5Etfw\" rel=\"nofollow noopener\" target=\"_blank\">September 13, 2025<\/a><\/p><\/blockquote>\n<p>Lo nuevo de <a href=\"https:\/\/www.ecartelera.com\/personas\/alejandro-amenabar\/\" rel=\"nofollow noopener\" target=\"_blank\">Alejandro Amen\u00e1bar<\/a>, a pesar de la <a href=\"https:\/\/www.ecartelera.com\/noticias\/el-cautivo-bombardeo-resena-negativas-81821\/\" rel=\"nofollow noopener\" target=\"_blank\">oleada de cr\u00edticas<\/a> que est\u00e1 sufriendo, <b>llev\u00f3 a las salas a 40.000 espectadores,<\/b> con un <a target=\"_blank\" href=\"https:\/\/x.com\/PauBox\/status\/1966801541651693877\" rel=\"nofollow\">estimado de 290.000\u20ac<\/a>. El top 5 lo completan &#8216;<a href=\"https:\/\/www.ecartelera.com\/peliculas\/romeria\/\" rel=\"nofollow noopener\" target=\"_blank\">Romer\u00eda<\/a>&#8216; de <a href=\"https:\/\/www.ecartelera.com\/personas\/carla-simon\/\" rel=\"nofollow noopener\" target=\"_blank\">Carla Sim\u00f3n<\/a> y &#8216;<a href=\"https:\/\/www.ecartelera.com\/peliculas\/eddington\/\" rel=\"nofollow noopener\" target=\"_blank\">Eddington<\/a>&#8216;, lo nuevo de <a href=\"https:\/\/www.ecartelera.com\/personas\/ari-aster\/\" rel=\"nofollow noopener\" target=\"_blank\">Ari Aster<\/a> en su estreno. <\/p>\n<p>\t\t\t\t\t\t\t<img decoding=\"async\" loading=\"lazy\" src=\"https:\/\/www.europesays.com\/es\/wp-content\/uploads\/2025\/09\/242916_romer-a.jpg\" alt=\"'Romer\u00eda'\" width=\"1200\" height=\"805\"\/>\t<\/p>\n<p>\t\t\t\t\t\t&#8216;Romer\u00eda&#8217; (El\u00e1stica Films)<br \/>\n\t\t\t\t\t\tLa saga<\/p>\n<p>&#8216;Guardianes de la noche&#8217; comenz\u00f3 en 2016 como una serie de manga escrita e ilustrada por Koyoharu Got\u014dge y salt\u00f3 a la televisi\u00f3n con un anime en 2019 con una temporada de 28 episodios. En 2020 se estren\u00f3 la primera pel\u00edcula, &#8216;Tren infinito&#8217;, y ahora es una trilog\u00eda, mientras que la serie cuenta ya con 4 temporadas con la historia continuando en &#8216;<a href=\"https:\/\/www.ecartelera.com\/peliculas\/guardianes-noche-kimetsu-yaiba-fortaleza-infinita\/\" rel=\"nofollow noopener\" target=\"_blank\">La fortaleza infinita<\/a>&#8216;. Tiene tambi\u00e9n 23 vol\u00famenes publicados. <\/p>\n<p>&#8216;Kimetsu no Yaiba&#8217; (su t\u00edtulo original) nos traslada a la Era Taisho en Jap\u00f3n y se centra en un joven inteligente y de buen coraz\u00f3n que vive con su familia en las monta\u00f1as. <\/p>\n<p>\t\t\t\t\t\t\t<img decoding=\"async\" loading=\"lazy\" src=\"https:\/\/www.europesays.com\/es\/wp-content\/uploads\/2025\/09\/243019_guardianes-de-la-noche-kimetsu-no-yaiba-la-fortaleza-infinita.jpg\" alt=\"'Guardianes de la Noche: Kitmesu no Yaiba La Fortaleza Infinita'\" width=\"1200\" height=\"718\"\/>\t<\/p>\n<p>\t\t\t\t\t\t&#8216;Guardianes de la Noche: Kitmesu no Yaiba La Fortaleza Infinita&#8217; (Sony)<\/p>\n<p>Cuando toda su familia es asesinada por un poderoso demonio llamado Muzan Kibutsuji, siendo su hermana peque\u00f1a la \u00fanica sobreviviente, aunque pose\u00edda, <b>Tanjir\u014d Kamado se une a una organizaci\u00f3n dedicada a cazar demonios <\/b>y se entrena para una inminente batalla entre humanos y estos seres. En Espa\u00f1a distribuye Sony Pictures y ya est\u00e1 en cines.<\/p>\n<p><script async src=\"https:\/\/platform.twitter.com\/widgets.js\" charset=\"utf-8\"><\/script><\/p>\n","protected":false},"excerpt":{"rendered":"La llegada de una pel\u00edcula de &#8216;Guardianes de la noche&#8216; es pr\u00e1cticamente \u00e9xito asegurado. Tanto &#8216;Guardianes de la&hellip;\n","protected":false},"author":2,"featured_media":114033,"comment_status":"","ping_status":"","sticky":false,"template":"","format":"standard","meta":{"footnotes":""},"categories":[169],"tags":[1014,1015,1013,177,1011,146,147,25,24,782,176,1019,1016,175,753,1012,23,1017,1018],"class_list":{"0":"post-114032","1":"post","2":"type-post","3":"status-publish","4":"format-standard","5":"has-post-thumbnail","7":"category-cine","8":"tag-actores","9":"tag-actrices","10":"tag-cartelera","11":"tag-cine","12":"tag-ecartelera","13":"tag-entertainment","14":"tag-entretenimiento","15":"tag-es","16":"tag-espana","17":"tag-estrellas","18":"tag-film","19":"tag-fotogramas","20":"tag-fotos","21":"tag-movies","22":"tag-peliculas","23":"tag-pelis","24":"tag-spain","25":"tag-trailers","26":"tag-videos"},"share_on_mastodon":{"url":"","error":""},"_links":{"self":[{"href":"https:\/\/www.europesays.com\/es\/wp-json\/wp\/v2\/posts\/114032","targetHints":{"allow":["GET"]}}],"collection":[{"href":"https:\/\/www.europesays.com\/es\/wp-json\/wp\/v2\/posts"}],"about":[{"href":"https:\/\/www.europesays.com\/es\/wp-json\/wp\/v2\/types\/post"}],"author":[{"embeddable":true,"href":"https:\/\/www.europesays.com\/es\/wp-json\/wp\/v2\/users\/2"}],"replies":[{"embeddable":true,"href":"https:\/\/www.europesays.com\/es\/wp-json\/wp\/v2\/comments?post=114032"}],"version-history":[{"count":0,"href":"https:\/\/www.europesays.com\/es\/wp-json\/wp\/v2\/posts\/114032\/revisions"}],"wp:featuredmedia":[{"embeddable":true,"href":"https:\/\/www.europesays.com\/es\/wp-json\/wp\/v2\/media\/114033"}],"wp:attachment":[{"href":"https:\/\/www.europesays.com\/es\/wp-json\/wp\/v2\/media?parent=114032"}],"wp:term":[{"taxonomy":"category","embeddable":true,"href":"https:\/\/www.europesays.com\/es\/wp-json\/wp\/v2\/categories?post=114032"},{"taxonomy":"post_tag","embeddable":true,"href":"https:\/\/www.europesays.com\/es\/wp-json\/wp\/v2\/tags?post=114032"}],"curies":[{"name":"wp","href":"https:\/\/api.w.org\/{rel}","templated":true}]}}