{"id":114038,"date":"2025-09-14T08:59:10","date_gmt":"2025-09-14T08:59:10","guid":{"rendered":"https:\/\/www.europesays.com\/es\/114038\/"},"modified":"2025-09-14T08:59:10","modified_gmt":"2025-09-14T08:59:10","slug":"kiko-rivera-da-un-paso-adelante-en-su-nueva-vida-de-soltero","status":"publish","type":"post","link":"https:\/\/www.europesays.com\/es\/114038\/","title":{"rendered":"Kiko Rivera da un paso adelante en su nueva vida de soltero"},"content":{"rendered":"<p><img decoding=\"async\" class=\"voc-author__img\" src=\"https:\/\/www.europesays.com\/es\/wp-content\/uploads\/2025\/08\/1755001989_832_autor-7150-foto-1.jpeg\" alt=\"Marina Ortiz Cort\u00e9s\"\/><\/p>\n<p>14\/09\/2025<br \/>\n<br \/><strong><br \/>\nActualizado a las 09:57h.<br \/>\n<\/strong><\/p>\n<p class=\"voc-p\" style=\"\"><strong>Kiko Rivera<\/strong> ha dado comienzo a su nueva vida como soltero por todo lo alto. Despu\u00e9s de conocerse su<a href=\"https:\/\/www.abc.es\/gente\/sabe-separacion-kiko-rivera-irene-rosales-dejo-20250828095829-nt.html\" target=\"_self\" data-voc-vtm-id=\"in-text-traffic\" title=\" separaci\u00f3n de Irene Rosales\" data-mrf-link=\"www.abc.es\" rel=\"nofollow noopener\"> separaci\u00f3n de Irene Rosales<\/a>, el DJ hab\u00eda dejado claro que su prioridad era el bienestar de sus hijas, as\u00ed como mantener el equilibrio que hab\u00eda alcanzado con respecto a la salud. Para ello, el hijo de Isabel Pantoja ha tomado la decisi\u00f3n de <strong>invertir en una nueva propiedad<\/strong> con la que mantenerse cerca de su familia. <\/p>\n<p class=\"voc-p\" style=\"\">As\u00ed lo ha asegurado Sa\u00fal Ortiz en &#8216;Fiesta&#8217;, que ha explicado que este mismo s\u00e1bado Kiko se ha comprado <strong>una casa en Mairena del Aljarafe por \u00abunos 500.000 euros<\/strong>, medio mill\u00f3n de valor, con una parcela y una piscina\u00bb, ha compartido el periodista. \u00abHa cumplido un sue\u00f1o porque \u00e9l lleva mucho tiempo queriendo ser propietario. Me traslada una persona cercana que hace mucho tiempo que quer\u00eda comprarse una casa y da la casualidad que ha sido <a href=\"https:\/\/www.abc.es\/gente\/kiko-rivera-irene-rosales-anuncian-separacion-tras-20250827101548-nt.html\" target=\"_self\" data-voc-vtm-id=\"in-text-traffic\" title=\"en la separaci\u00f3n\" data-mrf-link=\"www.abc.es\" rel=\"nofollow noopener\">en la separaci\u00f3n<\/a>, pero no era esa la intenci\u00f3n\u00bb, ha a\u00f1adido.<\/p>\n<p class=\"voc-p\" style=\"\">La localidad en la que se ha comprado una casa Kiko est\u00e1 en Sevilla, <strong>a solo seis kil\u00f3metros y unos 14 minutos en coche<\/strong> desde la casa familiar en la que sigue viviendo <a href=\"https:\/\/www.abc.es\/gente\/kiko-rivera-irene-rosales-matrimonio-marcado-amor-20250906010957-nt.html\" target=\"_self\" data-voc-vtm-id=\"in-text-traffic\" title=\"Irene Rosales con sus hijas\" data-mrf-link=\"www.abc.es\" rel=\"nofollow noopener\">Irene Rosales con sus hijas<\/a>. De esta manera, el DJ podr\u00eda comenzar su vida de soltero, incluso aunque seg\u00fan el mismo programa tiene la intenci\u00f3n de recuperar a la que ha sido su pareja desde hace m\u00e1s de una d\u00e9cada. \u00abLa informaci\u00f3n que tiene este programa viene a confirmar que la separaci\u00f3n es un hecho, que est\u00e1 consumado, que no tiene visos de cambiar a pesar de que <strong>Kiko pudiera tener intenci\u00f3n de volver con Irene<\/strong> y as\u00ed se lo ha hecho saber\u00bb, han asegurado en &#8216;Fiesta&#8217;.<\/p>\n<p class=\"voc-p\" style=\"\">Mientras tanto, <a href=\"https:\/\/www.abc.es\/play\/television\/noticias\/inquietud-tras-visto-concierto-camilo-kiko-rivera-20250910103426-nt.html\" target=\"_self\" data-voc-vtm-id=\"in-text-traffic\" title=\"Kiko contin\u00faa con su gira\" data-mrf-link=\"www.abc.es\" rel=\"nofollow noopener\">Kiko contin\u00faa con su gira<\/a>, que este fin de semana le llev\u00f3 a Lugo para una actuaci\u00f3n. <\/p>\n<p>\nNuevo Kiko\n<\/p>\n<p class=\"voc-p\" style=\"\">La supuesta compra de esta propiedad ha venido acompa\u00f1ada de una publicaci\u00f3n en redes sociales que ha preocupado a sus seguidores. \u00ab<strong>Es hora de matar todos esos fantasmas que tengo<\/strong>\u00bb, escrib\u00eda este s\u00e1bado en un &#8216;story&#8217; que acompa\u00f1aba de un remix de la canci\u00f3n de Leona Lewis &#8216;Bleeding Love&#8217;. Despu\u00e9s de que sus fans expresaran su preocupaci\u00f3n por una posible vuelta a los malos h\u00e1bitos tras su ruptura, \u00e9l dej\u00f3 claro que no ser\u00eda as\u00ed: \u00abS\u00e9 que muchos a\u00fan dudan de m\u00ed y creen que volver\u00e9 a ser el Kiko de hace diez a\u00f1os, pero os aseguro que esa etapa qued\u00f3 atr\u00e1s. <strong>Ese Kiko ya no existe<\/strong>. No tengo que demostrarle nada a nadie\u00bb.<\/p>\n<p class=\"voc-p\" style=\"\">Pero tambi\u00e9n admit\u00eda en uno de sus v\u00eddeos que sent\u00eda cierta ansiedad al estar solo en casa por primera vez ante tanto tiempo. \u00ab<strong>Necesito empezar a entretenerme<\/strong> en estos momentos de soledad. Hay un silencio aqu\u00ed que hay que acostumbrarse\u2026 Se me cae la casa encima, la verdad\u00bb, compart\u00eda.<\/p>\n<p class=\"voc-p\" style=\"\">El DJ borraba a principios de septiembre todas las publicaciones de su Instagram con excepci\u00f3n de las dos \u00faltimas, dando as\u00ed comienzo a una nueva etapa en la que se desentiende del pasado. \u00abLo hice porque <strong>los buenos recuerdos ya est\u00e1n dentro de m\u00ed<\/strong> y siento que es hora de empezar de cero\u00bb, explicaba despu\u00e9s ante las preguntas. <\/p>\n<p>Reportar un error<\/p>\n","protected":false},"excerpt":{"rendered":"14\/09\/2025 Actualizado a las 09:57h. Kiko Rivera ha dado comienzo a su nueva vida como soltero por todo&hellip;\n","protected":false},"author":2,"featured_media":114039,"comment_status":"","ping_status":"","sticky":false,"template":"","format":"standard","meta":{"footnotes":""},"categories":[91],"tags":[385,6364,146,147,25,24,3523,697,7818,10787,12704,23,575],"class_list":{"0":"post-114038","1":"post","2":"type-post","3":"status-publish","4":"format-standard","5":"has-post-thumbnail","7":"category-entretenimiento","8":"tag-casa","9":"tag-compra","10":"tag-entertainment","11":"tag-entretenimiento","12":"tag-es","13":"tag-espana","14":"tag-kiko","15":"tag-medio","16":"tag-millon","17":"tag-rivera","18":"tag-separacion","19":"tag-spain","20":"tag-tras"},"share_on_mastodon":{"url":"","error":""},"_links":{"self":[{"href":"https:\/\/www.europesays.com\/es\/wp-json\/wp\/v2\/posts\/114038","targetHints":{"allow":["GET"]}}],"collection":[{"href":"https:\/\/www.europesays.com\/es\/wp-json\/wp\/v2\/posts"}],"about":[{"href":"https:\/\/www.europesays.com\/es\/wp-json\/wp\/v2\/types\/post"}],"author":[{"embeddable":true,"href":"https:\/\/www.europesays.com\/es\/wp-json\/wp\/v2\/users\/2"}],"replies":[{"embeddable":true,"href":"https:\/\/www.europesays.com\/es\/wp-json\/wp\/v2\/comments?post=114038"}],"version-history":[{"count":0,"href":"https:\/\/www.europesays.com\/es\/wp-json\/wp\/v2\/posts\/114038\/revisions"}],"wp:featuredmedia":[{"embeddable":true,"href":"https:\/\/www.europesays.com\/es\/wp-json\/wp\/v2\/media\/114039"}],"wp:attachment":[{"href":"https:\/\/www.europesays.com\/es\/wp-json\/wp\/v2\/media?parent=114038"}],"wp:term":[{"taxonomy":"category","embeddable":true,"href":"https:\/\/www.europesays.com\/es\/wp-json\/wp\/v2\/categories?post=114038"},{"taxonomy":"post_tag","embeddable":true,"href":"https:\/\/www.europesays.com\/es\/wp-json\/wp\/v2\/tags?post=114038"}],"curies":[{"name":"wp","href":"https:\/\/api.w.org\/{rel}","templated":true}]}}