{"id":114044,"date":"2025-09-14T09:03:10","date_gmt":"2025-09-14T09:03:10","guid":{"rendered":"https:\/\/www.europesays.com\/es\/114044\/"},"modified":"2025-09-14T09:03:10","modified_gmt":"2025-09-14T09:03:10","slug":"hallan-a-1-persona-muerta-entre-los-escombros-tras-la-explosion-de-vallecas-que-ha-dejado-25-heridos","status":"publish","type":"post","link":"https:\/\/www.europesays.com\/es\/114044\/","title":{"rendered":"Hallan a 1 persona muerta entre los escombros tras la explosi\u00f3n de Vallecas que ha dejado 25 heridos"},"content":{"rendered":"<p>          <img decoding=\"async\" class=\"c-ad__placeholder__logo\" src=\"https:\/\/static.euronews.com\/website\/images\/logos\/logo-euronews-stacked-outlined-72x72-grey-9.svg\" width=\"72\" height=\"72\" alt=\"\" loading=\"lazy\"\/><br \/>\n          PUBLICIDAD<\/p>\n<p>La <a href=\"https:\/\/es.euronews.com\/2025\/09\/13\/una-explosion-en-un-bar-de-madrid-deja-mas-de-una-docena-de-heridos-uno-de-ellos-grave\" rel=\"nofollow noopener\" target=\"_blank\">explosi\u00f3n registrada este s\u00e1bado en un bar<\/a> del distrito de Puente de Vallecas (Madrid) ha dejado un tr\u00e1gico balance: <strong>un hombre de 52 a\u00f1os ha perdido la vida<\/strong> y al menos 25 personas han resultado heridas, tres de ellas de gravedad.<\/p>\n<p>La v\u00edctima mortal fue localizada de madrugada por los Bomberos en el s\u00f3tano del establecimiento, bajo m\u00e1s de un metro de escombros. La b\u00fasqueda se reactiv\u00f3 horas despu\u00e9s del suceso gracias al aviso de <strong>la familia, que alert\u00f3 de que no hab\u00edan conseguido contactar con \u00e9l<\/strong>. En las tareas participaron tambi\u00e9n perros especializados de la Polic\u00eda Nacional. Los heridos, entre los que hay dos en estado potencialmente grave, fueron trasladados a distintos hospitales de la capital, entre ellos La Paz y el 12 de Octubre.<\/p>\n<p>Las primeras investigaciones apuntan que la deflagraci\u00f3n se habr\u00eda debido a una <strong>acumulaci\u00f3n de gases<\/strong>. El estallido provoc\u00f3 da\u00f1os en el portal del inmueble y en varias zonas estructurales. Seg\u00fan el jefe de Bomberos del Ayuntamiento, Carlos Mar\u00edn, el edificio -construido en hormig\u00f3n y acero- presenta un deterioro severo en un \u00e1rea de entre 50 y 60 metros cuadrados. Los t\u00e9cnicos deber\u00e1n determinar ahora si procede su demolici\u00f3n.<\/p>\n<p>Mientras tanto, <strong>los vecinos de las nueve viviendas situadas sobre el local han sido realojados de forma temporal<\/strong>. La vicealcaldesa de<a href=\"https:\/\/es.euronews.com\/tag\/madrid\" rel=\"nofollow noopener\" target=\"_blank\"> Madrid<\/a>, Inma Sanz, explic\u00f3 que permanecer\u00e1n fuera de sus casas \u00abal menos durante algunos d\u00edas\u00bb, debido a los graves da\u00f1os detectados en el forjado entre la planta baja y la primera.<\/p>\n<p>\u00abEs dif\u00edcil dar cifras definitivas en estos momentos tan complicados\u00bb, se\u00f1al\u00f3 Sanz, que insisti\u00f3 en que <strong>el balance de v\u00edctimas y da\u00f1os podr\u00eda variar<\/strong> conforme avance la investigaci\u00f3n.<\/p>\n","protected":false},"excerpt":{"rendered":"PUBLICIDAD La explosi\u00f3n registrada este s\u00e1bado en un bar del distrito de Puente de Vallecas (Madrid) ha dejado&hellip;\n","protected":false},"author":2,"featured_media":114045,"comment_status":"","ping_status":"","sticky":false,"template":"","format":"standard","meta":{"footnotes":""},"categories":[8],"tags":[38530,4343,17,18,25,24,46,13,14,11,19,20,9,10,15,16,23,12,21,22],"class_list":{"0":"post-114044","1":"post","2":"type-post","3":"status-publish","4":"format-standard","5":"has-post-thumbnail","7":"category-espana","8":"tag-accidente-gas","9":"tag-bomberos","10":"tag-breaking-news","11":"tag-breakingnews","12":"tag-es","13":"tag-espana","14":"tag-explosion","15":"tag-featured-news","16":"tag-featurednews","17":"tag-headlines","18":"tag-latest-news","19":"tag-latestnews","20":"tag-news","21":"tag-noticias","22":"tag-noticias-destacadas","23":"tag-noticiasdestacadas","24":"tag-spain","25":"tag-titulares","26":"tag-ultimas-noticias","27":"tag-ultimasnoticias"},"share_on_mastodon":{"url":"","error":""},"_links":{"self":[{"href":"https:\/\/www.europesays.com\/es\/wp-json\/wp\/v2\/posts\/114044","targetHints":{"allow":["GET"]}}],"collection":[{"href":"https:\/\/www.europesays.com\/es\/wp-json\/wp\/v2\/posts"}],"about":[{"href":"https:\/\/www.europesays.com\/es\/wp-json\/wp\/v2\/types\/post"}],"author":[{"embeddable":true,"href":"https:\/\/www.europesays.com\/es\/wp-json\/wp\/v2\/users\/2"}],"replies":[{"embeddable":true,"href":"https:\/\/www.europesays.com\/es\/wp-json\/wp\/v2\/comments?post=114044"}],"version-history":[{"count":0,"href":"https:\/\/www.europesays.com\/es\/wp-json\/wp\/v2\/posts\/114044\/revisions"}],"wp:featuredmedia":[{"embeddable":true,"href":"https:\/\/www.europesays.com\/es\/wp-json\/wp\/v2\/media\/114045"}],"wp:attachment":[{"href":"https:\/\/www.europesays.com\/es\/wp-json\/wp\/v2\/media?parent=114044"}],"wp:term":[{"taxonomy":"category","embeddable":true,"href":"https:\/\/www.europesays.com\/es\/wp-json\/wp\/v2\/categories?post=114044"},{"taxonomy":"post_tag","embeddable":true,"href":"https:\/\/www.europesays.com\/es\/wp-json\/wp\/v2\/tags?post=114044"}],"curies":[{"name":"wp","href":"https:\/\/api.w.org\/{rel}","templated":true}]}}