{"id":114050,"date":"2025-09-14T09:06:08","date_gmt":"2025-09-14T09:06:08","guid":{"rendered":"https:\/\/www.europesays.com\/es\/114050\/"},"modified":"2025-09-14T09:06:08","modified_gmt":"2025-09-14T09:06:08","slug":"victor-janeiro-consigue-juntar-a-toda-la-familia-en-su-corrida-de-toros-en-ubrique","status":"publish","type":"post","link":"https:\/\/www.europesays.com\/es\/114050\/","title":{"rendered":"V\u00edctor Janeiro consigue juntar a toda la familia en su corrida de toros en Ubrique"},"content":{"rendered":"<p><img alt=\"\" class=\"global-image\" decoding=\"async\" fetchpriority=\"high\" height=\"1440\" loading=\"eager\" src=\"https:\/\/www.europesays.com\/es\/wp-content\/uploads\/2025\/09\/P62ZMSGBS5FOXKBJ4FTILNX36I.jpg\" width=\"1920\"\/><\/p>\n<p class=\"paragraph\">V\u00edctor Janeiro tore\u00f3 este fin de semana en Ubrique y hasta all\u00ed se desplaz\u00f3 toda la familia demostr\u00e1ndole todo su apoyo en la plaza de toros. Una imagen que hac\u00eda tiempo que no ve\u00edamos: la familia Janeiro unida por una buena causa.<\/p>\n<p class=\"paragraph\">Como no pod\u00eda ser de otra manera, su madre, Carmen Baz\u00e1n, acud\u00eda con una sonrisa en su rostro y aseguraba que la familia se encuentra \u00abbien\u00bb. Por su parte, su hijo Humberto Janeiro Jr. dejaba claro que todos est\u00e1n igual de unidos que siempre: \u00abComo siempre, la familia lo primero, todos en familia, un d\u00eda importante\u00bb.<\/p>\n<p class=\"paragraph\">En cuanto al protagonista de la tarde, V\u00edctor Janeiro, se dejaba ver serio y concentrado ante las c\u00e1maras, y aseguraba encontrarse \u00abmuy bien\u00bb. Tambi\u00e9n estuvo a su lado su hermano Jesul\u00edn, que no dud\u00f3 en acompa\u00f1arle en su tarde m\u00e1s especial.<\/p>\n","protected":false},"excerpt":{"rendered":"V\u00edctor Janeiro tore\u00f3 este fin de semana en Ubrique y hasta all\u00ed se desplaz\u00f3 toda la familia demostr\u00e1ndole&hellip;\n","protected":false},"author":2,"featured_media":114051,"comment_status":"","ping_status":"","sticky":false,"template":"","format":"standard","meta":{"footnotes":""},"categories":[277],"tags":[373,168,25,24,23,167,374],"class_list":{"0":"post-114050","1":"post","2":"type-post","3":"status-publish","4":"format-standard","5":"has-post-thumbnail","7":"category-toreo","8":"tag-bullfighting","9":"tag-deportes","10":"tag-es","11":"tag-espana","12":"tag-spain","13":"tag-sports","14":"tag-toreo"},"share_on_mastodon":{"url":"","error":""},"_links":{"self":[{"href":"https:\/\/www.europesays.com\/es\/wp-json\/wp\/v2\/posts\/114050","targetHints":{"allow":["GET"]}}],"collection":[{"href":"https:\/\/www.europesays.com\/es\/wp-json\/wp\/v2\/posts"}],"about":[{"href":"https:\/\/www.europesays.com\/es\/wp-json\/wp\/v2\/types\/post"}],"author":[{"embeddable":true,"href":"https:\/\/www.europesays.com\/es\/wp-json\/wp\/v2\/users\/2"}],"replies":[{"embeddable":true,"href":"https:\/\/www.europesays.com\/es\/wp-json\/wp\/v2\/comments?post=114050"}],"version-history":[{"count":0,"href":"https:\/\/www.europesays.com\/es\/wp-json\/wp\/v2\/posts\/114050\/revisions"}],"wp:featuredmedia":[{"embeddable":true,"href":"https:\/\/www.europesays.com\/es\/wp-json\/wp\/v2\/media\/114051"}],"wp:attachment":[{"href":"https:\/\/www.europesays.com\/es\/wp-json\/wp\/v2\/media?parent=114050"}],"wp:term":[{"taxonomy":"category","embeddable":true,"href":"https:\/\/www.europesays.com\/es\/wp-json\/wp\/v2\/categories?post=114050"},{"taxonomy":"post_tag","embeddable":true,"href":"https:\/\/www.europesays.com\/es\/wp-json\/wp\/v2\/tags?post=114050"}],"curies":[{"name":"wp","href":"https:\/\/api.w.org\/{rel}","templated":true}]}}