{"id":114054,"date":"2025-09-14T09:09:12","date_gmt":"2025-09-14T09:09:12","guid":{"rendered":"https:\/\/www.europesays.com\/es\/114054\/"},"modified":"2025-09-14T09:09:12","modified_gmt":"2025-09-14T09:09:12","slug":"alex-de-minaur-reemplaza-a-tiafoe-en-la-laver-cup-atp-tour","status":"publish","type":"post","link":"https:\/\/www.europesays.com\/es\/114054\/","title":{"rendered":"Alex De Mi\u00f1aur reemplaza a Tiafoe en la Laver Cup | ATP Tour"},"content":{"rendered":"<p>        ATP Tour<br \/>\n    De Mi\u00f1aur reemplaza a Tiafoe en la Laver Cup<\/p>\n<p>El australiano representar\u00e1 al Team World en San Francisco<\/p>\n<p>September 12, 2025<\/p>\n<p>            <img decoding=\"async\" src=\"https:\/\/www.europesays.com\/es\/wp-content\/uploads\/2025\/09\/de-minuar-2025-laver-cup-tiafoe-replacement.jpg\" alt=\"\"\/><\/p>\n<p>Julian Finney\/Getty Images for Laver Cup<\/p>\n<p>        By Redacci\u00f3n ATP <\/p>\n<p>Alex de Mi\u00f1aur se ha unido al Team World para la <a href=\"https:\/\/www.atptour.com\/es\/tournaments\/laver-cup\/9210\/overview\" rel=\"nofollow noopener\" target=\"_blank\">Laver Cup<\/a> de este a\u00f1o, reemplazando al estadounidense <a href=\"https:\/\/www.atptour.com\/es\/players\/frances-tiafoe\/td51\/overview\" rel=\"nofollow noopener\" target=\"_blank\">Frances Tiafoe<\/a>. La <a href=\"https:\/\/www.atptour.com\/es\/tournaments\/laver-cup\/9210\/overview\" rel=\"nofollow noopener\" target=\"_blank\">Laver Cup<\/a> se celebrar\u00e1 del 19 al 21 de septiembre en el Chase Center de San Francisco.<\/p>\n<p>De Mi\u00f1aur debut\u00f3 con el Team World en la <a href=\"https:\/\/www.atptour.com\/es\/tournaments\/laver-cup\/9210\/overview\" rel=\"nofollow noopener\" target=\"_blank\">Laver Cup<\/a> de 2022. El Team Wolrd gan\u00f3 su primer t\u00edtulo ese a\u00f1o en Londres, seguido de otra victoria en Vancouver en 2023. Este a\u00f1o, el Team World estar\u00e1 liderado por <a href=\"https:\/\/www.atptour.com\/es\/players\/andre-agassi\/a092\/overview\" rel=\"nofollow noopener\" target=\"_blank\">Andre Agassi<\/a>, quien reemplaza a <a href=\"https:\/\/www.atptour.com\/es\/players\/john-mcenroe\/m047\/overview\" rel=\"nofollow noopener\" target=\"_blank\">John McEnroe<\/a> como nuevo capit\u00e1n.<\/p>\n<p>\u00abEs un honor unirme al capit\u00e1n Agassi y al Team World en San Francisco la pr\u00f3xima semana\u00bb, dijo De Mi\u00f1aur, quien ostenta un r\u00e9cord de 1-0 en la competici\u00f3n. \u00abMi primera <a href=\"https:\/\/www.atptour.com\/es\/tournaments\/laver-cup\/9210\/overview\" rel=\"nofollow noopener\" target=\"_blank\">Laver Cup<\/a> en 2022 en Londres fue una experiencia incre\u00edble y estar\u00e9 listo para darlo todo para ayudar al equipo a alzar la <a href=\"https:\/\/www.atptour.com\/es\/tournaments\/laver-cup\/9210\/overview\" rel=\"nofollow noopener\" target=\"_blank\">Laver Cup<\/a> en el Chase Center\u00bb.\u201d<\/p>\n<p><a rel=\"noopener noreferrer nofollow\" href=\"https:\/\/www.atptour.com\/en\/news\/it-all-adds-up-hub\" target=\"_blank\"><img decoding=\"async\" alt=\"It All Adds Up\" style=\"width:100%;\" src=\"https:\/\/www.europesays.com\/es\/wp-content\/uploads\/2025\/09\/1757840952_867_it-all-adds-up-banner.jpg\"\/><\/a><\/p>\n<p>El Team World ahora contar\u00e1 con tres estadounidenses: <a href=\"https:\/\/www.atptour.com\/es\/players\/taylor-fritz\/fb98\/overview\" rel=\"nofollow noopener\" target=\"_blank\">Taylor Fritz<\/a>, <a href=\"https:\/\/www.atptour.com\/es\/players\/ben-shelton\/s0s1\/overview\" rel=\"nofollow noopener\" target=\"_blank\">Ben Shelton<\/a> y <a href=\"https:\/\/www.atptour.com\/es\/players\/tommy-paul\/pl56\/overview\" rel=\"nofollow noopener\" target=\"_blank\">Tommy Paul<\/a>, junto con el australiano De Mi\u00f1aur, el brasile\u00f1o #NextGenATP <a href=\"https:\/\/www.atptour.com\/es\/players\/joao-fonseca\/f0fv\/overview\" rel=\"nofollow noopener\" target=\"_blank\">Joao Fonseca<\/a> y el argentino Francisco Cer\u00fandolo.<\/p>\n<p>\u201cEcharemos de menos la energ\u00eda y el juego de Frances en San Francisco\u201d, declar\u00f3 Agassi. \u201cSin embargo, estamos encantados de incorporar a nuestro equipo a uno de los mejores y m\u00e1s en forma jugadores del mundo. He admirado la forma en que Alex juega y compite desde hace mucho y ahora espero tener un asiento en primera fila para verlo jugar\u201d.<\/p>\n<p>De Mi\u00f1aur, No. 8 del PIF ATP Ranking, tiene un r\u00e9cord de temporada de 41-16, seg\u00fan el \u00cdndice de Victorias\/Derrotas ATP Infosys. Ha alcanzado los cuartos de final en seis de los \u00faltimos ocho Grand Slams, incluyendo el Abierto de Australia y el <a href=\"https:\/\/www.atptour.com\/es\/tournaments\/us-open\/560\/overview\" rel=\"nofollow noopener\" target=\"_blank\">US Open<\/a> de este a\u00f1o. Consigui\u00f3 su primer t\u00edtulo de la temporada en el torneo ATP 500 celebrado en Washington en julio.<\/p>\n","protected":false},"excerpt":{"rendered":"ATP Tour De Mi\u00f1aur reemplaza a Tiafoe en la Laver Cup El australiano representar\u00e1 al Team World en&hellip;\n","protected":false},"author":2,"featured_media":114055,"comment_status":"","ping_status":"","sticky":false,"template":"","format":"standard","meta":{"footnotes":""},"categories":[274],"tags":[168,25,24,23,167,327,326],"class_list":{"0":"post-114054","1":"post","2":"type-post","3":"status-publish","4":"format-standard","5":"has-post-thumbnail","7":"category-tenis","8":"tag-deportes","9":"tag-es","10":"tag-espana","11":"tag-spain","12":"tag-sports","13":"tag-tenis","14":"tag-tennis"},"share_on_mastodon":{"url":"","error":""},"_links":{"self":[{"href":"https:\/\/www.europesays.com\/es\/wp-json\/wp\/v2\/posts\/114054","targetHints":{"allow":["GET"]}}],"collection":[{"href":"https:\/\/www.europesays.com\/es\/wp-json\/wp\/v2\/posts"}],"about":[{"href":"https:\/\/www.europesays.com\/es\/wp-json\/wp\/v2\/types\/post"}],"author":[{"embeddable":true,"href":"https:\/\/www.europesays.com\/es\/wp-json\/wp\/v2\/users\/2"}],"replies":[{"embeddable":true,"href":"https:\/\/www.europesays.com\/es\/wp-json\/wp\/v2\/comments?post=114054"}],"version-history":[{"count":0,"href":"https:\/\/www.europesays.com\/es\/wp-json\/wp\/v2\/posts\/114054\/revisions"}],"wp:featuredmedia":[{"embeddable":true,"href":"https:\/\/www.europesays.com\/es\/wp-json\/wp\/v2\/media\/114055"}],"wp:attachment":[{"href":"https:\/\/www.europesays.com\/es\/wp-json\/wp\/v2\/media?parent=114054"}],"wp:term":[{"taxonomy":"category","embeddable":true,"href":"https:\/\/www.europesays.com\/es\/wp-json\/wp\/v2\/categories?post=114054"},{"taxonomy":"post_tag","embeddable":true,"href":"https:\/\/www.europesays.com\/es\/wp-json\/wp\/v2\/tags?post=114054"}],"curies":[{"name":"wp","href":"https:\/\/api.w.org\/{rel}","templated":true}]}}