{"id":114056,"date":"2025-09-14T09:10:10","date_gmt":"2025-09-14T09:10:10","guid":{"rendered":"https:\/\/www.europesays.com\/es\/114056\/"},"modified":"2025-09-14T09:10:10","modified_gmt":"2025-09-14T09:10:10","slug":"el-gran-transbordo-ciclista-borra-las-fronteras-de-navacerrada","status":"publish","type":"post","link":"https:\/\/www.europesays.com\/es\/114056\/","title":{"rendered":"El gran transbordo ciclista borra las fronteras de Navacerrada"},"content":{"rendered":"<p>El ciclismo borr\u00f3 este s\u00e1bado las fronteras entre Madrid y <a href=\"https:\/\/www.elnortedecastilla.es\/segovia\/\" target=\"_blank\" data-voc-vtm-id=\"in-text-traffic\" title=\"Segovia\" data-mrf-link=\"www.elnortedecastilla.es\" rel=\"nofollow noopener\">Segovia<\/a>. La doble raci\u00f3n del Puerto de Navacerrada, dos vertientes a cada cual m\u00e1s  &#8230; dura, decidi\u00f3 la Vuelta a Espa\u00f1a y congreg\u00f3 en unos pocos kil\u00f3metros a aficionados de todo el mundo, en un ambiente entre la celebraci\u00f3n deportiva y la reivindicaci\u00f3n palestina. Una etapa, la pen\u00faltima, que entr\u00f3 en la provincia tras coronar el Puerto del Le\u00f3n para llegar a las siete revueltas, previo paso por Ortigosa del Monte, Revenga y La Granja de San Ildefonso \u2013escenario de protestas contra el genocidio israel\u00ed\u2013 como primer plato del men\u00fa. Esa marea aprovech\u00f3 el entrem\u00e9s, la pausa de la bajada por Madrid y la vuelta al pantano para ir a toda velocidad desde la carretera segoviana hasta la Bola del Mundo, con sus 2.250 metros de altitud sobre el nivel del mar. Tanta prisa ten\u00edan transe\u00fantes y ciclistas que tomaron el asfalto antes del furg\u00f3n de cola, el del sprinter Jasper Philipsen, parapetado por su equipo. Un transbordo de pura pasi\u00f3n<\/p>\n<p class=\"v-p\">Lo resumi\u00f3 Domingo Rodr\u00edguez, ciclista de un club de Ja\u00e9n con escuela en Sese\u00f1a. \u00abAqu\u00ed no hay fronteras\u00bb. Una afici\u00f3n con la que asaltan la cincuentena. \u00abNos lo hemos metido en la sangre, otros se ponen a fumar y a beber a los 14. Si la vida me lo permitiese, estar\u00eda todos los d\u00edas encima de la bici\u00bb. La vida se lo permite a Paul Van Teakamp, un brit\u00e1nico de 60 a\u00f1os que lleva una d\u00e9cada siguiendo la vuelta con su caravana y su mujer desde el primer d\u00eda al \u00faltimo. Llegaron el viernes y bajaron con la bici a La Granja. \u00abSin La Vuelta jam\u00e1s hubi\u00e9ramos conocido ese palacio maravilloso\u00bb. Aprovecharon para tomarse algo y comer en su aventura, como llevan haciendo todo el mes. \u00abHay que elegir bien el sitio, siempre buscamos las subidas. Y luego nos movemos con la bici o andando\u00bb. Evitar\u00e1 el desenlace de hoy en Madrid: \u00abNo querr\u00eda verme envuelto en las protestas\u00bb.<\/p>\n<p><a class=\"v-a-link\" href=\"https:\/\/www.elnortedecastilla.es\/segovia\/fotos-vuelta-puerto-navacerrada-20250913205837-ga.html\" data-voc-vtm-id=\"in-text-traffic\" title=\"\" aria-label=\"Alberto Silva, con su bandera palestina.\" rel=\"nofollow noopener\" target=\"_blank\"><br \/>\n<img decoding=\"async\" loading=\"lazy\" src=\"https:\/\/s3.ppllstatics.com\/elnortedecastilla\/www\/multimedia\/2025\/09\/13\/vuelta-espana-tanarro16-U2201823307750GBI-U230291952052209G-650x455@El%20Norte.jpg\" class=\"v-a-img\" width=\"650\" height=\"455\" alt=\"Alberto Silva, con su bandera palestina.\" data-voc-vtm-id=\"in-text-traffic\"\/><\/p>\n<p><\/a><\/p>\n<p>Alberto Silva, con su bandera palestina.<\/p>\n<p>Antonio Tanarro<\/p>\n<p class=\"v-p\">A Alberto Silva, un bilba\u00edno de 48 a\u00f1os, le gustar\u00eda que no fuera necesario hacerse una foto tumbado en el asfalto del Angliru como un cad\u00e1ver junto a la pintada de &#8216;Free Palestine&#8217;. Sentado en su reci\u00e9n comprada caravana, pide atenci\u00f3n. \u00bfPor qu\u00e9? \u00abPorque somos buena gente\u00bb. Una bandera palestina acompa\u00f1a a la vasca y a la colombiana. La primera etapa cortada, en Bilbao, le pill\u00f3 en Pike Bidea, su subida de casa. \u00abMe duele que corten la carretera, pero creo que tenemos que plantarnos todos\u00bb. Una causa que pone por delante de su pasi\u00f3n ciclista. Y hablamos de alguien que ha subido al Tourmalet, Mont Ventoux o Alpe D&#8217;Huez. \u00abEs un deporte f\u00e1cil para hacerlo, el ciclista est\u00e1 muy disponible. Es una pena que no se haga en todos lados, soy el primero que est\u00e1 con el coraz\u00f3n dividido\u00bb. Su tablet sirvi\u00f3 para ver esa preciosa subida revoltosa entre pinares frondosos. Cuando pasaron los ciclistas, su grupeta ech\u00f3 las bicis dentro y se march\u00f3 a patear el peque\u00f1o trecho hasta Bola.<\/p>\n<p class=\"v-p\">Al lado, uno de los grupos m\u00e1s numerosos de portugueses. Su justito espa\u00f1ol les dio para encontrar la palabra que defin\u00eda su escena: \u00abBorrachera\u00bb. <a href=\"https:\/\/www.elnortedecastilla.es\/deportes\/ciclismo\/vuelta-espana\/golpe-final-vuelta-vingegaard-lleva-etapa-pica-20250913174233-ntrc.html\" target=\"_blank\" data-voc-vtm-id=\"in-text-traffic\" title=\"Seguros a\u00fan de que Joao Almeida remontar\u00eda los 40 segundos que perd\u00eda con Jonas Vingegaard\" data-mrf-link=\"www.elnortedecastilla.es\" rel=\"nofollow noopener\">Seguros a\u00fan de que Joao Almeida remontar\u00eda los 40 segundos que perd\u00eda con Jonas Vingegaard<\/a>, cualquiera rechazaba su cerveza de bienvenida. Unos metros m\u00e1s arriba, tres uruguayos descansaba en el asfalto de una traves\u00eda de siete d\u00edas desde su pa\u00eds. Las proximidades a la cima eran un pase\u00edllo que coreaba todo, como cuando el coche que lideraba a la caravana cal\u00f3. Se reparti\u00f3 alg\u00fan regalo como camisetas con los lunares azules del maillot de la monta\u00f1a; pocos afortunados por muchas plegarias en vano, incluso a la Guardia Civil. \u00abDanos algo, una denuncia, lo que sea\u00bb.<\/p>\n<p><img decoding=\"async\" loading=\"lazy\" src=\"https:\/\/s1.ppllstatics.com\/elnortedecastilla\/www\/multimedia\/2025\/09\/13\/vuelta-granja-detorre3.jpg\" class=\"v-a-img\" width=\"624\" height=\"385\" alt=\"Banderas palestinas reciben al pelot\u00f3n en La Granja.\" data-voc-vtm-id=\"in-text-traffic\"\/><\/p>\n<p>Banderas palestinas reciben al pelot\u00f3n en La Granja.<\/p>\n<p>Antonio de Torre<\/p>\n<p><img loading=\"lazy\" decoding=\"async\" src=\"https:\/\/s1.ppllstatics.com\/elnortedecastilla\/www\/multimedia\/2025\/09\/13\/vuelta-granja-detorre3.jpg\" class=\"v-mdl__img-z\" width=\"624\" height=\"385\" alt=\"\"\/><\/p>\n<p class=\"v-p\">Por all\u00ed pasaron fugados dos de los ciclistas m\u00e1s queridos del pelot\u00f3n internacional. Egan Bernal, el colombiano que siniestr\u00f3 su leyenda de ganador del Tour ante un cami\u00f3n y que emociona como nadie a sus compatriotas. Y Mikel Landa, el romanticismo del perdedor del pueblo, que le apoya como el ganador imposible. A su lado, una pancarta lo resum\u00eda: \u00abLandismo o barbarie\u00bb. Su fuga no lleg\u00f3 a buen puerto, pero s\u00ed hubo barbarie. La de la organizaci\u00f3n de La Vuelta, que siempre depara sorpresas, desde adelantar las horas de corte \u2013estaba prevista a las 14:00 a pie de puerto, pero se adelant\u00f3 m\u00e1s de media hora\u2013 a los dobles protocolos para aparcar en el cotizado parking, un filtro insuperable que ayud\u00f3 a llenar los arcenes que coches que arriesgaban sus bajos. Un periplo con r\u00f3tulos permanentes contra Israel y hasta una se\u00f1al tuneada con los colores palestinos. Y ciclistas por doquier de todas las condiciones f\u00edsicas. La mayor\u00eda, en modo excursionista \u2013bocatas que desbordaban el maillot\u2013, aunque hab\u00eda quien se apretaba como un pro.<\/p>\n<p class=\"v-p\">Cada uno resolvi\u00f3 su transbordo como pudo. Los que fueron a pata tuvieron m\u00e1s facilidad para descubrir un lugar digno en la curva de las curvas, la del inicio al infierno de Bola, con rampas de hasta el 20% en un cemento rugoso que eleva la factura. M\u00e1s dif\u00edcil lo tuvieron los que subieron con su bici y no pod\u00edan dejarla en cualquier lado. Sin fronteras, pero con muchas vallas.<\/p>\n","protected":false},"excerpt":{"rendered":"El ciclismo borr\u00f3 este s\u00e1bado las fronteras entre Madrid y Segovia. La doble raci\u00f3n del Puerto de Navacerrada,&hellip;\n","protected":false},"author":2,"featured_media":114057,"comment_status":"","ping_status":"","sticky":false,"template":"","format":"standard","meta":{"footnotes":""},"categories":[273],"tags":[7418,313,1757,312,168,25,24,2069,3956,23882,23,167,38531],"class_list":{"0":"post-114056","1":"post","2":"type-post","3":"status-publish","4":"format-standard","5":"has-post-thumbnail","7":"category-ciclismo","8":"tag-borra","9":"tag-ciclismo","10":"tag-ciclista","11":"tag-cycling","12":"tag-deportes","13":"tag-es","14":"tag-espana","15":"tag-fronteras","16":"tag-gran","17":"tag-navacerrada","18":"tag-spain","19":"tag-sports","20":"tag-transbordo"},"share_on_mastodon":{"url":"","error":""},"_links":{"self":[{"href":"https:\/\/www.europesays.com\/es\/wp-json\/wp\/v2\/posts\/114056","targetHints":{"allow":["GET"]}}],"collection":[{"href":"https:\/\/www.europesays.com\/es\/wp-json\/wp\/v2\/posts"}],"about":[{"href":"https:\/\/www.europesays.com\/es\/wp-json\/wp\/v2\/types\/post"}],"author":[{"embeddable":true,"href":"https:\/\/www.europesays.com\/es\/wp-json\/wp\/v2\/users\/2"}],"replies":[{"embeddable":true,"href":"https:\/\/www.europesays.com\/es\/wp-json\/wp\/v2\/comments?post=114056"}],"version-history":[{"count":0,"href":"https:\/\/www.europesays.com\/es\/wp-json\/wp\/v2\/posts\/114056\/revisions"}],"wp:featuredmedia":[{"embeddable":true,"href":"https:\/\/www.europesays.com\/es\/wp-json\/wp\/v2\/media\/114057"}],"wp:attachment":[{"href":"https:\/\/www.europesays.com\/es\/wp-json\/wp\/v2\/media?parent=114056"}],"wp:term":[{"taxonomy":"category","embeddable":true,"href":"https:\/\/www.europesays.com\/es\/wp-json\/wp\/v2\/categories?post=114056"},{"taxonomy":"post_tag","embeddable":true,"href":"https:\/\/www.europesays.com\/es\/wp-json\/wp\/v2\/tags?post=114056"}],"curies":[{"name":"wp","href":"https:\/\/api.w.org\/{rel}","templated":true}]}}