{"id":114066,"date":"2025-09-14T09:16:14","date_gmt":"2025-09-14T09:16:14","guid":{"rendered":"https:\/\/www.europesays.com\/es\/114066\/"},"modified":"2025-09-14T09:16:14","modified_gmt":"2025-09-14T09:16:14","slug":"la-mirada-y-el-universo-cotidiano-en-esta-obra-de-ida-hernandez-caamano","status":"publish","type":"post","link":"https:\/\/www.europesays.com\/es\/114066\/","title":{"rendered":"\u201cLa Mirada\u201d y el universo cotidiano en esta obra de Ida Hern\u00e1ndez Caama\u00f1o"},"content":{"rendered":"<p>La literatura, en su diversa multiplicidad de formas y registros, encuentra a menudo su mayor potencial en la capacidad de mirar, de registrar y descifrar los signos cotidianos de la existencia. El libro \u201cLa mirada\u201d, de Ida Hern\u00e1ndez Caama\u00f1o, resulta una exploraci\u00f3n envolvente de la vida dominicana, vista a trav\u00e9s de la lente de la fotograf\u00eda y transcrita en un discurso h\u00edbrido entre la cr\u00f3nica, el ensayo y la prosa po\u00e9tica. La autora se enfrenta al reto de traducir im\u00e1genes en palabras, y en ese ejercicio se revela la profundidad de su mirada, tan personal como universal, tan cr\u00edtica como nost\u00e1lgica.<\/p>\n<p>Esta cr\u00edtica aborda las principales estrategias literarias que Hern\u00e1ndez Caama\u00f1o emplea para crear un mosaico de la realidad nacional, el valor simb\u00f3lico de la imagen fotogr\u00e1fica como detonante de la escritura y la impronta emocional y \u00e9tica que recorre la obra. Asimismo, se analizar\u00e1n la riqueza estil\u00edstica, la construcci\u00f3n de personajes y la fusi\u00f3n de g\u00e9neros que caracterizan este volumen.<\/p>\n<p>Uno de los grandes aciertos de \u201cLa mirada\u201d reside en la forma en que la fotograf\u00eda, lejos de ser solo un complemento visual, se convierte en el punto de partida para una exploraci\u00f3n literaria que abarca la memoria social, la intimidad emocional y la cr\u00f3nica hist\u00f3rica. Hern\u00e1ndez Caama\u00f1o, como bien se\u00f1ala Alc\u00e1ntara Alm\u00e1nzar en el pr\u00f3logo, escribe sobre im\u00e1genes que no eligi\u00f3, pero que la interpelan y la obligan a descubrir sus secretos m\u00e1s rec\u00f3nditos. Esta tensi\u00f3n entre el azar y la creatividad, entre el encargo y la vocaci\u00f3n, genera textos en los que la autora despliega una prosa de alto vuelo metaf\u00f3rico, cargada de lirismo y de cr\u00edtica social.<\/p>\n<p>La fotograf\u00eda estimula una reacci\u00f3n po\u00e9tica, un ejercicio de evocaci\u00f3n en el que la imagen dispara mundos interiores, recuerdos y preguntas. As\u00ed, cada texto es una lectura de la realidad y una invitaci\u00f3n al di\u00e1logo con el lector, que debe reconstruir, junto a la autora, el sentido de cada fragmento. La imagen, entonces, no es solo un objeto a describir, sino una excusa para explorar el alma colectiva, los dolores y esperanzas, las contradicciones y bellezas de la Rep\u00fablica Dominicana contempor\u00e1nea.<\/p>\n<p>La voz de Hern\u00e1ndez Caama\u00f1o se configura a partir de una prosa meticulosamente cuidada, donde la met\u00e1fora desplaza al lugar com\u00fan y la interioridad toma el protagonismo frente a la simple descripci\u00f3n. Su lenguaje, deudor tanto del ensayo como de la l\u00edrica, combina lo po\u00e9tico con lo narrativo, lo filos\u00f3fico con lo testimonial. En esta alternancia de registros, la autora logra una polifon\u00eda de tonos y miradas: la voz cr\u00edtica y social, la voz nost\u00e1lgica y evocadora, la voz ir\u00f3nica y la voz esperanzada.<\/p>\n<p>Cada texto \u2013desde \u201cEl presente\u201d hasta \u201cImagen, realidad, s\u00edmbolo\u201d\u2013 revela la capacidad de la autora para extraer del detalle concreto una reflexi\u00f3n de alcance general. La infancia, la pobreza, la soledad, el trabajo, la violencia, el amor y la esperanza son temas recurrentes, abordados con una sensibilidad que nunca cae en el sentimentalismo f\u00e1cil ni en la denuncia vac\u00eda. La autora construye personajes \u2013Natalia, Sol\u00e1ngel, Ernesto, Manuel\u2013 que, aunque an\u00f3nimos, encarnan los grandes dramas y peque\u00f1as victorias de la vida cotidiana.<\/p>\n<p>Destaca especialmente la habilidad para transformar escenas aparentemente sencillas \u2013un ba\u00f1o al aire libre, el oficio de limpiar zapatos, el juego de agua de unos ni\u00f1os, el amanecer en el Caribe\u2013 en meditaciones sobre la dignidad, el deseo de libertad, la precariedad y la resistencia. El ritmo de las frases, el empleo de im\u00e1genes sensoriales y la elecci\u00f3n de un punto de vista cercano pero reflexivo dotan al libro de una densidad literaria poco com\u00fan en la prosa de encargo period\u00edstico.<\/p>\n<p>Uno de los aportes m\u00e1s notables de la obra es su constante interrogaci\u00f3n sobre la responsabilidad de quien mira, de quien escribe y de quien es mirado. Hern\u00e1ndez Caama\u00f1o no adopta una postura de superioridad ni de distancia ante sus personajes; por el contrario, construye una \u00e9tica de la empat\u00eda, del reconocimiento de la otredad y de la denuncia de las injusticias. En textos como \u201c\u00bfQui\u00e9n es culpable?\u201d y \u201cLa l\u00ednea del olvido\u201d, la autora se pregunta por las ra\u00edces del abandono, la indiferencia y la culpa en la sociedad, y explora la forma en que la marginaci\u00f3n se reproduce y perpet\u00faa.<\/p>\n<p>La relaci\u00f3n entre la mirada y el poder \u2013ya sea en las im\u00e1genes del conflicto de abril de 1965, en la pobreza infantil, en la violencia urbana o en la exclusi\u00f3n de los viejos\u2013 es un tema transversal. La autora no elude la crudeza de ciertas realidades, pero tampoco renuncia a la posibilidad de la ternura, la solidaridad y la esperanza. En este sentido, su libro se sit\u00faa en una tradici\u00f3n de escritura que busca transformar la sensibilidad del lector, haci\u00e9ndole part\u00edcipe de un anhelo de justicia y dignidad.<\/p>\n<p>El texto celebra la resistencia an\u00f3nima, la belleza escondida en los gestos cotidianos, el valor de quienes, a pesar del dolor y la adversidad, siguen apostando por la vida y la comunidad. Su mirada cr\u00edtica, sin embargo, est\u00e1 siempre mediada por el afecto y la comprensi\u00f3n, por la voluntad de acompa\u00f1ar y no de juzgar.<\/p>\n<p>\u201cLa mirada\u201d es tambi\u00e9n un fresco de la identidad nacional, construido a partir de escenas, personajes y s\u00edmbolos profundamente enraizados en la cultura dominicana. La autora se detiene en las peculiaridades de la vida urbana y rural, en los oficios, en la celebraci\u00f3n y el duelo, en la memoria hist\u00f3rica de las guerras y en la presencia constante del mar y la naturaleza. El texto evoca la riqueza y las contradicciones de una sociedad marcada por la mezcla de razas, la influencia de la historia reciente, la desigualdad social y la vitalidad de sus gentes.<\/p>\n<p>El uso de nombres, referencias locales, modos de hablar y costumbres dota a la obra de un fuerte anclaje en la realidad dominicana, pero nunca la encierra en el localismo. Por el contrario, la autora apela constantemente a sentimientos universales: el desarraigo, la necesidad de pertenencia, el deseo de trascender la soledad, la b\u00fasqueda de sentido en lo cotidiano. As\u00ed, el libro se convierte en un puente entre la experiencia individual y la colectiva, entre lo local y lo global.<\/p>\n<p>Ida Hern\u00e1ndez Caama\u00f1o, en \u201cLa mirada\u201d, nos ofrece mucho m\u00e1s que una serie de comentarios sobre fotograf\u00edas: nos invita a pensar la vida, a sentir el dolor ajeno, a buscar la belleza y la dignidad en los pliegues de lo cotidiano. Su escritura, de gran energ\u00eda y sensibilidad, demuestra que la literatura puede ser un acto de resistencia, de memoria y de creaci\u00f3n.<\/p>\n<p>La obra trasciende los l\u00edmites de la cr\u00f3nica para situarse como un testimonio po\u00e9tico y \u00e9tico, una invitaci\u00f3n a mirar con mayor profundidad y compasi\u00f3n el mundo que nos rodea. En su pluralidad de registros, en la hondura de sus intuiciones, \u201cLa mirada\u201d constituye un aporte valioso a la literatura caribe\u00f1a contempor\u00e1nea y un llamado a ejercer una mirada cr\u00edtica, solidaria y, sobre todo, humana.<\/p>\n<p>A trav\u00e9s de las p\u00e1ginas de este libro, la autora confirma que mirar es, en \u00faltima instancia, un acto de amor y de fe en las personas. Y, como ella misma nos recuerda, es en la mirada donde se juega la posibilidad de un mundo distinto, m\u00e1s justo y m\u00e1s bello.<\/p>\n","protected":false},"excerpt":{"rendered":"La literatura, en su diversa multiplicidad de formas y registros, encuentra a menudo su mayor potencial en la&hellip;\n","protected":false},"author":2,"featured_media":114067,"comment_status":"","ping_status":"","sticky":false,"template":"","format":"standard","meta":{"footnotes":""},"categories":[172],"tags":[224,146,147,25,24,225,23],"class_list":{"0":"post-114066","1":"post","2":"type-post","3":"status-publish","4":"format-standard","5":"has-post-thumbnail","7":"category-libros","8":"tag-books","9":"tag-entertainment","10":"tag-entretenimiento","11":"tag-es","12":"tag-espana","13":"tag-libros","14":"tag-spain"},"share_on_mastodon":{"url":"","error":""},"_links":{"self":[{"href":"https:\/\/www.europesays.com\/es\/wp-json\/wp\/v2\/posts\/114066","targetHints":{"allow":["GET"]}}],"collection":[{"href":"https:\/\/www.europesays.com\/es\/wp-json\/wp\/v2\/posts"}],"about":[{"href":"https:\/\/www.europesays.com\/es\/wp-json\/wp\/v2\/types\/post"}],"author":[{"embeddable":true,"href":"https:\/\/www.europesays.com\/es\/wp-json\/wp\/v2\/users\/2"}],"replies":[{"embeddable":true,"href":"https:\/\/www.europesays.com\/es\/wp-json\/wp\/v2\/comments?post=114066"}],"version-history":[{"count":0,"href":"https:\/\/www.europesays.com\/es\/wp-json\/wp\/v2\/posts\/114066\/revisions"}],"wp:featuredmedia":[{"embeddable":true,"href":"https:\/\/www.europesays.com\/es\/wp-json\/wp\/v2\/media\/114067"}],"wp:attachment":[{"href":"https:\/\/www.europesays.com\/es\/wp-json\/wp\/v2\/media?parent=114066"}],"wp:term":[{"taxonomy":"category","embeddable":true,"href":"https:\/\/www.europesays.com\/es\/wp-json\/wp\/v2\/categories?post=114066"},{"taxonomy":"post_tag","embeddable":true,"href":"https:\/\/www.europesays.com\/es\/wp-json\/wp\/v2\/tags?post=114066"}],"curies":[{"name":"wp","href":"https:\/\/api.w.org\/{rel}","templated":true}]}}