{"id":114068,"date":"2025-09-14T09:17:09","date_gmt":"2025-09-14T09:17:09","guid":{"rendered":"https:\/\/www.europesays.com\/es\/114068\/"},"modified":"2025-09-14T09:17:09","modified_gmt":"2025-09-14T09:17:09","slug":"cuando-ver-el-episodio-11-de-la-temporada-3-en-prime-video","status":"publish","type":"post","link":"https:\/\/www.europesays.com\/es\/114068\/","title":{"rendered":"\u00bfcu\u00e1ndo ver el episodio 11 de la temporada 3 en Prime Video?"},"content":{"rendered":"<p class=\"c-paragraph\"><b><a href=\"https:\/\/www.20minutos.es\/cinemania\/series\/verano-enamore-episodios-temporada-tres-fechas-estreno-amazon-prime-video-serie_5731019_0.html\" title=\"&#039;El verano en que me enamor\u00e9&#039;: \u00bfcu\u00e1ntos episodios tiene la temporada 3? Fechas de estreno en Prime Video\" rel=\"nofollow noopener\" target=\"_blank\">El verano en que me enamor\u00e9<\/a><\/b> se acerca a su desenlace definitivo. La serie que se ha convertido en un ardiente fen\u00f3meno de audiencia para <b>Prime Video\u00a0<\/b>estrena esta semana la \u00faltima entrega de su andadura, el episodio 11 de la tercera temporada. Llegamos al <b>final de la serie, <\/b>y por lo tanto a conocer la decisi\u00f3n de <b>Belly (Lola Tung) <\/b>sobre qu\u00e9 hermano Fisher escoger con el coraz\u00f3n: <b>Conrad (Christopher Briney)<\/b> o <b>Jeremiah (Gavin Casalegno).<\/b><\/p>\n<p class=\"c-paragraph\">Si est\u00e1s contando los d\u00edas, horas y minutos que faltan para el lanzamiento del episodio ya lo tendr\u00e1s m\u00e1s que marcado a fuego en el calendario, pero por si acaso te lo recordamos. <b>Amazon <\/b>estrena cada nuevo cap\u00edtulo de El verano en que me enamor\u00e9 cada mi\u00e9rcoles a las<b> 9am (hora peninsular espa\u00f1ola) en Prime Video, <\/b>siguiendo el siguiente calendario.<\/p>\n<ul>\n<li><b>Episodio 1, temporada 3:<\/b> 16 de julio<\/li>\n<li><b>Episodio 2, temporada 3:<\/b> 16 de julio<\/li>\n<li><b>Episodio 3, temporada 3:<\/b> 23 de julio<\/li>\n<li><b>Episodio 4, temporada 3: <\/b>30 de julio<\/li>\n<li><b>Episodio 5, temporada 3:<\/b> 6 de agosto<\/li>\n<li><b>Episodio 6, temporada 3: <\/b>13 de agosto<\/li>\n<li><b>Episodio 7, temporada 3: <\/b>20 de agosto<\/li>\n<li><b>Episodio 8, temporada 3: <\/b>27 de agosto<\/li>\n<li><b>Episodio 9, temporada 3:<\/b> 3 de septiembre<\/li>\n<li><b>Episodio 10, temporada 3:<\/b> 10 de septiembre<\/li>\n<li><b>Episodio 11, temporada 3: <\/b>17 de septiembre<\/li>\n<\/ul>\n<p class=\"c-paragraph\">Por lo tanto, el <b>episodio 10 de la temporada 3 <\/b>se estrenar\u00e1 el mi\u00e9rcoles 10 de septiembre a las 9:00am (hora peninsular espa\u00f1ola) en Prime Video.<\/p>\n<p>Qu\u00e9 pas\u00f3 en el episodio 10 de la temporada 3<\/p>\n<p class=\"c-paragraph\"><b>&#8211;SPOILERS de &#8216;El verano en que me enamor\u00e9&#8217;, 3&#215;10&#8211;<\/b><\/p>\n<p class=\"c-paragraph\">El d\u00e9cimo episodio se extend\u00eda durante <b>un a\u00f1o en la vida Belly, Jeremiah, Conrad y el resto de personajes que los acompa\u00f1an.<\/b> Nos reencontramos con ellos en Acci\u00f3n de Gracias, tres meses despu\u00e9s del enlace que no fue y la huida de Belly a Par\u00eds. Esta sigue en Francia, donde la vemos a\u00f1orar su hogar e intentar contactar con Jere mientras compagina las clases online con dos trabajos, uno en un cine y otro en un bar, al son de\u00a0I Can Do It with a Broken Heart,\u00a0de Taylor Swift.\u00a0<\/p>\n<p class=\"c-paragraph\">Jere, por su parte, sigue lidiando con el duelo, estancado en el dolor, pero la dr\u00e1stica decisi\u00f3n de su padre de no ayudarlo m\u00e1s ec\u00f3nomamente lo obliga a tomar las riendas de su vida lejos del yugo paterno.<b> Conrad, por su parte, decide empezar a escribir cartas a Belly.<\/b><\/p>\n<p class=\"c-paragraph\">En primavera, el quinto aniversario de la muerte de Susanna (Rachel Blanchard) re\u00fane finalmente a los hermanos. Por primera vez, Jere y Conrad discuten sobre lo ocurrido, hablan de miedos, sentimientos y promesas incumplidas. La escena resulta del todo precipitada, sabe a poco, merec\u00eda m\u00e1s consideraci\u00f3n y un mayor espacio dram\u00e1tico. Adem\u00e1s, deja la sensaci\u00f3n de que solo est\u00e1 ah\u00ed para reconciliar a Jeremiah con la idea de que su hermano va a terminar con Belly (suena\u00a0The 1,\u00a0de Swift, por si no queda claro).\u00a0<\/p>\n<p class=\"c-paragraph\">Llegados al verano, la anticipaci\u00f3n lo inunda todo. Belly, que sigue su romance con Benito, ha decidido alargar un a\u00f1o m\u00e1s su estancia en Par\u00eds y responde por primera vez a las cartas de Conrad. Este tiene que viajar a Bruselas por trabajo y decide cambiar el vuelo para visitar la capital francesa y sincerase con Belly.\u00a0<b><b>Lo \u00faltimo que vemos es al mayor de los Fisher en un avi\u00f3n al son de\u00a0<\/b>Sign of the Times,\u00a0de Harry Styles.<\/b><\/p>\n<p class=\"c-paragraph\"><b><b>El verano en que me enamor\u00e9\u00a0ha dispuesto todo para un rom\u00e1ntico reencuentro entre Conrad y Belly en Par\u00eds.<\/b><\/b>\u00a0Hasta cuentan con la bendici\u00f3n de Jere; y para calmar al &#8216;Team Jeremiah&#8217;, la trama ha dado al peque\u00f1o de los Fisher una nueva &#8216;mejor amiga&#8217;, Denise.\u00a0<b><b><a href=\"https:\/\/www.20minutos.es\/cinemania\/series\/conrad-jeremiah-acaba-belly-verano-enamore-libros_5165833_0.html\" title=\"https:\/\/www.20minutos.es\/cinemania\/series\/conrad-jeremiah-acaba-belly-verano-enamore-libros_5165833_0.html\" rel=\"nofollow noopener\" target=\"_blank\">En los libros,<\/a><\/b>\u00a0Han resuelve la trama en un ep\u00edlogo: tras la boda fallida, Belly se va a Espa\u00f1a, Conrad le escribe cartas y se re\u00fanen en la graduaci\u00f3n de esta, donde se dan una segunda oportunidad.\u00a0<\/b><\/p>\n<p>\u00bfCu\u00e1ndo termina &#8216;El verano en que me enamor\u00e9&#8217;?<\/p>\n<p class=\"c-paragraph\">Este es el \u00faltimo episodio de la serie, pues <b>esta temporada se compone de once episodios.\u00a0<\/b><b><b>\u00a0<\/b><\/b>Por lo tanto, estamos ante el final definitivo de\u00a0El verano en que me enamor\u00e9.\u00a0Jenny\u00a0Han bien podr\u00eda decidir mantenerse<a href=\"https:\/\/www.20minutos.es\/cinemania\/series\/conrad-jeremiah-acaba-belly-verano-enamore-libros_5165833_0.html\" title=\"\u00bfConrad o Jeremiah? Con qui\u00e9n acaba Belly en &#039;El verano en que me enamor\u00e9&#039; seg\u00fan los libros\" rel=\"nofollow noopener\" target=\"_blank\">\u00a0fiel a la novela original<\/a>\u00a0o <b>sorprender a los lectores cambiando el desenlace.\u00a0<\/b><\/p>\n<p class=\"c-paragraph\">Pase lo que pase, <b>cerraremos una historia que exig\u00eda m\u00e1s tiempo de desarrollo. <\/b>En caso de que los pron\u00f3sticos se cumplan y Belly y Conrad acaben juntos, merec\u00edamos un romance no basado \u00fanicamente en esa recurrente (y vaga) \u00abconexi\u00f3n\u00bb tejida por el destino, que suena impostada en boca de Jeremiah en el cap\u00edtulo 10.\u00a0<\/p>\n<p class=\"c-paragraph\">Sin embargo, llegados a este punto, poco importa a qui\u00e9n elija Belly (como si se queda con Benito); solo queda <b>darle las gracias por tres veranos inolvidables.\u00a0<\/b><\/p>\n","protected":false},"excerpt":{"rendered":"El verano en que me enamor\u00e9 se acerca a su desenlace definitivo. La serie que se ha convertido&hellip;\n","protected":false},"author":2,"featured_media":114069,"comment_status":"","ping_status":"","sticky":false,"template":"","format":"standard","meta":{"footnotes":""},"categories":[171],"tags":[15880,33018,146,147,25,24,24114,23,214,809,1793],"class_list":{"0":"post-114068","1":"post","2":"type-post","3":"status-publish","4":"format-standard","5":"has-post-thumbnail","7":"category-tv","8":"tag-cuando","9":"tag-enamore","10":"tag-entertainment","11":"tag-entretenimiento","12":"tag-es","13":"tag-espana","14":"tag-me","15":"tag-spain","16":"tag-tv","17":"tag-ver","18":"tag-verano"},"share_on_mastodon":{"url":"","error":""},"_links":{"self":[{"href":"https:\/\/www.europesays.com\/es\/wp-json\/wp\/v2\/posts\/114068","targetHints":{"allow":["GET"]}}],"collection":[{"href":"https:\/\/www.europesays.com\/es\/wp-json\/wp\/v2\/posts"}],"about":[{"href":"https:\/\/www.europesays.com\/es\/wp-json\/wp\/v2\/types\/post"}],"author":[{"embeddable":true,"href":"https:\/\/www.europesays.com\/es\/wp-json\/wp\/v2\/users\/2"}],"replies":[{"embeddable":true,"href":"https:\/\/www.europesays.com\/es\/wp-json\/wp\/v2\/comments?post=114068"}],"version-history":[{"count":0,"href":"https:\/\/www.europesays.com\/es\/wp-json\/wp\/v2\/posts\/114068\/revisions"}],"wp:featuredmedia":[{"embeddable":true,"href":"https:\/\/www.europesays.com\/es\/wp-json\/wp\/v2\/media\/114069"}],"wp:attachment":[{"href":"https:\/\/www.europesays.com\/es\/wp-json\/wp\/v2\/media?parent=114068"}],"wp:term":[{"taxonomy":"category","embeddable":true,"href":"https:\/\/www.europesays.com\/es\/wp-json\/wp\/v2\/categories?post=114068"},{"taxonomy":"post_tag","embeddable":true,"href":"https:\/\/www.europesays.com\/es\/wp-json\/wp\/v2\/tags?post=114068"}],"curies":[{"name":"wp","href":"https:\/\/api.w.org\/{rel}","templated":true}]}}