{"id":114070,"date":"2025-09-14T09:19:11","date_gmt":"2025-09-14T09:19:11","guid":{"rendered":"https:\/\/www.europesays.com\/es\/114070\/"},"modified":"2025-09-14T09:19:11","modified_gmt":"2025-09-14T09:19:11","slug":"esta-fabula-ecologista-acaba-de-llegar-a-movistar-plus-y-encantara-tanto-a-ninos-como-adultos","status":"publish","type":"post","link":"https:\/\/www.europesays.com\/es\/114070\/","title":{"rendered":"esta f\u00e1bula ecologista acaba de llegar a Movistar Plus+, y encantar\u00e1 tanto a ni\u00f1os como adultos"},"content":{"rendered":"\n<ul class=\"bodyList bodyList--unordered\">\n<li class=\"bodyList__item\"><strong><a href=\"https:\/\/www.elconfidencial.com\/cultura\/cine\/2025-09-09\/punales-por-la-espalda-3-trailer-estreno-netflix-1qrt_4205194\/\" target=\"_self\" rel=\"nofollow noopener\">Daniel Craig y Glenn Close en la nueva pel\u00edcula detectivesca de Netflix: \u00bfCu\u00e1ndo se estrena Pu\u00f1ales por la espalda 3?<\/a><\/strong><\/li>\n<li class=\"bodyList__item\"><strong><a href=\"https:\/\/www.elconfidencial.com\/cultura\/cine\/2025-09-05\/movistar-plus-pelicula-heridas-guerra-civil-1qrt_4201954\/\" target=\"_self\" rel=\"nofollow noopener\">Llega a Movistar Plus+ y tienes que verla: basada en una novela de Rafael Chirbes, ofrece una mirada distinta sobre las heridas de la Guerra Civil<\/a><\/strong><\/li>\n<\/ul>\n<p> Una f\u00e1bula ecologista acaba de aterrizar al cat\u00e1logo de la plataforma de streaming nacional <a href=\"https:\/\/www.elconfidencial.com\/tags\/empresas\/movistar-19103\/\" target=\"_self\" rel=\"nofollow noopener\">Movistar Plus+<\/a>, y es una obra que resulta adorable tanto para ni\u00f1os como para adultos. Esta colorida propuesta de cine de animaci\u00f3n <strong>reflexiona sobre el medio ambiente <\/strong>a trav\u00e9s de una aventura familiar. <\/p>\n<p> Presentado en el pasado <a href=\"https:\/\/www.elconfidencial.com\/television\/series-tv\/2024-10-09\/entrevista-invisible-paco-caballero-eloy-moreno-festival-sitges_3979092\/\" target=\"_self\" rel=\"nofollow noopener\">Festival de Sitges<\/a> y en el de Gij\u00f3n, es el \u00faltimo largometraje dirigido por Claude Barras, cineasta suizo conocido por La vida de Calabac\u00edn, nominada al \u00d3scar y ganadora de varios Premios C\u00e9sar. <strong>Salvajes <\/strong>traslada al espectador hasta <a href=\"https:\/\/www.elconfidencial.com\/cultura\/2024-11-16\/pocos-mal-avenidos-orden-ingles-loca-aventura-espanola-camboya-borneo_4004251\/\" target=\"_self\" rel=\"nofollow noopener\">Borneo<\/a>, donde dos j\u00f3venes protagonistas se enfrentan a la amenaza de la deforestaci\u00f3n y descubren el valor de preservar la selva tropical. <\/p>\n<p>              <img decoding=\"async\" class=\"inTextNews__img\" alt=\"Foto: pelicula-disney-animacion-digital-25-aniversario-1qrt\" src=\"https:\/\/www.europesays.com\/es\/wp-content\/uploads\/2025\/09\/f.elconfidencial.com\/original\/028\/79a\/54c\/02879a54c974d6da6baf582e5c902eae.jpg\"  \/>     <\/p>\n<p>TE PUEDE INTERESAR<\/p>\n<p>      <a class=\"inTextNews__title\" href=\"https:\/\/www.elconfidencial.com\/cultura\/cine\/2025-08-21\/pelicula-disney-animacion-digital-25-aniversario-1qrt_4174147\/\" onclick=\"window.ECCO.emit(&#039;amplitude&#039;, { dataEventName: &#039;click_related_article_module&#039;, data: { related_article_url: &#039;https:\/\/www.elconfidencial.com\/cultura\/cine\/2025-08-21\/pelicula-disney-animacion-digital-25-aniversario-1qrt_4174147\/&#039;, related_article_author: &#039;Alberto Richart&#039;, related_article_section: &#039;cine&#039; } })\" rel=\"nofollow noopener\" target=\"_blank\"> \u00abTremendamente disfrutable\u00bb: esta pel\u00edcula de Disney ha cumplido 25 a\u00f1os, y su animaci\u00f3n sigue cautivando como el primer d\u00eda <\/a>   <\/p>\n<p>    A. Richart   <\/p>\n<p> El guion, firmado junto a Catherine Paill\u00e9, Nancy Huston y Morgan Navarro, presenta a K\u00e9ria, una adolescente que debe <strong>reconciliar su vida urbana con las ra\u00edces de su tierra<\/strong>, y a su primo Sela\u00ef, quien huye del conflicto entre su familia n\u00f3mada y las empresas madereras. Juntos, emprenden un viaje en el que la llegada de un peque\u00f1o orangut\u00e1n marcar\u00e1 el inicio de una lucha contra la destrucci\u00f3n de un ecosistema ancestral. <\/p>\n<p> Con un meticuloso trabajo de stop-motion, la cinta logra transmitir la ternura, la emoci\u00f3n y una clara advertencia sobre el impacto humano en la naturaleza. Movistar Plus+ acerca ahora esta historia a todos los hogares, convirti\u00e9ndose en una oportunidad perfecta para introducir a los m\u00e1s peque\u00f1os en cuestiones como la conservaci\u00f3n del medio ambiente y <strong>el respeto por otras especies<\/strong>. El medio <a href=\"https:\/\/www.screendaily.com\/reviews\/savages-annecy-review\/5194276.article\" target=\"_blank\" rel=\"nofollow noopener\">Screendaily<\/a> dijo de ella: \u00abCombina el atractivo estilo y la conmovedora carga emocional de La vida de Calabac\u00edn con un urgente mensaje ecol\u00f3gico\u00bb. <\/p>\n<p>Tr\u00e1iler de &#8216;Salvajes&#8217;. (Cin\u00e9art)<\/p>\n<p> Al mismo tiempo, los adultos podr\u00e1n reconocer la cr\u00edtica social y <strong>los paralelismos con problemas actuales<\/strong>. Salvajes se suma as\u00ed a un creciente inter\u00e9s por las pel\u00edculas de animaci\u00f3n con conciencia ecol\u00f3gica, confirmando que el cine puede servir tanto de entretenimiento como de herramienta de reflexi\u00f3n colectiva. <\/p>\n","protected":false},"excerpt":{"rendered":"Daniel Craig y Glenn Close en la nueva pel\u00edcula detectivesca de Netflix: \u00bfCu\u00e1ndo se estrena Pu\u00f1ales por la&hellip;\n","protected":false},"author":2,"featured_media":114071,"comment_status":"","ping_status":"","sticky":false,"template":"","format":"standard","meta":{"footnotes":""},"categories":[169],"tags":[177,146,147,25,24,176,175,23],"class_list":{"0":"post-114070","1":"post","2":"type-post","3":"status-publish","4":"format-standard","5":"has-post-thumbnail","7":"category-cine","8":"tag-cine","9":"tag-entertainment","10":"tag-entretenimiento","11":"tag-es","12":"tag-espana","13":"tag-film","14":"tag-movies","15":"tag-spain"},"share_on_mastodon":{"url":"","error":""},"_links":{"self":[{"href":"https:\/\/www.europesays.com\/es\/wp-json\/wp\/v2\/posts\/114070","targetHints":{"allow":["GET"]}}],"collection":[{"href":"https:\/\/www.europesays.com\/es\/wp-json\/wp\/v2\/posts"}],"about":[{"href":"https:\/\/www.europesays.com\/es\/wp-json\/wp\/v2\/types\/post"}],"author":[{"embeddable":true,"href":"https:\/\/www.europesays.com\/es\/wp-json\/wp\/v2\/users\/2"}],"replies":[{"embeddable":true,"href":"https:\/\/www.europesays.com\/es\/wp-json\/wp\/v2\/comments?post=114070"}],"version-history":[{"count":0,"href":"https:\/\/www.europesays.com\/es\/wp-json\/wp\/v2\/posts\/114070\/revisions"}],"wp:featuredmedia":[{"embeddable":true,"href":"https:\/\/www.europesays.com\/es\/wp-json\/wp\/v2\/media\/114071"}],"wp:attachment":[{"href":"https:\/\/www.europesays.com\/es\/wp-json\/wp\/v2\/media?parent=114070"}],"wp:term":[{"taxonomy":"category","embeddable":true,"href":"https:\/\/www.europesays.com\/es\/wp-json\/wp\/v2\/categories?post=114070"},{"taxonomy":"post_tag","embeddable":true,"href":"https:\/\/www.europesays.com\/es\/wp-json\/wp\/v2\/tags?post=114070"}],"curies":[{"name":"wp","href":"https:\/\/api.w.org\/{rel}","templated":true}]}}