{"id":114076,"date":"2025-09-14T09:22:08","date_gmt":"2025-09-14T09:22:08","guid":{"rendered":"https:\/\/www.europesays.com\/es\/114076\/"},"modified":"2025-09-14T09:22:08","modified_gmt":"2025-09-14T09:22:08","slug":"premios-emmys-cuando-y-donde-ver-la-gala-y-la-alfombra-roja-television","status":"publish","type":"post","link":"https:\/\/www.europesays.com\/es\/114076\/","title":{"rendered":"Premios Emmys: cu\u00e1ndo y d\u00f3nde ver la gala y la alfombra roja | Televisi\u00f3n"},"content":{"rendered":"<p class=\"\">La <a href=\"https:\/\/elpais.com\/noticias\/premios-emmy\/\" target=\"_self\" rel=\"nofollow noopener\" title=\"https:\/\/elpais.com\/noticias\/premios-emmy\/\">77\u00aa edici\u00f3n de los Premios Emmy<\/a>, que reconocen cada a\u00f1o a las mejores series en la industria de la televisi\u00f3n en Estados Unidos, se celebra en la madrugada de este domingo 14 al lunes 15 de septiembre. <\/p>\n<p class=\"\">Como en otras ocasiones, la gala organizada por la Academia de las Artes y las Ciencias de la televisi\u00f3n se celebrar\u00e1 en el Teatro Peacock de Los Angeles, California. Este 2025 el encargado de presentar la ceremonia ser\u00e1 el c\u00f3mico Nate Bargatze. <\/p>\n<p class=\"\">Dos horas antes del comienzo de la entrega de premios tendr\u00e1 lugar la alfombra roja, donde los nominados y las dem\u00e1s estrellas lucir\u00e1n sus mejores galas y atender\u00e1n a la prensa. <\/p>\n<p class=\"\"><a href=\"https:\/\/elpais.com\/television\/2025-07-15\/nominaciones-emmy-triunfan-separacion-y-el-pinguino-y-javier-bardem-y-harrison-ford-logran-su-primera.html\" target=\"_self\" rel=\"nofollow noopener\" title=\"https:\/\/elpais.com\/television\/2025-07-15\/nominaciones-emmy-triunfan-separacion-y-el-pinguino-y-javier-bardem-y-harrison-ford-logran-su-primera.html\">Entre las series nominadas, Severance destaca como la ficci\u00f3n con m\u00e1s nominaciones<\/a> en esta edici\u00f3n (27), seguida por The Penguin (24) y The Studio y The White Lotus (23 cada una). The Last of Us y The Bear tambi\u00e9n tienen varias nominaciones en diferentes categor\u00edas (16 y 13, respectivamente).<\/p>\n<p>M\u00e1s informaci\u00f3n<b>Fecha y hora de los Premios Emmy 2025<\/b><\/p>\n<p class=\"\">La 77\u00aa edici\u00f3n de los Emmy Awards se celebra en la madrugada del domingo 14 al lunes 15 de septiembre. <\/p>\n<p class=\"\">En <b>Espa\u00f1a<\/b> se podr\u00e1 ver la alfombra roja a partir de las 12:00 horas, mientras que la gala de entrega de premios dar\u00e1 comienzo a las 2 de la madrugada del lunes y se prev\u00e9 que se extienda hasta las 5:00 de la ma\u00f1ana, hora espa\u00f1ola<\/p>\n<p class=\"\">A continuaci\u00f3n puedes consultar a qu\u00e9 hora empieza la gala en otros pa\u00edses:<\/p>\n<p class=\"\"><b>M\u00e9xico: <\/b>domingo 14 de septiembre a las 18:00 horas <\/p>\n<p class=\"\"><b>Per\u00fa:<\/b> domingo 14 de septiembre a las 19:00 horas<\/p>\n<p class=\"\"><b>Colombia:<\/b> domingo 14 de septiembre a las 19:00 horas<\/p>\n<p class=\"\"><b>Ecuador: <\/b>domingo 14 de septiembre a las 19:00 horas<\/p>\n<p class=\"\"><b>EE UU<\/b>: domingo 14 septiembre a las 20:00 horas<\/p>\n<p class=\"\"><b>Uruguay: <\/b>domingo 14 de septiembre a las 21:00 horas<\/p>\n<p class=\"\"><b>Argentina: <\/b>domingo 14 de septiembre a las 21:00 horas<\/p>\n<p class=\"\"><b>Chile:<\/b> domingo 14 de septiembre a las 21:00 horas<\/p>\n<p><b>D\u00f3nde se pueden ver los Premios Emmy 2025<\/b><\/p>\n<p class=\"\">La entrega de premios se podr\u00e1 ver en directo a trav\u00e9s de las cadenas CBS y la plataforma Peacock en Estados Unidos. En Espa\u00f1a se podr\u00e1 seguir en exclusiva desde <a href=\"https:\/\/www.movistarplus.es\/premios\/emmy\" target=\"_self\" rel=\"nofollow noopener\" title=\"https:\/\/www.movistarplus.es\/premios\/emmy\">Movistar Plus+<\/a>. <\/p>\n","protected":false},"excerpt":{"rendered":"La 77\u00aa edici\u00f3n de los Premios Emmy, que reconocen cada a\u00f1o a las mejores series en la industria&hellip;\n","protected":false},"author":2,"featured_media":114077,"comment_status":"","ping_status":"","sticky":false,"template":"","format":"standard","meta":{"footnotes":""},"categories":[91],"tags":[1014,1015,6826,146,147,25,24,629,20801,152,9561,38533,13828,13827,20798,8192,6586,8189,23,807],"class_list":{"0":"post-114076","1":"post","2":"type-post","3":"status-publish","4":"format-standard","5":"has-post-thumbnail","7":"category-entretenimiento","8":"tag-actores","9":"tag-actrices","10":"tag-amazon-prime-video","11":"tag-entertainment","12":"tag-entretenimiento","13":"tag-es","14":"tag-espana","15":"tag-estados-unidos","16":"tag-miniseries","17":"tag-netflix","18":"tag-premios-cultura","19":"tag-premios-emmy","20":"tag-series-accion","21":"tag-series-animacion","22":"tag-series-aventuras","23":"tag-series-comedia","24":"tag-series-drama","25":"tag-series-television","26":"tag-spain","27":"tag-television"},"share_on_mastodon":{"url":"","error":""},"_links":{"self":[{"href":"https:\/\/www.europesays.com\/es\/wp-json\/wp\/v2\/posts\/114076","targetHints":{"allow":["GET"]}}],"collection":[{"href":"https:\/\/www.europesays.com\/es\/wp-json\/wp\/v2\/posts"}],"about":[{"href":"https:\/\/www.europesays.com\/es\/wp-json\/wp\/v2\/types\/post"}],"author":[{"embeddable":true,"href":"https:\/\/www.europesays.com\/es\/wp-json\/wp\/v2\/users\/2"}],"replies":[{"embeddable":true,"href":"https:\/\/www.europesays.com\/es\/wp-json\/wp\/v2\/comments?post=114076"}],"version-history":[{"count":0,"href":"https:\/\/www.europesays.com\/es\/wp-json\/wp\/v2\/posts\/114076\/revisions"}],"wp:featuredmedia":[{"embeddable":true,"href":"https:\/\/www.europesays.com\/es\/wp-json\/wp\/v2\/media\/114077"}],"wp:attachment":[{"href":"https:\/\/www.europesays.com\/es\/wp-json\/wp\/v2\/media?parent=114076"}],"wp:term":[{"taxonomy":"category","embeddable":true,"href":"https:\/\/www.europesays.com\/es\/wp-json\/wp\/v2\/categories?post=114076"},{"taxonomy":"post_tag","embeddable":true,"href":"https:\/\/www.europesays.com\/es\/wp-json\/wp\/v2\/tags?post=114076"}],"curies":[{"name":"wp","href":"https:\/\/api.w.org\/{rel}","templated":true}]}}