{"id":114080,"date":"2025-09-14T09:24:08","date_gmt":"2025-09-14T09:24:08","guid":{"rendered":"https:\/\/www.europesays.com\/es\/114080\/"},"modified":"2025-09-14T09:24:08","modified_gmt":"2025-09-14T09:24:08","slug":"oliu-bbva-cree-que-los-catalanes-venderan-a-un-precio-de-ganga-como-si-fueran-tontos-mercados-financieros","status":"publish","type":"post","link":"https:\/\/www.europesays.com\/es\/114080\/","title":{"rendered":"Oliu: BBVA cree que los catalanes vender\u00e1n a un precio de ganga \u201ccomo si fueran tontos\u201d | Mercados Financieros"},"content":{"rendered":"<p class=\"\">El presidente del Banco Sabadell, Josep Oliu, ha insistido este domingo en las escasas probabilidades de que salga adelante la opa del BBVA y ha asegurado que el banco vasco cree que \u201cpuede convencer a los catalanes de que <a href=\"https:\/\/elpais.com\/economia\/2025-09-10\/torres-bbva-no-va-a-producirse-una-segunda-opa-en-el-caso-de-que-si-sera-al-mismo-precio-que-la-primera.html\" target=\"_self\" rel=\"nofollow noopener\" title=\"https:\/\/elpais.com\/economia\/2025-09-10\/torres-bbva-no-va-a-producirse-una-segunda-opa-en-el-caso-de-que-si-sera-al-mismo-precio-que-la-primera.html\">a un precio de ganga les sale a cuenta vender\u201d<\/a> como \u201csi fueran tontos\u201d.<\/p>\n<p class=\"\">En una entrevista recogida por Efe que publica este domingo La Vanguardia, Oliu ha vuelto a desgranar las razones que llevaron a la entidad bancaria catalana a <a href=\"https:\/\/elpais.com\/economia\/2025-09-12\/oliu-esta-opa-nacio-muerta-y-queda-que-la-entierren-los-accionistas-aunque-aun-puede-revivitalizarse.html\" target=\"_self\" rel=\"nofollow noopener\" title=\"https:\/\/elpais.com\/economia\/2025-09-12\/oliu-esta-opa-nacio-muerta-y-queda-que-la-entierren-los-accionistas-aunque-aun-puede-revivitalizarse.html\">rechazar de nuevo el pasado viernes la opa hostil del BBVA<\/a> y ha sido especialmente cr\u00edtico con el banco que preside Carlos Torres.<\/p>\n<p class=\"\"> A su juicio, BBVA quiere \u201cquedarse el Banc Sabadell a un precio de ganga\u201d. \u201cSe ven con la capacidad de convencer a los catalanes de que a precio de ganga les sale a cuenta vender, cosa que los catalanes, por aquello de&#8230;, como si fueran tontos\u201d, ha dicho. \u201cEs lanzar una oferta para ver si pican\u201d, ha apuntado, en otro momento de la entrevista.<\/p>\n<p class=\"\">En esta l\u00ednea, ha subrayado que la probabilidad de que la opa prospere ahora, al precio actual de la oferta, es \u201cbajita, bajita\u201d, e incluso \u201ccercana a cero\u201d.<\/p>\n<p class=\"\">Preguntado por si cree que, al final, el BBVA mejorar\u00e1 su oferta, el presidente del Sabadell asegura: \u201cYo lo \u00fanico que puedo decir es que esta opa no va a ning\u00fan lado, a no ser que suba mucho. Lo que vaya a hacer el BBVA al respecto, la verdad, es que no tengo ni idea\u201d.<\/p>\n<p class=\"\">Por su parte, el presidente del BBVA, Carlos Torres, afirma que la alternativa a la opa que han lanzado la entidad es un Banco Sabadell \u201cm\u00e1s peque\u00f1o y con m\u00e1s riesgo\u201d y descarta una mejora del precio de la oferta, que es \u201ctremendamente atractiva\u201d.<\/p>\n<p class=\"\">En una entrevista al diario El Correo, recogida por Europa Press, Torres Vila defiende que la oferta que han realizado a los accionistas del Sabadell es \u201ctremendamente atractiva\u201d para \u201cunir dos bancos en su mejor momento\u201d. Seg\u00fan apunta, Europa necesita \u201cbancos m\u00e1s grandes para grandes inversiones que mantengan la competitividad\u201d.<\/p>\n<p class=\"\">Ante la recomendaci\u00f3n del consejo del Sabadell de rechazar la OPA al considerar que infravalora el banco, afirma que no est\u00e1 de acuerdo y precisa que la cotizaci\u00f3n de esta entidad se ha visto afectada por su oferta. \u201cNuestra propuesta, como se basa en acciones de BBVA, ha mejorado desde entonces un 43%, As\u00ed que no dir\u00eda que la evoluci\u00f3n en Bolsa del Sabadell sea raz\u00f3n para considerar que la oferta es mala\u201d, apunta.<\/p>\n<p class=\"\">De hecho, el presidente del BBVA cree que tiene \u201cagotado su recorrido\u201d y algunos analistas han dejado de cubrir el valor porque creen que \u201cya no cotiza por fundamentales, sino afectado por la oferta\u201d, que, a su juicio, es \u201cextraordinaria y valora al banco en m\u00e1ximos hist\u00f3ricos\u201d.<\/p>\n<p class=\"\">El presidente del BBVA descarta una mejora en la oferta que han realizado. \u201cReitero que la oferta es la oferta. Pero nada que yo diga despeja la posibilidad legal de un cambio hasta que las condiciones sean definitivas porque legalmente sea imposible cambiarlas\u201d, explica.<\/p>\n","protected":false},"excerpt":{"rendered":"El presidente del Banco Sabadell, Josep Oliu, ha insistido este domingo en las escasas probabilidades de que salga&hellip;\n","protected":false},"author":2,"featured_media":114081,"comment_status":"","ping_status":"","sticky":false,"template":"","format":"standard","meta":{"footnotes":""},"categories":[80],"tags":[5219,3287,3285,82,10654,95,94,25,24,14873,1841,6558,23],"class_list":{"0":"post-114080","1":"post","2":"type-post","3":"status-publish","4":"format-standard","5":"has-post-thumbnail","7":"category-economia","8":"tag-banca","9":"tag-banco-sabadell","10":"tag-bbva","11":"tag-business","12":"tag-carlos-torres-vila","13":"tag-economia","14":"tag-economy","15":"tag-es","16":"tag-espana","17":"tag-josep-oliu","18":"tag-mercados-financieros","19":"tag-opa-hostil","20":"tag-spain"},"share_on_mastodon":{"url":"","error":""},"_links":{"self":[{"href":"https:\/\/www.europesays.com\/es\/wp-json\/wp\/v2\/posts\/114080","targetHints":{"allow":["GET"]}}],"collection":[{"href":"https:\/\/www.europesays.com\/es\/wp-json\/wp\/v2\/posts"}],"about":[{"href":"https:\/\/www.europesays.com\/es\/wp-json\/wp\/v2\/types\/post"}],"author":[{"embeddable":true,"href":"https:\/\/www.europesays.com\/es\/wp-json\/wp\/v2\/users\/2"}],"replies":[{"embeddable":true,"href":"https:\/\/www.europesays.com\/es\/wp-json\/wp\/v2\/comments?post=114080"}],"version-history":[{"count":0,"href":"https:\/\/www.europesays.com\/es\/wp-json\/wp\/v2\/posts\/114080\/revisions"}],"wp:featuredmedia":[{"embeddable":true,"href":"https:\/\/www.europesays.com\/es\/wp-json\/wp\/v2\/media\/114081"}],"wp:attachment":[{"href":"https:\/\/www.europesays.com\/es\/wp-json\/wp\/v2\/media?parent=114080"}],"wp:term":[{"taxonomy":"category","embeddable":true,"href":"https:\/\/www.europesays.com\/es\/wp-json\/wp\/v2\/categories?post=114080"},{"taxonomy":"post_tag","embeddable":true,"href":"https:\/\/www.europesays.com\/es\/wp-json\/wp\/v2\/tags?post=114080"}],"curies":[{"name":"wp","href":"https:\/\/api.w.org\/{rel}","templated":true}]}}