{"id":114082,"date":"2025-09-14T09:25:08","date_gmt":"2025-09-14T09:25:08","guid":{"rendered":"https:\/\/www.europesays.com\/es\/114082\/"},"modified":"2025-09-14T09:25:08","modified_gmt":"2025-09-14T09:25:08","slug":"el-oscarizado-director-palestino-basel-adra-afirma-que-varios-soldados-israelies-asaltaron-su-casa-en-cisjordania","status":"publish","type":"post","link":"https:\/\/www.europesays.com\/es\/114082\/","title":{"rendered":"El oscarizado director palestino Basel Adra afirma que varios soldados israel\u00edes asaltaron su casa en Cisjordania"},"content":{"rendered":"<p>          <img decoding=\"async\" class=\"c-ad__placeholder__logo\" src=\"https:\/\/static.euronews.com\/website\/images\/logos\/logo-euronews-stacked-outlined-72x72-grey-9.svg\" width=\"72\" height=\"72\" alt=\"\" loading=\"lazy\"\/><br \/>\n          PUBLICIDAD<\/p>\n<p>Soldados israel\u00edes llevaron a cabo el s\u00e1bado una <strong>redada en el domicilio en Cisjordania de Basel Adra<\/strong>, uno de los directores de la pel\u00edcula ganadora de un Oscar <a href=\"https:\/\/es.euronews.com\/cultura\/2025\/07\/29\/un-colono-israeli-mata-a-un-activista-palestino-que-trabajo-en-la-pelicula-ganadora-de-un-\" rel=\"nofollow noopener\" target=\"_blank\">&#8216;No Other Land&#8217;<\/a>, seg\u00fan confirm\u00f3 el propio cineasta palestino. Adra declar\u00f3 que los soldados preguntaron a su esposa, Suha, por su paradero y registraron su tel\u00e9fono, a\u00f1adiendo que <strong>su hija de nueve meses estaba en casa<\/strong> en el momento de la redada.<\/p>\n<p>Anteriormente, el s\u00e1bado, <strong>colonos israel\u00edes atacaron su aldea<\/strong>, <strong>hiriendo a dos hermanos y a un primo de Adra<\/strong>, seg\u00fan declar\u00f3 el director a la agencia de prensa The Associated Press (AP). Adra hab\u00eda acompa\u00f1ado a sus familiares al hospital, donde se enter\u00f3 de que los soldados israel\u00edes hab\u00edan asaltado su casa.<\/p>\n<p>&#8216;No Other Land&#8217;, una producci\u00f3n conjunta palestino-israel\u00ed dirigida por <strong>Basel Adra<\/strong>, Hamdan Ballal, Yuval Abraham y Rachel Szor, narra la lucha de los residentes para impedir que el Ej\u00e9rcito israel\u00ed destruyera Masafer Yatta, en la Cisjordania ocupada, y la expulsi\u00f3n gradual de su comunidad.<\/p>\n<p>Adra ha dedicado su carrera como periodista y cineasta a la <strong>cr\u00f3nica de la violencia de los colonos<\/strong> en Masafer Yatta. Describi\u00f3 el suceso del s\u00e1bado como \u00abhorrible\u00bb. \u00abAunque s\u00f3lo est\u00e9s filmando a los colonos, el Ej\u00e9rcito viene y te persigue, registra tu casa\u00bb, dijo. \u00abTodo el sistema est\u00e1 construido para atacarnos, para aterrorizarnos, para que tengamos mucho <strong>miedo<\/strong>\u00ab.<\/p>\n<p>\u00abLo que ha ocurrido hoy en su pueblo, hemos visto esta din\u00e1mica una y otra vez, en la que los colonos israel\u00edes <strong>atacan brutalmente un pueblo palestino<\/strong> y m\u00e1s tarde viene el Ej\u00e9rcito y ataca a los palestinos\u00bb, dijo el codirector Yuval Abraham.<\/p>\n<p>Cisjordania, Jerusal\u00e9n Este y Gaza llevan <strong>bajo ocupaci\u00f3n militar israel\u00ed desde 1967<\/strong>, tras la guerra de Oriente Pr\u00f3ximo. Desde entonces, Israel ha construido m\u00e1s de 100 asentamientos, en los que viven m\u00e1s de <strong>500.000 colonos israel\u00edes<\/strong>.<\/p>\n<p>Los palestinos quieren que las tres zonas formen parte de un Estado palestino independiente y consideran que <strong>la continua expansi\u00f3n de los asentamientos israel\u00ede<\/strong>s es un gran obst\u00e1culo para una soluci\u00f3n de dos Estados. En la actualidad, unos tres millones de palestinos de la Cisjordania ocupada viven bajo lo que parece ser un <strong>r\u00e9gimen militar israel\u00ed indefinido<\/strong>, con s\u00f3lo unas partes limitadas del territorio gobernadas por la Autoridad Palestina (AP).<\/p>\n<p>La semana pasada, el primer ministro israel\u00ed, Benjamin Netanyahu, firm\u00f3 un acuerdo para impulsar un <a href=\"https:\/\/es.euronews.com\/2025\/09\/11\/no-habra-estado-palestino-netanyahu-acelera-la-construccion-de-asentamientos-ilegales-en-c\" rel=\"nofollow noopener\" target=\"_blank\">plan de expansi\u00f3n ilegal<\/a> en <strong>Cisjordania ocupada<\/strong> que atravesar\u00e1 tierras que los palestinos esperan que constituyan la base de un futuro Estado. \u00abNo habr\u00e1 un Estado palestino\u00bb, dijo Netanyahu durante una visita al asentamiento de Maale Adumim, en Cisjordania, el jueves.<\/p>\n<p>La <strong>ocupaci\u00f3n israel\u00ed de territorios palestinos es ilegal seg\u00fan el derecho internacional<\/strong>. El a\u00f1o pasado, el Tribunal Internacional de Justicia declar\u00f3 en una sentencia hist\u00f3rica que Israel deb\u00eda poner fin a la actividad de asentamientos en Cisjordania y Jerusal\u00e9n Este y poner fin a su ocupaci\u00f3n de esas zonas, as\u00ed como de Gaza, lo antes posible.<\/p>\n<p>Masafer Yatta<\/p>\n<p>En la d\u00e9cada de 1980, el Ej\u00e9rcito israel\u00ed design\u00f3 el pueblo natal de Adra, Masafer Yatta, como <strong>zona de entrenamiento con fuego real<\/strong> y orden\u00f3 la expulsi\u00f3n de sus residentes, en su mayor\u00eda beduinos \u00e1rabes. A pesar de ello, unos 1.000 residentes se quedaron, pero los soldados israel\u00edes <a href=\"https:\/\/es.euronews.com\/cultura\/2025\/06\/06\/soldados-israelies-impiden-la-visita-a-los-pueblos-de-cisjordania-de-los-ganadores-del-osc\" rel=\"nofollow noopener\" target=\"_blank\">entran regularmente en la zona para demoler casas, tiendas, dep\u00f3sitos de agua y huertos de olivos.<\/a><\/p>\n<p>Desde el inicio de la guerra de Israel en Gaza, que comenz\u00f3 despu\u00e9s de que militantes dirigidos por Ham\u00e1s atacaran el sur de Israel el 7 de octubre de 2023, <strong>Israel ha matado a cientos de palestinos en Cisjordania<\/strong> durante operaciones militares a gran escala, y se ha producido un aumento de los ataques a palestinos por parte de colonos israel\u00edes. Tambi\u00e9n han aumentado los ataques palestinos contra israel\u00edes.<\/p>\n","protected":false},"excerpt":{"rendered":"PUBLICIDAD Soldados israel\u00edes llevaron a cabo el s\u00e1bado una redada en el domicilio en Cisjordania de Basel Adra,&hellip;\n","protected":false},"author":2,"featured_media":114083,"comment_status":"","ping_status":"","sticky":false,"template":"","format":"standard","meta":{"footnotes":""},"categories":[42],"tags":[17,18,6920,13,14,11,61,62,63,64,74,19,20,9,10,15,16,2789,76,12,21,22,65,66,67],"class_list":{"0":"post-114082","1":"post","2":"type-post","3":"status-publish","4":"format-standard","5":"has-post-thumbnail","7":"category-internacional","8":"tag-breaking-news","9":"tag-breakingnews","10":"tag-cisjordania","11":"tag-featured-news","12":"tag-featurednews","13":"tag-headlines","14":"tag-internacional","15":"tag-international","16":"tag-international-news","17":"tag-internationalnews","18":"tag-israel","19":"tag-latest-news","20":"tag-latestnews","21":"tag-news","22":"tag-noticias","23":"tag-noticias-destacadas","24":"tag-noticiasdestacadas","25":"tag-oscar","26":"tag-palestina","27":"tag-titulares","28":"tag-ultimas-noticias","29":"tag-ultimasnoticias","30":"tag-world","31":"tag-world-news","32":"tag-worldnews"},"share_on_mastodon":{"url":"","error":""},"_links":{"self":[{"href":"https:\/\/www.europesays.com\/es\/wp-json\/wp\/v2\/posts\/114082","targetHints":{"allow":["GET"]}}],"collection":[{"href":"https:\/\/www.europesays.com\/es\/wp-json\/wp\/v2\/posts"}],"about":[{"href":"https:\/\/www.europesays.com\/es\/wp-json\/wp\/v2\/types\/post"}],"author":[{"embeddable":true,"href":"https:\/\/www.europesays.com\/es\/wp-json\/wp\/v2\/users\/2"}],"replies":[{"embeddable":true,"href":"https:\/\/www.europesays.com\/es\/wp-json\/wp\/v2\/comments?post=114082"}],"version-history":[{"count":0,"href":"https:\/\/www.europesays.com\/es\/wp-json\/wp\/v2\/posts\/114082\/revisions"}],"wp:featuredmedia":[{"embeddable":true,"href":"https:\/\/www.europesays.com\/es\/wp-json\/wp\/v2\/media\/114083"}],"wp:attachment":[{"href":"https:\/\/www.europesays.com\/es\/wp-json\/wp\/v2\/media?parent=114082"}],"wp:term":[{"taxonomy":"category","embeddable":true,"href":"https:\/\/www.europesays.com\/es\/wp-json\/wp\/v2\/categories?post=114082"},{"taxonomy":"post_tag","embeddable":true,"href":"https:\/\/www.europesays.com\/es\/wp-json\/wp\/v2\/tags?post=114082"}],"curies":[{"name":"wp","href":"https:\/\/api.w.org\/{rel}","templated":true}]}}