{"id":114088,"date":"2025-09-14T09:28:11","date_gmt":"2025-09-14T09:28:11","guid":{"rendered":"https:\/\/www.europesays.com\/es\/114088\/"},"modified":"2025-09-14T09:28:11","modified_gmt":"2025-09-14T09:28:11","slug":"el-celta-es-el-mejor-equipo-en-circulacion-de-pelota","status":"publish","type":"post","link":"https:\/\/www.europesays.com\/es\/114088\/","title":{"rendered":"\u201cEl Celta es el mejor equipo en circulaci\u00f3n de pelota\u201d"},"content":{"rendered":"<p class=\"paragraph-atom &#10;        B-500-300-700-N B-550-300-700-N--md  \">Que Miguel \u00c1ngel S\u00e1nchez \u2018M\u00edchel\u2019, entrenador del Girona, alabe al <a href=\"https:\/\/www.atlantico.net\/temas\/rc-celta-de-vigo\/\" rel=\"nofollow noopener\" target=\"_blank\">Celta<\/a> no es extra\u00f1o. \u201cEs el mejor equipo en circulaci\u00f3n de pelota, me gusta mucho verlo jugar. Es una muy buena prueba para nosotros de hacer las cosas. Ellos vendr\u00e1n a por nosotros y nosotros tendremos que ir a por el Celta. Su entrenador es \u2018top\u2019\u201d, a\u00f1adi\u00f3 con rotundidad.<\/p>\n<p class=\"paragraph-atom &#10;        B-500-300-700-N B-550-300-700-N--md  \">El madrile\u00f1o, en todo caso, prefiere centrarse en los suyos. \u201cNo lo hemos hecho bien en estas semanas de mercado y ahora pienso que el equipo est\u00e1 m\u00e1s concentrado y preparado. Me preocupa la situaci\u00f3n de la clasificaci\u00f3n, que hemos de mejorarla lo m\u00e1s pronto posible\u201d, dese\u00f3. Y habl\u00f3 de los \u00faltimos fichajes que han estado estas semanas con sus selecciones -Ounahi, Livakovic y Vanat-: \u201cNo han entrenado demasiado con el equipo, pero est\u00e1n bien para ayudarnos. Hemos hablado mucho con ellos sobre la manera de jugar y sobre qu\u00e9 queremos de ellos. Est\u00e1n preparados para jugar con tranquilidad. Iremos dando pasos hacia delante, aunque lo que es seguro es que ya est\u00e1n para competir ma\u00f1ana mismo\u201d.<\/p>\n<p class=\"paragraph-atom &#10;        B-500-300-700-N B-550-300-700-N--md  \">En cuanto a la mejor\u00eda pendiente, prefiri\u00f3 centrarla en lo ofensivo. \u201cHemos de atacar mejor. Hemos recibido diez goles y nuestro ataque es malo. Necesitamos m\u00e1s energ\u00eda, profundidad, mirar hacia delante, agresividad y generar m\u00e1s ocasiones. Atacando mejor seguro que recibimos menos goles. Para mejorar en defensa, hemos de mejorar en ataque\u201d, concluy\u00f3.<\/p>\n","protected":false},"excerpt":{"rendered":"Que Miguel \u00c1ngel S\u00e1nchez \u2018M\u00edchel\u2019, entrenador del Girona, alabe al Celta no es extra\u00f1o. \u201cEs el mejor equipo&hellip;\n","protected":false},"author":2,"featured_media":114089,"comment_status":"","ping_status":"","sticky":false,"template":"","format":"standard","meta":{"footnotes":""},"categories":[278],"tags":[376,290,7085,168,622,25,24,375,1684,27192,23,167],"class_list":{"0":"post-114088","1":"post","2":"type-post","3":"status-publish","4":"format-standard","5":"has-post-thumbnail","7":"category-balonmano","8":"tag-balonmano","9":"tag-celta","10":"tag-circulacion","11":"tag-deportes","12":"tag-equipo","13":"tag-es","14":"tag-espana","15":"tag-handball","16":"tag-mejor","17":"tag-michel","18":"tag-spain","19":"tag-sports"},"share_on_mastodon":{"url":"","error":""},"_links":{"self":[{"href":"https:\/\/www.europesays.com\/es\/wp-json\/wp\/v2\/posts\/114088","targetHints":{"allow":["GET"]}}],"collection":[{"href":"https:\/\/www.europesays.com\/es\/wp-json\/wp\/v2\/posts"}],"about":[{"href":"https:\/\/www.europesays.com\/es\/wp-json\/wp\/v2\/types\/post"}],"author":[{"embeddable":true,"href":"https:\/\/www.europesays.com\/es\/wp-json\/wp\/v2\/users\/2"}],"replies":[{"embeddable":true,"href":"https:\/\/www.europesays.com\/es\/wp-json\/wp\/v2\/comments?post=114088"}],"version-history":[{"count":0,"href":"https:\/\/www.europesays.com\/es\/wp-json\/wp\/v2\/posts\/114088\/revisions"}],"wp:featuredmedia":[{"embeddable":true,"href":"https:\/\/www.europesays.com\/es\/wp-json\/wp\/v2\/media\/114089"}],"wp:attachment":[{"href":"https:\/\/www.europesays.com\/es\/wp-json\/wp\/v2\/media?parent=114088"}],"wp:term":[{"taxonomy":"category","embeddable":true,"href":"https:\/\/www.europesays.com\/es\/wp-json\/wp\/v2\/categories?post=114088"},{"taxonomy":"post_tag","embeddable":true,"href":"https:\/\/www.europesays.com\/es\/wp-json\/wp\/v2\/tags?post=114088"}],"curies":[{"name":"wp","href":"https:\/\/api.w.org\/{rel}","templated":true}]}}