{"id":114090,"date":"2025-09-14T09:29:07","date_gmt":"2025-09-14T09:29:07","guid":{"rendered":"https:\/\/www.europesays.com\/es\/114090\/"},"modified":"2025-09-14T09:29:07","modified_gmt":"2025-09-14T09:29:07","slug":"villanueva-del-campo-se-viste-de-luces-para-celebrar-su-gran-novillada","status":"publish","type":"post","link":"https:\/\/www.europesays.com\/es\/114090\/","title":{"rendered":"Villanueva del Campo se viste de luces para celebrar su gran novillada"},"content":{"rendered":"<p data-start=\"198\" data-end=\"558\">Este domingo 14 de septiembre, Villanueva del Campo vive el d\u00eda grande de sus Fiestas Patronales. La centenaria <strong data-start=\"310\" data-end=\"328\">Plaza de Toros\u00a0<\/strong>se volver\u00e1 a \u201cvestir de luces\u201d para acoger la <strong data-start=\"462\" data-end=\"488\">Novillada sin caballos<\/strong>, que comenzar\u00e1 a las 18:00 horas, siempre que el tiempo lo permita.<\/p>\n<p data-start=\"560\" data-end=\"994\">En el ruedo actuar\u00e1n los novilleros <strong data-start=\"596\" data-end=\"613\">Leo Pallatier<\/strong> y <strong data-start=\"616\" data-end=\"634\">Samuel Montero<\/strong>, alumnos de la Escuela de Tauromaquia de Madrid, con\u00a0cuatro novillos de la ganader\u00eda <strong data-start=\"733\" data-end=\"744\">Fraguas<\/strong>, encaste Aldeanueva. La plaza, que conserva su estructura original sin callej\u00f3n, es un s\u00edmbolo del arraigo de la cultura del toro bravo en la <strong data-start=\"887\" data-end=\"907\">Tierra de Campos<\/strong>, representando la tradici\u00f3n taurina que se mantiene viva generaci\u00f3n tras generaci\u00f3n.<\/p>\n<p data-start=\"996\" data-end=\"1221\">Se espera una gran afluencia de p\u00fablico, no solo de Villanueva del Campo, sino tambi\u00e9n de los municipios cercanos que comparten la pasi\u00f3n por los toros.\u00a0<\/p>\n<p><img loading=\"lazy\" decoding=\"async\" width=\"516\" height=\"720\" alt=\"Novillada Villanueva del Campo\" src=\"https:\/\/www.europesays.com\/es\/wp-content\/uploads\/2025\/09\/2025091409451735856.jpg\" class=\"lazyload\"\/><br \/>\nNovillada Villanueva del Campo<\/p>\n","protected":false},"excerpt":{"rendered":"Este domingo 14 de septiembre, Villanueva del Campo vive el d\u00eda grande de sus Fiestas Patronales. La centenaria&hellip;\n","protected":false},"author":2,"featured_media":114091,"comment_status":"","ping_status":"","sticky":false,"template":"","format":"standard","meta":{"footnotes":""},"categories":[277],"tags":[373,168,25,24,10539,4494,23,167,374,444,38534],"class_list":{"0":"post-114090","1":"post","2":"type-post","3":"status-publish","4":"format-standard","5":"has-post-thumbnail","7":"category-toreo","8":"tag-bullfighting","9":"tag-deportes","10":"tag-es","11":"tag-espana","12":"tag-luces","13":"tag-novillada","14":"tag-spain","15":"tag-sports","16":"tag-toreo","17":"tag-toros","18":"tag-villanueva-del-campo"},"share_on_mastodon":{"url":"","error":""},"_links":{"self":[{"href":"https:\/\/www.europesays.com\/es\/wp-json\/wp\/v2\/posts\/114090","targetHints":{"allow":["GET"]}}],"collection":[{"href":"https:\/\/www.europesays.com\/es\/wp-json\/wp\/v2\/posts"}],"about":[{"href":"https:\/\/www.europesays.com\/es\/wp-json\/wp\/v2\/types\/post"}],"author":[{"embeddable":true,"href":"https:\/\/www.europesays.com\/es\/wp-json\/wp\/v2\/users\/2"}],"replies":[{"embeddable":true,"href":"https:\/\/www.europesays.com\/es\/wp-json\/wp\/v2\/comments?post=114090"}],"version-history":[{"count":0,"href":"https:\/\/www.europesays.com\/es\/wp-json\/wp\/v2\/posts\/114090\/revisions"}],"wp:featuredmedia":[{"embeddable":true,"href":"https:\/\/www.europesays.com\/es\/wp-json\/wp\/v2\/media\/114091"}],"wp:attachment":[{"href":"https:\/\/www.europesays.com\/es\/wp-json\/wp\/v2\/media?parent=114090"}],"wp:term":[{"taxonomy":"category","embeddable":true,"href":"https:\/\/www.europesays.com\/es\/wp-json\/wp\/v2\/categories?post=114090"},{"taxonomy":"post_tag","embeddable":true,"href":"https:\/\/www.europesays.com\/es\/wp-json\/wp\/v2\/tags?post=114090"}],"curies":[{"name":"wp","href":"https:\/\/api.w.org\/{rel}","templated":true}]}}