{"id":114093,"date":"2025-09-14T09:31:08","date_gmt":"2025-09-14T09:31:08","guid":{"rendered":"https:\/\/www.europesays.com\/es\/114093\/"},"modified":"2025-09-14T09:31:08","modified_gmt":"2025-09-14T09:31:08","slug":"el-pro-am-toma-el-mando-con-21-profesionales-del-golf","status":"publish","type":"post","link":"https:\/\/www.europesays.com\/es\/114093\/","title":{"rendered":"El Pro-Am toma el mando con 21 profesionales del golf"},"content":{"rendered":"<p>                                    <img decoding=\"async\" loading=\"lazy\" src=\"https:\/\/www.europesays.com\/es\/wp-content\/uploads\/2025\/09\/65f85879beb73.jpeg\" alt=\"Pablo Rioja\" width=\"40\" height=\"40\" data-full-src=\"https:\/\/www.europesays.com\/es\/wp-content\/uploads\/2025\/09\/65f85879beb73.jpeg\"\/><\/p>\n<p class=\"paragraph\">El torneo de golf Diario de Le\u00f3n-El Inversor Inquieto entra este domingo en su m\u00e1ximo esplendor gracias al Pro-Am, que disputan cerca de un centenar de jugadores de los que 21 son profesionales. Un broche de oro a tres jornadas de m\u00e1xima competici\u00f3n merced a una de las citas m\u00e1s esperadas en el calendario anual de Le\u00f3n Golf.<\/p>\n<p class=\"paragraph\">En la jornada del s\u00e1bado \u2014segunda del clasificatorio\u2014 todo transcurri\u00f3 con normalidad y un juego fluido que, eso s\u00ed, se vio condicionado por el viento. Participaron un total de 70 deportistas, mientras que el viernes hicieron lo propio una treintena.<\/p>\n<p class=\"paragraph\">Gran colof\u00f3n<\/p>\n<p class=\"paragraph\">En el Pro-Am de este domingo \u2014donde se espera un d\u00eda soleado y aumento de temperaturas\u2014 habr\u00e1 mucho en juego desde primera hora de la ma\u00f1ana. Una jornada intensa que concluir\u00e1 a eso de las 14.30 horas dando paso despu\u00e9s a la comida de confraternidad. El torneo del decano de la prensa leonesa quedar\u00e1 clausurado hasta la edici\u00f3n del pr\u00f3ximo 2026 con la ceremonia de entrega de premios y galardones as\u00ed como la foto de familia.<\/p>\n","protected":false},"excerpt":{"rendered":"El torneo de golf Diario de Le\u00f3n-El Inversor Inquieto entra este domingo en su m\u00e1ximo esplendor gracias al&hellip;\n","protected":false},"author":2,"featured_media":114094,"comment_status":"","ping_status":"","sticky":false,"template":"","format":"standard","meta":{"footnotes":""},"categories":[275],"tags":[168,25,24,329,4108,23,167],"class_list":{"0":"post-114093","1":"post","2":"type-post","3":"status-publish","4":"format-standard","5":"has-post-thumbnail","7":"category-golf","8":"tag-deportes","9":"tag-es","10":"tag-espana","11":"tag-golf","12":"tag-leon","13":"tag-spain","14":"tag-sports"},"share_on_mastodon":{"url":"","error":""},"_links":{"self":[{"href":"https:\/\/www.europesays.com\/es\/wp-json\/wp\/v2\/posts\/114093","targetHints":{"allow":["GET"]}}],"collection":[{"href":"https:\/\/www.europesays.com\/es\/wp-json\/wp\/v2\/posts"}],"about":[{"href":"https:\/\/www.europesays.com\/es\/wp-json\/wp\/v2\/types\/post"}],"author":[{"embeddable":true,"href":"https:\/\/www.europesays.com\/es\/wp-json\/wp\/v2\/users\/2"}],"replies":[{"embeddable":true,"href":"https:\/\/www.europesays.com\/es\/wp-json\/wp\/v2\/comments?post=114093"}],"version-history":[{"count":0,"href":"https:\/\/www.europesays.com\/es\/wp-json\/wp\/v2\/posts\/114093\/revisions"}],"wp:featuredmedia":[{"embeddable":true,"href":"https:\/\/www.europesays.com\/es\/wp-json\/wp\/v2\/media\/114094"}],"wp:attachment":[{"href":"https:\/\/www.europesays.com\/es\/wp-json\/wp\/v2\/media?parent=114093"}],"wp:term":[{"taxonomy":"category","embeddable":true,"href":"https:\/\/www.europesays.com\/es\/wp-json\/wp\/v2\/categories?post=114093"},{"taxonomy":"post_tag","embeddable":true,"href":"https:\/\/www.europesays.com\/es\/wp-json\/wp\/v2\/tags?post=114093"}],"curies":[{"name":"wp","href":"https:\/\/api.w.org\/{rel}","templated":true}]}}