{"id":114099,"date":"2025-09-14T09:35:08","date_gmt":"2025-09-14T09:35:08","guid":{"rendered":"https:\/\/www.europesays.com\/es\/114099\/"},"modified":"2025-09-14T09:35:08","modified_gmt":"2025-09-14T09:35:08","slug":"club-de-baloncesto-txorierri-basketland-una-decada-llena-de-pasion-por-la-canasta","status":"publish","type":"post","link":"https:\/\/www.europesays.com\/es\/114099\/","title":{"rendered":"Club de Baloncesto Txorierri Basketland, una d\u00e9cada llena de pasi\u00f3n por la canasta"},"content":{"rendered":"<p>\n        Hace una d\u00e9cada un grupo de aitas y amas aficionados al baloncesto decidieron materializar su<strong> pasi\u00f3n por el deporte de la canasta<\/strong> impulsando un proyecto deportivo en <a href=\"https:\/\/www.deia.eus\/uribe-txorierri-mungialdea\/derio\/\" title=\"Derio\" class=\"link copy\" rel=\"nofollow noopener\" target=\"_blank\">Derio<\/a>, pero destinado a toda la comarca de Txorierri. Aquel sue\u00f1o deportivo se empez\u00f3 a fraguar en 2015 y ahora<strong> acaba de cumplir diez a\u00f1os<\/strong>. Se trata del <strong>Txorierri Basketland<\/strong>, una entidad deportiva que, tras una d\u00e9cada de andadura, se ha convertido en un club de referencia en la comarca y en Bizkaia, especialmente gracias a un excelente trabajo de cantera que ha potenciado el inter\u00e9s entre los m\u00e1s peque\u00f1os por disfrutar de esta disciplina deportiva.\n<\/p>\n<p class=\"article-body__text \">\n        Precisamente, la infatigable labor de directivos, personal t\u00e9cnico y familias desde 2015 ha permitido un crecimiento exponencial del club, que empez\u00f3 con una veintena de jugadores hace diez a\u00f1os y que actualmente <strong>aglutina a m\u00e1s de 200 jugadores y jugadoras en un total de 17 equipos<\/strong>. Una entidad, que viste los colores negro y rosa, en la que <strong>las mujeres tienen un gran protagonismo<\/strong>, puesto que son alrededor del <strong>60% de sus deportistas<\/strong>. Una tendencia que se traslada de la cancha a los despachos. \u201cEn la junta directiva tambi\u00e9n tenemos una amplia representaci\u00f3n de mujeres\u201d, destaca Itxaso Atela, presidenta del club desde hace dos a\u00f1os y tambi\u00e9n exjugadora hasta que se retir\u00f3 la temporada pasada, siendo la jugadora m\u00e1s veterana.\n<\/p>\n<p class=\"article-body__text \">\n        En esta l\u00ednea, Txorierri Basketland ha conseguido en apenas una d\u00e9cada que la comarca, conocida por ser la puerta de entrada del mundo a Bizkaia a trav\u00e9s del aeropuerto, tambi\u00e9n sea ahora territorio basket. \u201c<strong>Cuando empezamos hace diez a\u00f1os, no hab\u00eda una estructura deportiva tan s\u00f3lida relacionada con el baloncesto<\/strong>. Anteriormente hubo un club en Derio, del que fui jugador, pero era solo un equipo senior, no ten\u00eda categor\u00edas inferiores. Por eso ahora es una gozada ver la estructura con la que contamos\u201d, subraya Rober Flores, directivo y coordinador deportivo de la entidad deportiva.\n<\/p>\n<p class=\"article-photo__footer\">\n            Los m\u00e1s peque\u00f1os del club, durante una jornada festiva.            Txorierri Basketland        <\/p>\n<p class=\"article-body__text \">\n        A este respecto, la m\u00e1xima dirigente del club repasa c\u00f3mo ha cambiado la situaci\u00f3n deportiva y recuerda c\u00f3mo antes los vecinos y vecinas de la zona de Txorierri que quer\u00edan que sus hijos e hijas practicasen baloncesto <strong>\u00fanicamente ten\u00edan la posibilidad de hacerlo \u201cen centros educativos privados\u201d<\/strong>. Por eso uno de los mayores logros del club es el hecho de haber brindado la oportunidad de acercar este deporte a decenas de ni\u00f1os y ni\u00f1as de Txorierri que sue\u00f1an, desde casa, con convertirse en \u00eddolos de este deporte. Buen ejemplo de ello es el n\u00famero de solicitudes de inscripci\u00f3n que han recibido esta temporada. \u201c<strong>Hace unos a\u00f1os nos faltaban jugadores y ahora tenemos que decir que no a algunos <\/strong>porque no tenemos capacidad para inscribir m\u00e1s\u201d, apuntan Rober e Itxaso.\n<\/p>\n<p>  <strong>Derio, Sondika y Zamudio <\/strong><\/p>\n<p class=\"article-body__text \">\n        En estos momentos disponen de una estructura deportiva que <strong>aglutina a ni\u00f1os desde los 6 a\u00f1os hasta j\u00f3venes de 24<\/strong>. \u201cEl a\u00f1o pasado la jugadora del club de m\u00e1s edad era yo, pero ya me he retirado\u201d, apunta Itxaso. As\u00ed, por ejemplo, disponen de una escuela para que los m\u00e1s txikis vayan comenzando a anotar sus primeras canastas. \u201c<strong>Muchos ven a sus hermanos y hermanas mayores y se animan a entrar en el club\u201d<\/strong>, reconocen. Tambi\u00e9n tienen equipos de categor\u00eda infantil, cadete y senior, tanto masculinos como femeninos. Adem\u00e1s, esta temporada cuentan con un equipo en todas las categor\u00edas, y distribuyen sus entrenamientos y competiciones entre los polideportivos de Derio, Sondika y Zamudio.\n<\/p>\n<p class=\"article-body__text \">\n        A nivel deportivo, la temporada pasada fue redonda. Lograron unos excelentes resultados, sobre todo el equipo senior femenino, que consigui\u00f3 subir de Segunda a Primera. Un \u00e9xito que tambi\u00e9n logr\u00f3<strong> el cadete femenino que lleg\u00f3, incluso, a disputar la Final Four a nivel estatal<\/strong>. \u201cEsta temporada queremos seguir evolucionando, que el club siga creciendo y que la gente se lo pase bien\u201d, apunta Flores. Por su parte, Atela conf\u00eda en que el senior femenino mantenga la categor\u00eda y que el masculino, que milita en Segunda, luche por el ascenso.\n<\/p>\n<p class=\"article-photo__footer\">\n            Integrantes de diferentes equipos en una fiesta del club hace unos a\u00f1os.            Txorierri Basketland        <\/p>\n<p class=\"article-body__text \">\n        Por \u00faltimo, para celebrar el d\u00e9cimo cumplea\u00f1os, <strong>el club organiz\u00f3 ayer en Derio una fiesta<\/strong>. Tras la presentaci\u00f3n de los equipos, se ofreci\u00f3 una exhibici\u00f3n de juegos antes de disfrutar de una paella popular amenizada con m\u00fasica y fiesta de la espuma. Un festejo por todo lo alto que sirvi\u00f3 para homenajear a la familia del Txorierri Basketland por haber acompa\u00f1ado al club esta d\u00e9cada y las que le seguir\u00e1n.<\/p>\n","protected":false},"excerpt":{"rendered":"Hace una d\u00e9cada un grupo de aitas y amas aficionados al baloncesto decidieron materializar su pasi\u00f3n por el&hellip;\n","protected":false},"author":2,"featured_media":114100,"comment_status":"","ping_status":"","sticky":false,"template":"","format":"standard","meta":{"footnotes":""},"categories":[269],"tags":[299,298,38536,18786,1798,10726,168,25,24,13511,23,167,38535],"class_list":{"0":"post-114099","1":"post","2":"type-post","3":"status-publish","4":"format-standard","5":"has-post-thumbnail","7":"category-baloncesto","8":"tag-baloncesto","9":"tag-basketball","10":"tag-basketland","11":"tag-canasta","12":"tag-club","13":"tag-decada","14":"tag-deportes","15":"tag-es","16":"tag-espana","17":"tag-pasion","18":"tag-spain","19":"tag-sports","20":"tag-txorierri"},"share_on_mastodon":{"url":"","error":""},"_links":{"self":[{"href":"https:\/\/www.europesays.com\/es\/wp-json\/wp\/v2\/posts\/114099","targetHints":{"allow":["GET"]}}],"collection":[{"href":"https:\/\/www.europesays.com\/es\/wp-json\/wp\/v2\/posts"}],"about":[{"href":"https:\/\/www.europesays.com\/es\/wp-json\/wp\/v2\/types\/post"}],"author":[{"embeddable":true,"href":"https:\/\/www.europesays.com\/es\/wp-json\/wp\/v2\/users\/2"}],"replies":[{"embeddable":true,"href":"https:\/\/www.europesays.com\/es\/wp-json\/wp\/v2\/comments?post=114099"}],"version-history":[{"count":0,"href":"https:\/\/www.europesays.com\/es\/wp-json\/wp\/v2\/posts\/114099\/revisions"}],"wp:featuredmedia":[{"embeddable":true,"href":"https:\/\/www.europesays.com\/es\/wp-json\/wp\/v2\/media\/114100"}],"wp:attachment":[{"href":"https:\/\/www.europesays.com\/es\/wp-json\/wp\/v2\/media?parent=114099"}],"wp:term":[{"taxonomy":"category","embeddable":true,"href":"https:\/\/www.europesays.com\/es\/wp-json\/wp\/v2\/categories?post=114099"},{"taxonomy":"post_tag","embeddable":true,"href":"https:\/\/www.europesays.com\/es\/wp-json\/wp\/v2\/tags?post=114099"}],"curies":[{"name":"wp","href":"https:\/\/api.w.org\/{rel}","templated":true}]}}