{"id":114104,"date":"2025-09-14T09:38:15","date_gmt":"2025-09-14T09:38:15","guid":{"rendered":"https:\/\/www.europesays.com\/es\/114104\/"},"modified":"2025-09-14T09:38:15","modified_gmt":"2025-09-14T09:38:15","slug":"alcoy-descubre-la-escultura-en-honor-a-camilo-sesto-en-el-patio-de-su-futuro-museo","status":"publish","type":"post","link":"https:\/\/www.europesays.com\/es\/114104\/","title":{"rendered":"Alcoy descubre la escultura en honor a Camilo Sesto en el patio de su futuro museo"},"content":{"rendered":"<p>\t\t\t\t\t<img width=\"1024\" height=\"576\" src=\"https:\/\/www.europesays.com\/es\/wp-content\/uploads\/2025\/09\/IMG_2789-1024x576.jpg\" class=\"attachment-large size-large wp-post-image\" alt=\"Alcoy descubre la escultura en honor a Camilo Sesto en el patio de su futuro museo\" decoding=\"async\" fetchpriority=\"high\"  \/>\t\t\t <\/p>\n<p>Las fans rodeando la estatua en el momento del descubrimiento. J. SEMPERE<\/p>\n<p><strong>Alcoy<\/strong> ha vivido este s\u00e1bado un<strong> emotivo homenaje a<\/strong> <strong>Camilo Sesto<\/strong> con la inauguraci\u00f3n de la escultura dedicada al cantante, ubicada en el patio del <strong>futuro museo<\/strong> que llevar\u00e1 su nombre. El acto ha congregado a seguidores llegados desde distintos puntos de <strong>Espa\u00f1a<\/strong> e incluso de <strong>M\u00e9xico <\/strong>y<strong> Chile<\/strong>, que han coreado las canciones del artista durante la cita.<\/p>\n<p>La estatua, <strong>de 1,90 metros y realizada en bronce<\/strong> por el escultor <strong>Manuel Garc\u00eda Rey<\/strong>, representa a Camilo con el <strong>micr\u00f3fono<\/strong> en una mano y la otra extendida hacia el p\u00fablico, en una de sus poses m\u00e1s caracter\u00edsticas. El artista ha explicado que su intenci\u00f3n fue \u201c<strong>transmitir lo que Camilo era y sigue siendo, y que cada vez que veng\u00e1is aqu\u00ed pod\u00e1is reencontraros con \u00e9l<\/strong>\u201d.<\/p>\n<p>La obra ha sido sufragada gracias a las aportaciones de los fans a trav\u00e9s de la <strong>Asociaci\u00f3n Cultural Camilista de Espa\u00f1a<\/strong>, impulsada por <strong>Paquita Ruiz<\/strong>. Ella misma ha recordado que la idea naci\u00f3 en <strong>2021<\/strong> con el objetivo de asumir personalmente el coste, aunque finalmente se opt\u00f3 por abrir la participaci\u00f3n a los seguidores del cantante. \u201c<strong>Camilo se lo merece<\/strong>\u201d, ha subrayado.<\/p>\n<p>El alcalde,<strong> Toni Franc\u00e9s<\/strong>, ha agradecido a la promotora y a los fans su implicaci\u00f3n en un proyecto valorado en <strong>m\u00e1s de 25.000 euros<\/strong>. \u201c<strong>La escultura es un sue\u00f1o de Paquita que completa el de Camilo, que era tener un museo en su ciudad<\/strong>\u201d, ha se\u00f1alado. El primer edil ha avanzado que el <strong>Museo Camilo Sesto<\/strong> ser\u00e1 una realidad a <strong>principios de 2026<\/strong> con una inversi\u00f3n superior al <strong>mill\u00f3n de euros<\/strong>.<\/p>\n<p>El presidente del club de fans en Alcoy, <strong>Gilberto Molina<\/strong>, tambi\u00e9n ha intervenido para mostrar su agradecimiento a todos los implicados, recordando unas palabras del propio Camilo: \u201c<strong>Que todo lo que suceda hoy sea siempre para bien y nunca para mal<\/strong>\u201d.<\/p>\n<p><img loading=\"lazy\" decoding=\"async\" class=\"wp-image-238737 size-large\" src=\"https:\/\/www.europesays.com\/es\/wp-content\/uploads\/2025\/09\/IMG_2798-1024x576.jpg\" alt=\"\" width=\"1024\" height=\"576\"  \/>El peque\u00f1o recinto se ha llenado de seguidores para presenciar la inauguraci\u00f3n de la escultura. J. SEMPERE<\/p>\n<p>Aunque en un principio se baraj\u00f3 instalar la estatua en el <strong>parque de La Glorieta<\/strong>, por ser uno de los escenarios donde Camilo inici\u00f3 su carrera, finalmente se decidi\u00f3 ubicarla en el <strong>patio del museo<\/strong> para reforzar la conexi\u00f3n entre ambos proyectos.<\/p>\n<p>El homenaje llega cuando se cumplen <strong>seis a\u00f1os del fallecimiento<\/strong> del cantante, ocurrido el <strong>8 de septiembre de 2019<\/strong>, y pocos d\u00edas antes de que hubiera cumplido <strong>79 a\u00f1os<\/strong>. Este viernes <strong>sus cenizas fueron trasladadas al mausoleo<\/strong> construido en el cementerio municipal. La<strong> jornada de tributo<\/strong> culmina este s\u00e1bado con una cena y un concierto de <strong>Los Dayson<\/strong>, la primera banda de la que form\u00f3 parte Camilo Blanes Cort\u00e9s, con m\u00e1s de 300 personas inscritas para asistir.<\/p>\n","protected":false},"excerpt":{"rendered":"Las fans rodeando la estatua en el momento del descubrimiento. J. SEMPERE Alcoy ha vivido este s\u00e1bado un&hellip;\n","protected":false},"author":2,"featured_media":114105,"comment_status":"","ping_status":"","sticky":false,"template":"","format":"standard","meta":{"footnotes":""},"categories":[173],"tags":[229,233,231,230,232,234,146,147,25,24,23],"class_list":{"0":"post-114104","1":"post","2":"type-post","3":"status-publish","4":"format-standard","5":"has-post-thumbnail","7":"category-arte-y-diseno","8":"tag-arte","9":"tag-arte-y-diseno","10":"tag-arts","11":"tag-arts-and-design","12":"tag-design","13":"tag-diseno","14":"tag-entertainment","15":"tag-entretenimiento","16":"tag-es","17":"tag-espana","18":"tag-spain"},"share_on_mastodon":{"url":"","error":""},"_links":{"self":[{"href":"https:\/\/www.europesays.com\/es\/wp-json\/wp\/v2\/posts\/114104","targetHints":{"allow":["GET"]}}],"collection":[{"href":"https:\/\/www.europesays.com\/es\/wp-json\/wp\/v2\/posts"}],"about":[{"href":"https:\/\/www.europesays.com\/es\/wp-json\/wp\/v2\/types\/post"}],"author":[{"embeddable":true,"href":"https:\/\/www.europesays.com\/es\/wp-json\/wp\/v2\/users\/2"}],"replies":[{"embeddable":true,"href":"https:\/\/www.europesays.com\/es\/wp-json\/wp\/v2\/comments?post=114104"}],"version-history":[{"count":0,"href":"https:\/\/www.europesays.com\/es\/wp-json\/wp\/v2\/posts\/114104\/revisions"}],"wp:featuredmedia":[{"embeddable":true,"href":"https:\/\/www.europesays.com\/es\/wp-json\/wp\/v2\/media\/114105"}],"wp:attachment":[{"href":"https:\/\/www.europesays.com\/es\/wp-json\/wp\/v2\/media?parent=114104"}],"wp:term":[{"taxonomy":"category","embeddable":true,"href":"https:\/\/www.europesays.com\/es\/wp-json\/wp\/v2\/categories?post=114104"},{"taxonomy":"post_tag","embeddable":true,"href":"https:\/\/www.europesays.com\/es\/wp-json\/wp\/v2\/tags?post=114104"}],"curies":[{"name":"wp","href":"https:\/\/api.w.org\/{rel}","templated":true}]}}