{"id":114106,"date":"2025-09-14T09:40:11","date_gmt":"2025-09-14T09:40:11","guid":{"rendered":"https:\/\/www.europesays.com\/es\/114106\/"},"modified":"2025-09-14T09:40:11","modified_gmt":"2025-09-14T09:40:11","slug":"determinadas-personas-de-la-profesion-ven-en-esta-serie-algo-que-no-tiene-calidad","status":"publish","type":"post","link":"https:\/\/www.europesays.com\/es\/114106\/","title":{"rendered":"Determinadas personas de la profesi\u00f3n ven en esta serie algo que no tiene calidad"},"content":{"rendered":"<p data-journey-content=\"true\" data-node-id=\"3\" class=\"css-i9p093 emevuu60\">Pocas series televisivas pueden presumir de tener una solera de <strong data-node-id=\"3.1\">d\u00e9cadas en antena<\/strong> como <strong data-node-id=\"3.3\">&#8216;Aqu\u00ed no hay quien viva&#8217;,<\/strong> o su continuaci\u00f3n natural, &#8216;<strong data-node-id=\"3.5\">La que se avecina&#8217;<\/strong>, y es que parece que la mina de sacar situaciones c\u00f3micas de una convivencia vecinal <strong data-node-id=\"3.7\">no tiene fin<\/strong>. Muchos de los actores que estuvieron en la primera repitieron en la segunda, como <strong data-node-id=\"3.9\">Eva Isanta<\/strong>, que dio vida a Bea, la compa\u00f1era de piso de Mauri, y despu\u00e9s a <a href=\"https:\/\/www.diezminutos.es\/moda-belleza\/moda\/news\/g5603\/eva-isanta-adoro-a-mi-personaje-de-la-cuqui-cada-dia-mas\/\" target=\"_blank\" data-vars-ga-outbound-link=\"https:\/\/www.diezminutos.es\/moda-belleza\/moda\/news\/g5603\/eva-isanta-adoro-a-mi-personaje-de-la-cuqui-cada-dia-mas\/\" data-vars-ga-ux-element=\"Hyperlink\" data-vars-ga-call-to-action=\"Mayte Figueroa -&#039;La cuqui&#039;-\" data-node-id=\"3.11\" class=\"body-link css-177bzfx emevuu60\" rel=\"nofollow noopener\">Mayte Figueroa -&#8216;La cuqui&#8217;-<\/a>, esposa de Amador Rivas. El hecho de dar vida a personajes tan diferentes en dos series con din\u00e1micas similares <strong data-node-id=\"3.13\">ha descubierto lo vers\u00e1tiles que son muchos de sus actores<\/strong>, pero parece que<strong data-node-id=\"3.15\"> el culto de una serie a otra ha cambiado mucho<\/strong>, y lo que antes se aplaud\u00eda ahora se critica. Sobre ello hablaba Eva en el podcast <strong data-node-id=\"3.17\">&#8216;<a href=\"https:\/\/www.youtube.com\/watch?v=eced1lrGP-Y\" target=\"_blank\" rel=\"nofollow noopener\" data-vars-ga-outbound-link=\"https:\/\/www.youtube.com\/watch?v=eced1lrGP-Y\" data-vars-ga-ux-element=\"Hyperlink\" data-vars-ga-call-to-action=\"Mister Chaise Longue by Nacho Guerreros\" data-node-id=\"3.17.1\" class=\"body-link css-177bzfx emevuu60\">Mister Chaise Longue by Nacho Guerreros<\/a><\/strong>&#8216;, conducido por su compa\u00f1ero de reparto (que da vida a Coque): \u00ab<strong data-node-id=\"3.19\">Determinadas personas de la profesi\u00f3n ven en esta serie algo que no tiene calidad<\/strong>\u00ab, ha afirmado sorprendida la actriz.<\/p>\n<p><img draggable=\"true\" alt=\"fotograma de la que se avecina\" title=\"Fotograma de La que se avecina\" loading=\"lazy\" width=\"3000\" height=\"1881\" decoding=\"async\" data-nimg=\"1\" style=\"color:transparent;width:100%;height:auto;\"   src=\"https:\/\/www.europesays.com\/es\/wp-content\/uploads\/2025\/09\/la-que-se-avecina-68c03ed84022d.jpg\" class=\"css-0 e1g79fud0\"\/><\/p>\n<p>Manuel Fiestas Moreno<\/p>\n<p data-journey-content=\"true\" data-node-id=\"7\" class=\"css-i9p093 emevuu60\">La int\u00e9rprete no consigue explicarse el <strong data-node-id=\"7.1\">cambio de opini\u00f3n respecto a la serie<\/strong> no s\u00f3lo de parte de la sociedad -que adora &#8216;ANHQV&#8217; pero &#8216;echa pestes&#8217; de &#8216;LQSA&#8217;-, sino tambi\u00e9n de <strong data-node-id=\"7.3\">muchos compa\u00f1eros de la profesi\u00f3n<\/strong>, que aunque deber\u00edan aplaudir el \u00e9xito de la misma y verla como paradigma de lo que s\u00ed hay que hacer para que una ficci\u00f3n sea un \u00e9xito &#8211;<a href=\"https:\/\/www.diezminutos.es\/teleprograma\/series-tv\/a62731874\/la-que-se-avecina-temporada-16-y-17-renovada-telecinco-amazon-prime-video\/\" target=\"_blank\" data-vars-ga-outbound-link=\"https:\/\/www.diezminutos.es\/teleprograma\/series-tv\/a62731874\/la-que-se-avecina-temporada-16-y-17-renovada-telecinco-amazon-prime-video\/\" data-vars-ga-ux-element=\"Hyperlink\" data-vars-ga-call-to-action=\"incluso se ha confirmado que habr\u00e1 serie al menos hasta 2026\" data-node-id=\"7.5\" class=\"body-link css-177bzfx emevuu60\" rel=\"nofollow noopener\">incluso se ha confirmado que habr\u00e1 serie al menos hasta 2026<\/a>-, <strong data-node-id=\"7.7\">la critican detr\u00e1s de c\u00e1maras<\/strong>: \u00abDe &#8216;Aqu\u00ed no hay quien viva&#8217; a &#8216;La que se avecina&#8217; se ha producido, dentro de la profesi\u00f3n, como <strong data-node-id=\"7.9\">una especie de cambio de mentalidad<\/strong> con respecto al producto, <strong data-node-id=\"7.11\">donde &#8216;Aqu\u00ed no hay quien viva&#8217; era algo muy v\u00e1lido<\/strong>, muy considerado, como muy de culto&#8230; y <strong data-node-id=\"7.13\">de repente &#8216;La que se avecina&#8217;<\/strong><strong data-node-id=\"7.14\">, dentro del c\u00edrculo de los profesionales<\/strong>, en lugar de decir &#8216;ostras, qu\u00e9 carisma tiene esta serie, c\u00f3mo perdura en el tiempo&#8217;, hubo <strong data-node-id=\"7.16\">una especie de &#8216;clic&#8217; que no s\u00e9 a qu\u00e9 responde<\/strong>\u00ab, se preguntaba.<\/p>\n<p data-journey-content=\"true\" data-node-id=\"10\" class=\"css-i9p093 emevuu60\"><strong data-node-id=\"10.0\">Nacho Guerreros<\/strong>, en su respuesta, no se anda con chiquitas y<strong data-node-id=\"10.2\"> se\u00f1ala a cierta animosidad o &#8216;pelusilla&#8217;<\/strong>, porque lo com\u00fan es que una serie aguante unas pocas temporadas mientras atrapa el inter\u00e9s, algo que no ha ocurrido con &#8216;La que se avecina&#8217;, que <strong data-node-id=\"10.4\">sigue siendo un \u00e9xito temporada tras temporada (y van 17)<\/strong>: \u00abYo tampoco lo s\u00e9. Supongo que <strong data-node-id=\"10.6\">ser\u00e1 la envidia<\/strong> de que ellos no pueden seguir con <strong data-node-id=\"10.8\">un trabajo con 48 millones de visionados en las redes<\/strong>\u00ab, lanza la pullita.<\/p>\n<p>Nacho Guerreros a Eva Isanta sobre el \u00e9xito de &#8216;LQSA&#8217;: \u00abProvoca envidia\u00bb<\/p>\n<p data-journey-content=\"true\" data-node-id=\"15\" class=\"css-i9p093 emevuu60\">Sin dar nombres, la propia Eva se\u00f1ala a compa\u00f1eros del mundo de la actuaci\u00f3n como muy cr\u00edticos con la serie, y se pregunta qu\u00e9 ha pasado para que lo que antes era motivo de halago, ahora lo sea de reproches: \u00ab<strong data-node-id=\"15.1\">No s\u00e9 qu\u00e9 &#8216;clic&#8217; hay en la cabeza de determinadas personas de la profesi\u00f3n que ven en esta serie algo que no tiene una calidad<\/strong>, con lo dif\u00edcil que es hacer comedia, <strong data-node-id=\"15.3\">con lo dif\u00edcil que es mantener la comedia&#8230;<\/strong>\u00ab, se\u00f1ala, y Nacho termina su frase: \u00abY con lo dif\u00edcil que es mantener los <a href=\"https:\/\/www.diezminutos.es\/teleprograma\/series-tv\/a65622648\/la-que-se-avecina-portugal-donde-ver-prime-video-fdf\/\" target=\"_blank\" data-vars-ga-outbound-link=\"https:\/\/www.diezminutos.es\/teleprograma\/series-tv\/a65622648\/la-que-se-avecina-portugal-donde-ver-prime-video-fdf\/\" data-vars-ga-ux-element=\"Hyperlink\" data-vars-ga-call-to-action=\"millones y millones de seguidores, no s\u00f3lo en este pa\u00eds, sino fuera\" data-node-id=\"15.5\" class=\"body-link css-177bzfx emevuu60\" rel=\"nofollow noopener\"><strong data-node-id=\"15.5.0\">millones y millones de seguidores<\/strong>, no s\u00f3lo en este pa\u00eds, sino fuera<\/a>. <strong data-node-id=\"15.7\">Yo creo que eso provoca envidia, f\u00edjate<\/strong>\u00ab. <\/p>\n<p><img src=\"https:\/\/www.europesays.com\/es\/wp-content\/uploads\/2025\/09\/1757842811_238_a982b4f8-3383-45d0-81ca-fb597fd6fa80_1734436044.jpg\" alt=\"Headshot of Daniel Reyes\" title=\"Headshot of Daniel Reyes\" width=\"100%\" height=\"100%\" decoding=\"async\" loading=\"lazy\" class=\"css-o0wq4v ev8dhu53\"\/><\/p>\n<p>Daniel Reyes se gradu\u00f3 en Periodismo por la Universidad Rey Juan Carlos. Experto en actualidad de coraz\u00f3n, sociedad y televisi\u00f3n; Dani redacta noticias en Diez Minutos desde 2015, donde ha ganado en los \u00faltimos a\u00f1os una gran experiencia a la hora de escribir sobre todas las novedades de los famosos, reality de televisi\u00f3n como &#8216;Supervivientes&#8217; y &#8216;La isla de las tentaciones&#8217; o series.<br \/>\nLas redes sociales no tienen secretos para \u00e9l, donde se mueve como pez en el agua para encontrar la \u00faltima hora de la vida de los famosos o la pol\u00e9mica m\u00e1s reciente: lo mismo te habla de las Kardashian que de Isabel Pantoja, Beyonc\u00e9, &#8216;S\u00e1lvame&#8217; o de Felipe y Letizia: Realeza, al fin y al cabo, aunque cada uno en lo suyo.<br \/>\nPeriodista 360, a lo Paquita Salas, tampoco tiene l\u00edmite a la hora de escribir sobre temas tan variados como pol\u00edtica o maternidad, o incluso sobre sus aficiones, que pasan por la moda, las \u00faltimas tendencias o la belleza, algo en lo que se especializ\u00f3 tras pasar por la revista S Moda entre 2014 y 2015, donde si ya lleg\u00f3 haci\u00e9ndole &#8216;til\u00edn&#8217; todo ese mundillo, all\u00ed se volvi\u00f3 todo un experto del maquillaje, las cremas o los tratamientos puntuales teros. Un pasatiempo que sigue desarroll\u00e1ndose y que compagina con su trabajo como redactor.<\/p>\n","protected":false},"excerpt":{"rendered":"Pocas series televisivas pueden presumir de tener una solera de d\u00e9cadas en antena como &#8216;Aqu\u00ed no hay quien&hellip;\n","protected":false},"author":2,"featured_media":114107,"comment_status":"","ping_status":"","sticky":false,"template":"","format":"standard","meta":{"footnotes":""},"categories":[171],"tags":[253,146,147,25,24,23,214],"class_list":{"0":"post-114106","1":"post","2":"type-post","3":"status-publish","4":"format-standard","5":"has-post-thumbnail","7":"category-tv","8":"tag-discover","9":"tag-entertainment","10":"tag-entretenimiento","11":"tag-es","12":"tag-espana","13":"tag-spain","14":"tag-tv"},"share_on_mastodon":{"url":"","error":""},"_links":{"self":[{"href":"https:\/\/www.europesays.com\/es\/wp-json\/wp\/v2\/posts\/114106","targetHints":{"allow":["GET"]}}],"collection":[{"href":"https:\/\/www.europesays.com\/es\/wp-json\/wp\/v2\/posts"}],"about":[{"href":"https:\/\/www.europesays.com\/es\/wp-json\/wp\/v2\/types\/post"}],"author":[{"embeddable":true,"href":"https:\/\/www.europesays.com\/es\/wp-json\/wp\/v2\/users\/2"}],"replies":[{"embeddable":true,"href":"https:\/\/www.europesays.com\/es\/wp-json\/wp\/v2\/comments?post=114106"}],"version-history":[{"count":0,"href":"https:\/\/www.europesays.com\/es\/wp-json\/wp\/v2\/posts\/114106\/revisions"}],"wp:featuredmedia":[{"embeddable":true,"href":"https:\/\/www.europesays.com\/es\/wp-json\/wp\/v2\/media\/114107"}],"wp:attachment":[{"href":"https:\/\/www.europesays.com\/es\/wp-json\/wp\/v2\/media?parent=114106"}],"wp:term":[{"taxonomy":"category","embeddable":true,"href":"https:\/\/www.europesays.com\/es\/wp-json\/wp\/v2\/categories?post=114106"},{"taxonomy":"post_tag","embeddable":true,"href":"https:\/\/www.europesays.com\/es\/wp-json\/wp\/v2\/tags?post=114106"}],"curies":[{"name":"wp","href":"https:\/\/api.w.org\/{rel}","templated":true}]}}