{"id":114108,"date":"2025-09-14T09:42:08","date_gmt":"2025-09-14T09:42:08","guid":{"rendered":"https:\/\/www.europesays.com\/es\/114108\/"},"modified":"2025-09-14T09:42:08","modified_gmt":"2025-09-14T09:42:08","slug":"un-soldado-desertor-de-la-ii-guerra-mundial-llega-a-un-pueblo-inquieto-en-esta-aclamada-pelicula-que-se-acaba-de-estrenar-en-streaming","status":"publish","type":"post","link":"https:\/\/www.europesays.com\/es\/114108\/","title":{"rendered":"Un soldado desertor de la II Guerra Mundial llega a un pueblo inquieto en esta aclamada pel\u00edcula que se acaba de estrenar en streaming"},"content":{"rendered":"<p>Uno de los grandes apogeos del cine italiano surgi\u00f3 a ra\u00edz de <strong>varios autores surgiendo poco despu\u00e9s del fin de la guerra<\/strong>, motivo por el cu\u00e1l muchos intentaron indagar en la misma y el impacto en la sociedad italiana de la \u00e9poca, fuese directa o indirectamente. Una significaci\u00f3n social y pol\u00edtica que se rescata con la pel\u00edcula \u2018<a class=\"text-outboundlink\" href=\"https:\/\/www.espinof.com\/criticas\/vermiglio-pelicula-cinefilos-criticos-disfruten-publico-general-puede-aprovechar-para-echarse-siesta\" data-vars-post-title=\"&#039;Vermiglio&#039; es una pel\u00edcula para que los cin\u00e9filos y los cr\u00edticos disfruten. El p\u00fablico general puede aprovechar para echarse una siesta mientras tanto\" data-vars-post-url=\"https:\/\/www.espinof.com\/criticas\/vermiglio-pelicula-cinefilos-criticos-disfruten-publico-general-puede-aprovechar-para-echarse-siesta\" rel=\"nofollow noopener\" target=\"_blank\">Vermiglio<\/a>\u2019.<\/p>\n<p>La cobard\u00eda en las monta\u00f1as<\/p>\n<p>La \u00faltima cinta de <a href=\"https:\/\/www.espinof.com\/tag\/maura-delpero\" rel=\"nofollow noopener\" target=\"_blank\">Maura Delpero<\/a> se dirige a los Alpes italianos durante la Segunda Guerra Mundial para indagar en la relaci\u00f3n de un pueblo con el conflicto, dejando que el retrato de \u00e9poca hable con lo que sucede en el presente. <strong>Una aclamada pel\u00edcula en sus paso por festivales<\/strong> que ahora se puede <a rel=\"nofollow, sponsored, noopener, noreferrer\" target=\"_blank\" class=\"js-ecommerce\" id=\"link-ecommerce-1\" href=\"https:\/\/www.webedia-afilia.com\/redirect?url=https%3A%2F%2Fwww.movistarplus.es%2Fcine%2Fvermiglio%2Fficha%3Ftipo%3DE%26id%3D3914699&amp;category=cine-europeo&amp;site=espinof&amp;ecomPostExpiration=everlasting&amp;postId=247940\" data-vars-affiliate-url=\"https:\/\/www.movistarplus.es\/cine\/vermiglio\/ficha?tipo=E&amp;id=3914699\">ver en streaming a trav\u00e9s de Movistar+<\/a>.<\/p>\n<p>Mientras en Italia y el resto de Europa la guerra est\u00e1 causando estragos, un pueblo remoto en las monta\u00f1as del Norte intenta mantener su tranquila existencia. De repente, un soldado llega al pueblo con todos los indicios de que ha desertado de su labor como combatiente, por lo que el veterano profesor del pueblo tiene que <strong>intervenir para atajar la inquietud de los habitantes<\/strong>.<\/p>\n<p>La pel\u00edcula cuenta con un exquisito trabajo de artesan\u00eda en lo visual, meti\u00e9ndonos en el ambiente helado y casi fantasmag\u00f3rico del pueblo a trav\u00e9s de la textura y el grano de la pel\u00edcula con la que decide rodar. Una decisi\u00f3n que, igual ya por lo inusual que es, termina siendo <strong>lo que mejor nos introduce en el mundo de la pel\u00edcula<\/strong>.<\/p>\n<p>    <a href=\"https:\/\/www.espinof.com\/divulgacion\/primera-pelicula-que-fue-considerada-mejor-historia-cine-clasico-indiscutible-cuyo-prestigio-se-mantiene-intacto\" class=\"pivot-outboundlink\" data-vars-post-title=\"La primera pel\u00edcula que fue considerada la mejor de la historia del cine. Un cl\u00e1sico indiscutible cuyo prestigio se mantiene intacto\" rel=\"nofollow noopener\" target=\"_blank\"><br \/>\n     <img loading=\"lazy\" decoding=\"async\" alt=\"La primera pel\u00edcula que fue considerada la mejor de la historia del cine. Un cl\u00e1sico indiscutible cuyo prestigio se mantiene intacto\" width=\"375\" height=\"142\" src=\"https:\/\/www.europesays.com\/es\/wp-content\/uploads\/2025\/09\/1757842928_78_375_142.jpeg\"\/><br \/>\n    <\/a><\/p>\n<p>Delpero explora un pueblo peque\u00f1o no tan educado por literatura elevada y si por la tradici\u00f3n que imponen religi\u00f3n y valores antiguos. La presencia de un soldado desertor choca de manera casi directa de lo que se considera honorable, dejando de lado pelear por un pa\u00eds y una manera de pensar, <strong>dejando espacio a la inquietud<\/strong>.<\/p>\n<p>La c\u00e1mara de la cineasta italiana evita tomar partido, aunque claramente tiene la ventaja de mirar con el paso del tiempo para interrogar por qu\u00e9 esa fijaci\u00f3n por la violencia c\u00f3mo m\u00e9todo de preservaci\u00f3n de la seguridad y de conseguir honorabilidad. El conflicto est\u00e1 mejor planteado que desarrollado, pero su esfuerzo conecta con los cl\u00e1sicos del cine italiano que exploraban las ambivalencias de <strong>una sociedad reci\u00e9n azotada por el conflicto<\/strong>.<\/p>\n<p>En Espinof | <a class=\"text-outboundlink\" href=\"https:\/\/www.espinof.com\/listas\/mejores-peliculas-2025\" data-vars-post-title=\"Las 14 mejores pel\u00edculas de 2025 (por ahora)\" data-vars-post-url=\"https:\/\/www.espinof.com\/listas\/mejores-peliculas-2025\" rel=\"nofollow noopener\" target=\"_blank\">Las mejores pel\u00edculas de 2025<\/a><\/p>\n<p>En Espinof | <a class=\"text-outboundlink\" href=\"https:\/\/www.espinof.com\/listas\/17-mejores-peliculas-drama-que-puedes-ver-streaming\" data-vars-post-title=\"Las 17 mejores pel\u00edculas de drama que puedes ver en streaming\" data-vars-post-url=\"https:\/\/www.espinof.com\/listas\/17-mejores-peliculas-drama-que-puedes-ver-streaming\" rel=\"nofollow noopener\" target=\"_blank\">Las mejores pel\u00edculas de drama en streaming<\/a><\/p>\n","protected":false},"excerpt":{"rendered":"Uno de los grandes apogeos del cine italiano surgi\u00f3 a ra\u00edz de varios autores surgiendo poco despu\u00e9s del&hellip;\n","protected":false},"author":2,"featured_media":114109,"comment_status":"","ping_status":"","sticky":false,"template":"","format":"standard","meta":{"footnotes":""},"categories":[169],"tags":[177,146,147,25,24,176,175,23],"class_list":{"0":"post-114108","1":"post","2":"type-post","3":"status-publish","4":"format-standard","5":"has-post-thumbnail","7":"category-cine","8":"tag-cine","9":"tag-entertainment","10":"tag-entretenimiento","11":"tag-es","12":"tag-espana","13":"tag-film","14":"tag-movies","15":"tag-spain"},"share_on_mastodon":{"url":"","error":""},"_links":{"self":[{"href":"https:\/\/www.europesays.com\/es\/wp-json\/wp\/v2\/posts\/114108","targetHints":{"allow":["GET"]}}],"collection":[{"href":"https:\/\/www.europesays.com\/es\/wp-json\/wp\/v2\/posts"}],"about":[{"href":"https:\/\/www.europesays.com\/es\/wp-json\/wp\/v2\/types\/post"}],"author":[{"embeddable":true,"href":"https:\/\/www.europesays.com\/es\/wp-json\/wp\/v2\/users\/2"}],"replies":[{"embeddable":true,"href":"https:\/\/www.europesays.com\/es\/wp-json\/wp\/v2\/comments?post=114108"}],"version-history":[{"count":0,"href":"https:\/\/www.europesays.com\/es\/wp-json\/wp\/v2\/posts\/114108\/revisions"}],"wp:featuredmedia":[{"embeddable":true,"href":"https:\/\/www.europesays.com\/es\/wp-json\/wp\/v2\/media\/114109"}],"wp:attachment":[{"href":"https:\/\/www.europesays.com\/es\/wp-json\/wp\/v2\/media?parent=114108"}],"wp:term":[{"taxonomy":"category","embeddable":true,"href":"https:\/\/www.europesays.com\/es\/wp-json\/wp\/v2\/categories?post=114108"},{"taxonomy":"post_tag","embeddable":true,"href":"https:\/\/www.europesays.com\/es\/wp-json\/wp\/v2\/tags?post=114108"}],"curies":[{"name":"wp","href":"https:\/\/api.w.org\/{rel}","templated":true}]}}