{"id":114110,"date":"2025-09-14T09:43:11","date_gmt":"2025-09-14T09:43:11","guid":{"rendered":"https:\/\/www.europesays.com\/es\/114110\/"},"modified":"2025-09-14T09:43:11","modified_gmt":"2025-09-14T09:43:11","slug":"nico-gonzalez-anoto-en-su-debut-con-atletico-de-madrid-y-julian-alvarez-dio-una-asistencia-de-taco","status":"publish","type":"post","link":"https:\/\/www.europesays.com\/es\/114110\/","title":{"rendered":"\u201cNico\u201d Gonz\u00e1lez anot\u00f3 en su debut con Atl\u00e9tico de Madrid y Juli\u00e1n \u00c1lvarez dio una asistencia de taco"},"content":{"rendered":"<p class=\"mb-4 text-lg md:leading-8 break-words\"><b>Atl\u00e9tico de Madrid<\/b> derrot\u00f3 por 2-0 a <b>Villarreal <\/b>en el estadio Metropolitano en un partido v\u00e1lido por la cuarta fecha de la<b> Liga de Espa\u00f1a<\/b>. El triunfo tuvo acento argentino, ya que <b>Juli\u00e1n \u00c1lvarez<\/b> le dio una gran asistencia de taco a <b>Pablo Barrios<\/b> en el primer tanto y Nicol\u00e1s Gonz\u00e1lez anot\u00f3 el segundo tras un gran centro de <b>Marcos Llorente<\/b>. El ex <b>Argentinos Juniors<\/b>, reci\u00e9n llegado a pr\u00e9stamo de la <b>Juventus <\/b>italiana, tuvo un gran debut y recibi\u00f3 la primera ovaci\u00f3n por parte del p\u00fablico colchonero al ser reemplazado en la segunda parte. Fue una victoria bals\u00e1mica para los dirigidos por <b>Diego \u201cCholo\u201d Simeone<\/b>, que en la semana debutar\u00e1n en la Champions ante el <b>Liverpool<\/b> y necesitaban su primer triunfo en el torneo dom\u00e9stico de la temporada 2025\/26.<\/p>\n<p class=\"mb-4 text-lg md:leading-8 break-words\"><b>\u201cNico\u201d Gonz\u00e1lez<\/b>, tal como reza su camiseta, tuvo un gran estreno con la camiseta rojiblanca. Incanzable por la banda izquierda, defendi\u00f3 y atac\u00f3 sin escatimar una sola gota de sudor. <b>El gol que defini\u00f3 el pleito fue puro m\u00e9rito suyo<\/b>. Midi\u00f3 el centro de Llorente y puso la cabeza cuando su marcador, el uruguayo <b>Santiago Mouri\u00f1o<\/b>, no ten\u00eda nada m\u00e1s por hacer. El abrazo posterior con el capit\u00e1n <b>Koke <\/b>fue una muestra gratis de que el argentino entr\u00f3 con el mejor pie en el vestuario del equipo del Cholo.<\/p>\n<p class=\"mb-4 text-lg md:leading-8 break-words\">El entrenador <b>Diego Simeone<\/b> pens\u00f3 en tres argentinos de los seis que tiene en el plantel para iniciar el juego: su hijo <b>Giuliano<\/b>, el debutante <b>Nicol\u00e1s Gonz\u00e1lez<\/b> -presentado oficialmente el viernes y con apenas dos pr\u00e1cticas- y <b>Juli\u00e1n \u00c1lvarez<\/b>, que particip\u00f3 del gol que abri\u00f3 el marcador. Otro futbolista que integra la selecci\u00f3n argentina es titular en el rival: <b>Juan Foyth<\/b>.<\/p>\n<p class=\"mb-4 text-lg md:leading-8 break-words\"><b>La Ara\u00f1a apel\u00f3 a su viveza y una genialidad<\/b> para el 1-0 marcado por Pablo Barrios. En un pase atr\u00e1s arriesgado de la defensa de Villarreal, \u00c1lvarez fue r\u00e1pido para interceptar la pelota y, de primera, le dio el pase de taco dentro del \u00e1rea, ante la marca de Foyth. As\u00ed, lo dej\u00f3 de cara al arco para definir junto a un palo. Iban nueve minutos.<\/p>\n<p>El taco de Juli\u00e1n en el 1-0 de Atl\u00e9tico de Madrid<\/p>\n<p class=\"mb-4 text-lg md:leading-8 break-words\">Poco despu\u00e9s, con <b>un Juli\u00e1n muy activo y productivo<\/b>, cerca estuvo de ampliar la ventaja Giuliano, que se acomod\u00f3 y busc\u00f3 definir junto al segundo palo, cruzado, pero se le fue ancha por golpearla casi con un tobillo. Villarreal respondi\u00f3 con llegadas de peligro, pero con mala punter\u00eda, especialmente de Alberto Moleiro, quien fall\u00f3 un mano a mano incre\u00edble.<\/p>\n<p class=\"mb-4 text-lg md:leading-8 break-words\">Incluso, en la \u00faltima jugada de esa primera mitad, <b>el travesa\u00f1o salv\u00f3 al colchonero en un remate de Nicolas Pep\u00e9<\/b> que impact\u00f3 con fuerza en el ca\u00f1o y pic\u00f3 delante del arquero Jan Oblak, sin que nadie pudiera empujarla para establecer el empate.<\/p>\n<p><img alt=\"El festejo de Juli\u00e1n \u00c1lvarez con Pablo Barrios, autor del primer gol de Atl\u00e9tico de Madrid ante Villarreal\" loading=\"lazy\" width=\"768\" height=\"512\" decoding=\"async\" data-nimg=\"1\" class=\"rounded-lg\" style=\"color:transparent\" src=\"https:\/\/www.europesays.com\/es\/wp-content\/uploads\/2025\/09\/e49fcc0771e8d2fdb4d18eaef71159f8.jpeg\"\/><\/p>\n<p>El festejo de Juli\u00e1n \u00c1lvarez con Pablo Barrios, autor del primer gol de Atl\u00e9tico de Madrid ante Villarreal &#8211; Cr\u00e9ditos: @THOMAS COEX<\/p>\n<p class=\"mb-4 text-lg md:leading-8 break-words\">Para el segundo tiempo, el Cholo quit\u00f3 de la cancha a <b>Juli\u00e1n \u00c1lvarez<\/b> -amonestado y cansado, pero sin problemas f\u00edsicos- y puso en su lugar al noruego <b>Alexander S\u00f8rloth<\/b>. Apenas siete minutos despu\u00e9s del descanso, y luego de una p\u00e9rdida en tres cuartos de cancha del <b>Submarino Amarillo<\/b>, <b>Marcos Llorente<\/b> trep\u00f3, fue hasta el fondo, tir\u00f3 un centro al segundo palo y por all\u00ed, en una de sus diagonales que ya son marca registrada, Gonz\u00e1lez gan\u00f3 en las alturas a <b>Santiago Mouri\u00f1o <\/b>y anot\u00f3 el 2-0 para el conjunto colchonero.<\/p>\n<p class=\"mb-4 text-lg md:leading-8 break-words\">A los 25 minutos de esa segunda parte, el equipo rojiblanco consigui\u00f3 el tercer gol, obra del franc\u00e9s <b>Clement Lenglet<\/b>, y tras un tiro de esquina. Pero el \u00e1rbitro invalid\u00f3 la conquista por un empuj\u00f3n del ex defensor de Barcelona a <b>Renato Veiga<\/b>. El <b>Cholo Simeone<\/b> implor\u00f3 al cielo ante la decisi\u00f3n. Sent\u00eda que el partido estaba definido.<\/p>\n<p class=\"mb-4 text-lg md:leading-8 break-words\">A los 30 minutos del segundo tiempo se termin\u00f3 el <b>gran debut de \u201cNico\u201d<\/b> -tal como reza su camiseta- Gonz\u00e1lez en el partido. Acalambrado, le cedi\u00f3 su lugar a<b> Conor Gallagher<\/b>. El Metropolitano se vino abajo y los hinchas colchoneros se rompieron las manos para aplaudir al ex futbolista de <b>Argentinos Juniors<\/b>, que tuvo apenas un par de entrenamientos con su nuevo club y Simeone lo incluy\u00f3 en el equipo titular. <b>Respondi\u00f3 con creces<\/b>.<\/p>\n<p class=\"mb-4 text-lg md:leading-8 break-words\">Kylian Mbapp\u00e9 anot\u00f3 un gol y asisti\u00f3 en otro para que <b>Real Madrid<\/b>, que se qued\u00f3 con diez jugadores, <b>venciera este s\u00e1bado 2-1 a la Real Sociedad en La Liga. <\/b>La estrella francesa abri\u00f3 el marcador a los 12 minutos con su cuarto gol en igual n\u00famero de partidos esta temporada. el subcampe\u00f3n del mundo utiliz\u00f3 su velocidad para alcanzar un mal pase de un jugador del equipo rival y superar al arquero \u00c1lex Remiro. El conjunto merengue, <b>en donde no ingres\u00f3 Franco Mastantuono desde el banco de suplentes,<\/b> jug\u00f3 con un hombre menos durante casi una hora despu\u00e9s de que el nuevo defensor, Dean Huijsen, recibiera una tarjeta roja directa a los 32 minutos por derribar a Mikel Oyarzabal cuando solo quedaba el portero por superar.<\/p>\n<p><img alt=\"El festejo de Kylian Mbapp\u00e9 para el primer gol de Real Madrid ante Real Sociedad\" loading=\"lazy\" width=\"768\" height=\"512\" decoding=\"async\" data-nimg=\"1\" class=\"rounded-lg\" style=\"color:transparent\" src=\"https:\/\/www.europesays.com\/es\/wp-content\/uploads\/2025\/09\/de9743d4723071b830eb496a76c308fa.jpeg\"\/><\/p>\n<p>El festejo de Kylian Mbapp\u00e9 para el primer gol de Real Madrid ante Real Sociedad &#8211; Cr\u00e9ditos: @Miguel Oses<\/p>\n<p class=\"mb-4 text-lg md:leading-8 break-words\">Pero Mbapp\u00e9 ayud\u00f3 a duplicar la ventaja al 44 con una elegante gambeta girando alrededor de su marcador cerca de la l\u00ednea de fondo, antes de encontrar a Arda Guler con un pase para que el mediocampista turco anotara. Oyarzabal descont\u00f3 para los anfitriones al convertir un penal a los 56 minutos. Dani Carvajal hab\u00eda concedido el penal cuando un bal\u00f3n golpe\u00f3 su brazo en el \u00e1rea. Fue la cuarta victoria del Madrid en igual n\u00famero de partidos para comenzar La Liga.<\/p>\n<p>Las posiciones<\/p>\n","protected":false},"excerpt":{"rendered":"Atl\u00e9tico de Madrid derrot\u00f3 por 2-0 a Villarreal en el estadio Metropolitano en un partido v\u00e1lido por la&hellip;\n","protected":false},"author":2,"featured_media":114111,"comment_status":"","ping_status":"","sticky":false,"template":"","format":"standard","meta":{"footnotes":""},"categories":[93],"tags":[38539,20108,3409,210,38540,27741,33709,168,25,24,5976,38542,38543,22784,15829,8040,24086,38544,205,38538,38348,38541,38537,7209,33711,23,167,10560],"class_list":{"0":"post-114110","1":"post","2":"type-post","3":"status-publish","4":"format-standard","5":"has-post-thumbnail","7":"category-deportes","8":"tag-alberto-moleiro","9":"tag-arda-guler","10":"tag-atletico-de-madrid","11":"tag-barcelona","12":"tag-conor-gallagher","13":"tag-dani-carvajal","14":"tag-dean-huijsen","15":"tag-deportes","16":"tag-es","17":"tag-espana","18":"tag-gonzalez","19":"tag-jan-oblak","20":"tag-juan-foyth","21":"tag-julian-alvarez","22":"tag-juventus","23":"tag-kylian-mbappe","24":"tag-la-liga-de-espana","25":"tag-lenglet","26":"tag-madrid","27":"tag-marcos-llorente","28":"tag-mikel-oyarzabal","29":"tag-nicolas-pepe","30":"tag-pablo-barrios","31":"tag-real-sociedad","32":"tag-renato-veiga","33":"tag-spain","34":"tag-sports","35":"tag-villarreal"},"share_on_mastodon":{"url":"","error":""},"_links":{"self":[{"href":"https:\/\/www.europesays.com\/es\/wp-json\/wp\/v2\/posts\/114110","targetHints":{"allow":["GET"]}}],"collection":[{"href":"https:\/\/www.europesays.com\/es\/wp-json\/wp\/v2\/posts"}],"about":[{"href":"https:\/\/www.europesays.com\/es\/wp-json\/wp\/v2\/types\/post"}],"author":[{"embeddable":true,"href":"https:\/\/www.europesays.com\/es\/wp-json\/wp\/v2\/users\/2"}],"replies":[{"embeddable":true,"href":"https:\/\/www.europesays.com\/es\/wp-json\/wp\/v2\/comments?post=114110"}],"version-history":[{"count":0,"href":"https:\/\/www.europesays.com\/es\/wp-json\/wp\/v2\/posts\/114110\/revisions"}],"wp:featuredmedia":[{"embeddable":true,"href":"https:\/\/www.europesays.com\/es\/wp-json\/wp\/v2\/media\/114111"}],"wp:attachment":[{"href":"https:\/\/www.europesays.com\/es\/wp-json\/wp\/v2\/media?parent=114110"}],"wp:term":[{"taxonomy":"category","embeddable":true,"href":"https:\/\/www.europesays.com\/es\/wp-json\/wp\/v2\/categories?post=114110"},{"taxonomy":"post_tag","embeddable":true,"href":"https:\/\/www.europesays.com\/es\/wp-json\/wp\/v2\/tags?post=114110"}],"curies":[{"name":"wp","href":"https:\/\/api.w.org\/{rel}","templated":true}]}}