{"id":114116,"date":"2025-09-14T09:46:08","date_gmt":"2025-09-14T09:46:08","guid":{"rendered":"https:\/\/www.europesays.com\/es\/114116\/"},"modified":"2025-09-14T09:46:08","modified_gmt":"2025-09-14T09:46:08","slug":"un-estudio-cientifico-cree-que-estamos-dentro-de-un-agujero-negro","status":"publish","type":"post","link":"https:\/\/www.europesays.com\/es\/114116\/","title":{"rendered":"Un estudio cient\u00edfico cree que estamos dentro de un agujero negro"},"content":{"rendered":"<p>La hip\u00f3tesis, casi propia de la ciencia ficci\u00f3n, de que nuestro universo podr\u00eda no ser m\u00e1s que el interior de un gigantesco agujero negro, ha encontrado un aliado inesperado en los confines del cosmos. Un reciente descubrimiento del Telescopio Espacial James Webb ha puesto sobre la mesa un dato que, de confirmarse, obligar\u00eda a los cosm\u00f3logos a replantearse los fundamentos mismos de su disciplina. Se trata de un hallazgo que desaf\u00eda uno de los pilares de la f\u00edsica moderna y abre la puerta a teor\u00edas que hasta ahora permanec\u00edan en el terreno de la pura especulaci\u00f3n sobre <strong>la naturaleza misma del cosmos<\/strong>. Esta audaz proposici\u00f3n se suma a otras ideas que exploran los l\u00edmites de nuestro entendimiento, como la teor\u00eda que postula que en realidad <a title=\"vivimos en una simulaci\u00f3n\" href=\"https:\/\/www.larazon.es\/ciencia\/vivimos-simulacion-eso-cree-fisico-que-dice-tener-pruebas-b30m_202507306888ac32abb2960d1fb8ca38.html\" target=\"_blank\" rel=\"nofollow noopener\">vivimos en una simulaci\u00f3n<\/a> con bases f\u00edsicas demostrables.<\/p>\n<p>El origen de esta sacudida cient\u00edfica se encuentra en un estudio de 263 galaxias situadas en el universo primitivo. Los modelos te\u00f3ricos asum\u00edan que sus movimientos de rotaci\u00f3n se distribuir\u00edan de forma aleatoria, con un equilibrio entre las que giran en el sentido de las agujas del reloj y las que lo hacen en sentido contrario. Sin embargo, los datos del Webb revelan un panorama muy distinto, al detectar <strong>un patr\u00f3n de giro preferente<\/strong>: aproximadamente un 60 % de ellas rota en una direcci\u00f3n, mientras que solo el 40 % lo hace en la opuesta.<\/p>\n<p>Ante esta anomal\u00eda, la explicaci\u00f3n m\u00e1s audaz apunta a que el universo mismo <strong>naci\u00f3 girando sobre s\u00ed mismo<\/strong>. Si el cosmos primitivo tuviera un eje de rotaci\u00f3n, este movimiento original habr\u00eda dejado una huella indeleble en la formaci\u00f3n de las primeras estructuras gal\u00e1cticas. Esta idea, que tal y como <a title=\"han publicado en Iflscience\" href=\"https:\/\/www.iflscience.com\/unexpected-discovery-hints-we-might-be-inside-a-black-hole-80704\" target=\"_blank\" rel=\"nofollow noopener\">han publicado en Iflscience<\/a>, dar\u00eda por primera vez un soporte observable a la controvertida teor\u00eda de que habitamos el interior de un agujero negro preexistente. La complejidad de un agujero negro de escala universal contrasta con los avances te\u00f3ricos que sugieren que la ciencia podr\u00eda <a title=\"fabricar una bomba capaz de crear un agujero negro\" href=\"https:\/\/www.larazon.es\/ciencia\/confirmado-ciencia-puede-fabricar-bomba-que-crea-agujero-negro-b30m_202507026863df5029f2a108e97b142f.html\" target=\"_blank\" rel=\"nofollow noopener\">fabricar una bomba capaz de crear un agujero negro<\/a> a una escala mucho menor.<\/p>\n<p>Una ilusi\u00f3n \u00f3ptica o un universo en rotaci\u00f3n<\/p>\n<p>Por otro lado, los investigadores no descartan una interpretaci\u00f3n mucho m\u00e1s terrenal y que no requerir\u00eda dinamitar las leyes de la f\u00edsica. El desequilibrio observado podr\u00eda ser, en realidad, <strong>una ilusi\u00f3n \u00f3ptica<\/strong> provocada por el conocido efecto Doppler. Este fen\u00f3meno har\u00eda que las galaxias cuya rotaci\u00f3n es opuesta a la de la V\u00eda L\u00e1ctea parecieran m\u00e1s brillantes, lo que provocar\u00eda que estuvieran sobrerrepresentadas en los cat\u00e1logos de observaci\u00f3n y distorsionaran as\u00ed la estad\u00edstica.<\/p>\n<p>De hecho, si esta segunda hip\u00f3tesis fuera la correcta, las consecuencias para la astronom\u00eda seguir\u00edan siendo de una envergadura considerable. Los cient\u00edficos se ver\u00edan forzados a recalibrar por completo sus m\u00e9todos para medir las distancias en el universo profundo. Un ajuste de esta naturaleza no ser\u00eda un simple retoque t\u00e9cnico, sino que podr\u00eda <strong>resolver grandes inc\u00f3gnitas actuales<\/strong>, como las discrepancias que existen en el c\u00e1lculo de la velocidad a la que se expande el universo. De hecho, resolver las discrepancias en la expansi\u00f3n del universo es tan crucial como abordar otros enigmas, pues los <a title=\"cient\u00edficos est\u00e1n a punto de dar caza a la materia oscura\" href=\"https:\/\/www.larazon.es\/ciencia\/cientificos-estan-punto-dar-caza-materia-oscura-haran-levitando-objetos-b30m_202507066864e83a29f2a108e97bbb7a.html\" target=\"_blank\" rel=\"nofollow noopener\">cient\u00edficos est\u00e1n a punto de dar caza a la materia oscura<\/a> utilizando m\u00e9todos innovadores que tambi\u00e9n dependen de mediciones precisas.<\/p>\n<p>No obstante, la comunidad cient\u00edfica subraya la necesidad de actuar con cautela. Tanto una posibilidad como la otra abren nuevas e fascinantes v\u00edas de investigaci\u00f3n, pero <strong>se necesitan muchas m\u00e1s observaciones<\/strong> para confirmar estos hallazgos preliminares y determinar cu\u00e1l de las dos explicaciones se ajusta a la realidad. El debate, en cualquier caso, ya est\u00e1 servido y promete marcar la agenda de la cosmolog\u00eda durante los pr\u00f3ximos a\u00f1os.<\/p>\n","protected":false},"excerpt":{"rendered":"La hip\u00f3tesis, casi propia de la ciencia ficci\u00f3n, de que nuestro universo podr\u00eda no ser m\u00e1s que el&hellip;\n","protected":false},"author":2,"featured_media":114117,"comment_status":"","ping_status":"","sticky":false,"template":"","format":"standard","meta":{"footnotes":""},"categories":[81],"tags":[119,123,124,25,24,117,121,122,23,118,120],"class_list":{"0":"post-114116","1":"post","2":"type-post","3":"status-publish","4":"format-standard","5":"has-post-thumbnail","7":"category-ciencia-y-tecnologia","8":"tag-ciencia","9":"tag-ciencia-y-tecnologia","10":"tag-cienciaytecnologia","11":"tag-es","12":"tag-espana","13":"tag-science","14":"tag-science-and-technology","15":"tag-scienceandtechnology","16":"tag-spain","17":"tag-technology","18":"tag-tecnologia"},"share_on_mastodon":{"url":"","error":""},"_links":{"self":[{"href":"https:\/\/www.europesays.com\/es\/wp-json\/wp\/v2\/posts\/114116","targetHints":{"allow":["GET"]}}],"collection":[{"href":"https:\/\/www.europesays.com\/es\/wp-json\/wp\/v2\/posts"}],"about":[{"href":"https:\/\/www.europesays.com\/es\/wp-json\/wp\/v2\/types\/post"}],"author":[{"embeddable":true,"href":"https:\/\/www.europesays.com\/es\/wp-json\/wp\/v2\/users\/2"}],"replies":[{"embeddable":true,"href":"https:\/\/www.europesays.com\/es\/wp-json\/wp\/v2\/comments?post=114116"}],"version-history":[{"count":0,"href":"https:\/\/www.europesays.com\/es\/wp-json\/wp\/v2\/posts\/114116\/revisions"}],"wp:featuredmedia":[{"embeddable":true,"href":"https:\/\/www.europesays.com\/es\/wp-json\/wp\/v2\/media\/114117"}],"wp:attachment":[{"href":"https:\/\/www.europesays.com\/es\/wp-json\/wp\/v2\/media?parent=114116"}],"wp:term":[{"taxonomy":"category","embeddable":true,"href":"https:\/\/www.europesays.com\/es\/wp-json\/wp\/v2\/categories?post=114116"},{"taxonomy":"post_tag","embeddable":true,"href":"https:\/\/www.europesays.com\/es\/wp-json\/wp\/v2\/tags?post=114116"}],"curies":[{"name":"wp","href":"https:\/\/api.w.org\/{rel}","templated":true}]}}