{"id":114120,"date":"2025-09-14T09:48:08","date_gmt":"2025-09-14T09:48:08","guid":{"rendered":"https:\/\/www.europesays.com\/es\/114120\/"},"modified":"2025-09-14T09:48:08","modified_gmt":"2025-09-14T09:48:08","slug":"las-motivaciones-de-crimenes-como-el-de-charlie-kirk","status":"publish","type":"post","link":"https:\/\/www.europesays.com\/es\/114120\/","title":{"rendered":"las motivaciones de cr\u00edmenes como el de Charlie Kirk"},"content":{"rendered":"<p class=\"c-paragraph\"><b>La pol\u00edtica no es suficiente<\/b>. Son incontables los asesinatos que se cometen en nombre de banderas e ideolog\u00edas, pero a menudo esconden otras motivaciones. Las narrativas de bandos pueden convertirse en excusa e impulso para liberar otro tipo de<b> emociones.<\/b> Ocurre con gran frecuencia en el \u00e1mbito de la radicalizaci\u00f3n terrorista, pero no solo. Tambi\u00e9n pasa en los casos aislados. Tyler Robinson se suma a una lista de chicos demasiado j\u00f3venes que se convierten en muy poco tiempo en asesinos. Y es necesario preguntarse c\u00f3mo es posible.<\/p>\n<p class=\"c-paragraph\">Se encuentran ciertas similitudes con<a href=\"https:\/\/www.20minutos.es\/noticia\/5531115\/0\/quien-es-atacante-trump-joven-anos-llamado-thomas-matthew-crooks\/\" rel=\"nofollow noopener\" target=\"_blank\"> Thomas Matthew Crooks<\/a>, el chico de 20 a\u00f1os autor del <b>atentado a Donald Trump<\/b> en un acto de campa\u00f1a en Pensilavania, en 2024. En ambos casos el perfil result\u00f3 confuso, poco definido, en cierto modo err\u00e1tico. Tyler tiene 22 a\u00f1os, es buen estudiante, su entorno lo define como <b>retra\u00eddo y t\u00edmido<\/b>. Le gusta jugar con videojuegos. De familia republicana, no hab\u00eda mostrado con anterioridad signos de radicalizaci\u00f3n pol\u00edtica demasiado evidentes. Del mismo modo, Matthew tambi\u00e9n era un <b>joven solitario<\/b>, inteligente y amante de los juegos online. Los dos, de repente, comenzaron a buscar informaci\u00f3n pol\u00edtica en redes y, antes de que nadie pudiese darse cuenta, ya era demasiado tarde.<\/p>\n<p class=\"c-paragraph\">Matthew fue abatido por los agentes y la investigaci\u00f3n no lleg\u00f3 a determinar con claridad su verdadera motivaci\u00f3n. Tyler<b> testificar\u00e1 la pr\u00f3xima semana<\/b>, y quiz\u00e1 de su testimonio y an\u00e1lisis psicol\u00f3gico pueda esclarecerse algo m\u00e1s. La edad no es tan inusual. A nivel general los homicidas suelen tener entre 20 y 40 a\u00f1os, pero si se observan las estad\u00edsticas, por ejemplo, del perfil de los asesinos en masa de EEUU, la mitad son j\u00f3venes que rondan los 20 a\u00f1os. Lo realmente llamativo es la <b>escalada de velocidad <\/b>que se observa en los procesos de radicalizaci\u00f3n de cualquier \u00edndole.<\/p>\n<p class=\"c-paragraph\">A la mayor\u00eda de chicos de su edad le gustan los videojuegos. Y claro que los hay violentos. Pero no existe una clara relaci\u00f3n directa entre su consumo y el aumento de la agresividad, al menos, no en t\u00e9rminos cuantificables, y no hay pruebas suficientes o consenso al respecto. Pero otro asunto es la <b>exposici\u00f3n continua y constante <\/b>a diversos contenidos fuertes. El bombardeo repetitivo de discursos o im\u00e1genes s\u00ed puede llegar a aumentar la crispaci\u00f3n interna. Como ocurre con los mensajes subliminales, las ideas se acaban digiriendo y, en algunos casos, pueden llegar a alterar el raciocinio.<\/p>\n<p class=\"c-paragraph\">Varios familiares han contado en entrevistas que Tyler <b>se hab\u00eda politizado<\/b> m\u00e1s en los \u00faltimos tiempos. <a href=\"https:\/\/www.20minutos.es\/gente\/charlie-kirk-activista-republicano-asesinado-casado-exmiss-padre-dos-hijos_6244491_0.html\" rel=\"nofollow noopener\" target=\"_blank\">Criticaba a Charlie Kirk <\/a>y pensaba que esparc\u00eda el odio. En la plataforma Discord se hallaron mensajes donde hablaba del rifle o c\u00f3mo esconderlo, y habr\u00eda utilizado un Mauser de caza que encontrado en una zona boscosa envuelto en una toalla. Algunos casquillos habr\u00edan llevado inscripciones como \u201chey, fascista, atrapa esto\u201d, \u201cBella ciao\u201d, la canci\u00f3n antifascista italiana, o \u201csi lees esto eres gay jaja\u201d. De los mensajes encontrados, podr\u00eda discernir un <b>tipo de personalidad inmadura.<\/b><\/p>\n<p class=\"c-paragraph\">En cuanto a la inmadurez emocional se le a\u00f1ade la baja empat\u00eda, el peligro aumenta. La polarizaci\u00f3n no ayuda, como tampoco la tensi\u00f3n social o el odio en foros y redes. Por supuesto que se reabre el eterno debate sobre el acceso a las armas en chicos tan j\u00f3venes. Y el enganche perenne a Internet, el aislamiento social o el resentimiento se suman a la <b>baja tolerancia a la frustraci\u00f3n<\/b>, una peligrosa din\u00e1mica que se ha detectado especialmente en las nuevas generaciones. El todo conforma una cadena de factores que terminan gestando el c\u00f3ctel criminal, la \u201cmano de p\u00f3ker\u201d: se necesitan todas las cartas para cometer un crimen.<\/p>\n<p class=\"c-paragraph\"><b>Reacciones m\u00e1s explosivas<\/b>, emociones retra\u00eddas, rabia contenida. Y de pronto una motivaci\u00f3n capaz de justificar las ansias internas y empujar al desahogo cat\u00e1rtico. Es tan necesario dar con los culpables como perseguir las causas que los mueven. Son numerosos los estudios que confirman que los j\u00f3venes de hoy son menos felices que los de hace 20 a\u00f1os. Se observa, por ejemplo, en el\u00a0<b><b>\u201cfen\u00f3meno de la curva en U\u201d:<\/b><\/b>\u00a0tradicionalmente, la felicidad puntuar\u00eda alto en edades tempranas, comenzar\u00eda a bajar en la mediana edad y luego volver\u00eda a subir. La t\u00edpica crisis de los 40 ahora se da a los 20. Los datos recientes indican que para muchos j\u00f3venes esa curva\u00a0<b><b>se est\u00e1 aplastando.<\/b><\/b><\/p>\n<p class=\"c-paragraph\">Y mientras todo esto ocurre, la sociedad vuelve a dividirse ante un asesinato, hasta instrumentalizarlo. El ruido de fondo sigue siendo pol\u00edtico y conspirativo en lugar de humano. Todo suma en el c\u00f3ctel criminal, y las emociones ocupan un lugar elevado. <b>La ansiedad, la rabia o la soledad<\/b> destrozan la paz mental que, en el fondo, es la felicidad. Criminales veintea\u00f1eros los ha habido siempre, y rara vez existe una sola explicaci\u00f3n. Pero si la radicalizaci\u00f3n se acelera y la tristeza aumenta, convendr\u00eda darle una vuelta.<\/p>\n","protected":false},"excerpt":{"rendered":"La pol\u00edtica no es suficiente. Son incontables los asesinatos que se cometen en nombre de banderas e ideolog\u00edas,&hellip;\n","protected":false},"author":2,"featured_media":114121,"comment_status":"","ping_status":"","sticky":false,"template":"","format":"standard","meta":{"footnotes":""},"categories":[42],"tags":[17,18,38545,13,14,7629,11,61,62,63,64,4207,19,20,38546,9,10,15,16,952,12,21,22,65,66,67],"class_list":{"0":"post-114120","1":"post","2":"type-post","3":"status-publish","4":"format-standard","5":"has-post-thumbnail","7":"category-internacional","8":"tag-breaking-news","9":"tag-breakingnews","10":"tag-curva","11":"tag-featured-news","12":"tag-featurednews","13":"tag-fenomeno","14":"tag-headlines","15":"tag-internacional","16":"tag-international","17":"tag-international-news","18":"tag-internationalnews","19":"tag-las","20":"tag-latest-news","21":"tag-latestnews","22":"tag-motivaciones","23":"tag-news","24":"tag-noticias","25":"tag-noticias-destacadas","26":"tag-noticiasdestacadas","27":"tag-politica","28":"tag-titulares","29":"tag-ultimas-noticias","30":"tag-ultimasnoticias","31":"tag-world","32":"tag-world-news","33":"tag-worldnews"},"share_on_mastodon":{"url":"","error":""},"_links":{"self":[{"href":"https:\/\/www.europesays.com\/es\/wp-json\/wp\/v2\/posts\/114120","targetHints":{"allow":["GET"]}}],"collection":[{"href":"https:\/\/www.europesays.com\/es\/wp-json\/wp\/v2\/posts"}],"about":[{"href":"https:\/\/www.europesays.com\/es\/wp-json\/wp\/v2\/types\/post"}],"author":[{"embeddable":true,"href":"https:\/\/www.europesays.com\/es\/wp-json\/wp\/v2\/users\/2"}],"replies":[{"embeddable":true,"href":"https:\/\/www.europesays.com\/es\/wp-json\/wp\/v2\/comments?post=114120"}],"version-history":[{"count":0,"href":"https:\/\/www.europesays.com\/es\/wp-json\/wp\/v2\/posts\/114120\/revisions"}],"wp:featuredmedia":[{"embeddable":true,"href":"https:\/\/www.europesays.com\/es\/wp-json\/wp\/v2\/media\/114121"}],"wp:attachment":[{"href":"https:\/\/www.europesays.com\/es\/wp-json\/wp\/v2\/media?parent=114120"}],"wp:term":[{"taxonomy":"category","embeddable":true,"href":"https:\/\/www.europesays.com\/es\/wp-json\/wp\/v2\/categories?post=114120"},{"taxonomy":"post_tag","embeddable":true,"href":"https:\/\/www.europesays.com\/es\/wp-json\/wp\/v2\/tags?post=114120"}],"curies":[{"name":"wp","href":"https:\/\/api.w.org\/{rel}","templated":true}]}}