{"id":114128,"date":"2025-09-14T09:52:27","date_gmt":"2025-09-14T09:52:27","guid":{"rendered":"https:\/\/www.europesays.com\/es\/114128\/"},"modified":"2025-09-14T09:52:27","modified_gmt":"2025-09-14T09:52:27","slug":"rotunda-puerta-grande-de-ismael-martin-ante-una-decepcionante-corrida-de-vellosino","status":"publish","type":"post","link":"https:\/\/www.europesays.com\/es\/114128\/","title":{"rendered":"Rotunda Puerta Grande de Ismael Mart\u00edn ante una decepcionante corrida de Vellosino"},"content":{"rendered":"<p class=\"paragraph\" id=\"paragraph_1\">Segunda de abono en Salamanca, clima id\u00f3neo para la lidia y el espectador, temperatura media sin exceso de calor y sin ese aire molesto que tanto le da por asomar en esta zona de la capital charra, ser\u00e1 cosa de las plazas de categor\u00eda, f\u00edjense si no en el aire de Las Ventas.<\/p>\n<p class=\"paragraph\" id=\"paragraph_2\">En el cartel dos toreros de la tierra con una gran temporada a las espaldas y con el cari\u00f1o garantizado del p\u00fablico charro, Dami\u00e1n Casta\u00f1o e Ismael Mart\u00edn, este \u00faltimo nacido por casualidades de la vida en Z\u00farich (Suiza) y Diego San Rom\u00e1n, mexicano de Santiago de Quer\u00e9taro, con mucho que decir en las tierras charras peninsulares.<\/p>\n<p class=\"paragraph\" id=\"paragraph_3\">Arranca la lidia <strong>Dami\u00e1n Casta\u00f1o<\/strong> con el \u00fanico \u2018colorao\u2019 de la tarde. Astillado tras el saludo capotero del salmantino colocado excepcionalmente por el matador.<\/p>\n<p><img loading=\"lazy\" decoding=\"async\" alt=\"Pase\u00edllo\" height=\"1106\" src=\"https:\/\/www.europesays.com\/es\/wp-content\/uploads\/2025\/09\/1003743923970_258680669_1706x1106.jpg\" width=\"1706\" data-lazy-status=\"processed\" data-lazy-info=\"remove loading item 1\"\/><\/p>\n<p class=\"paragraph\" id=\"paragraph_4\">El toro de Vellosino pierde constantemente las manos a pesar del escaso pinchazo proporcionado en el tercio de varas. Muletazos estirados y de escasa transmisi\u00f3n, el toro tiene sus teclas, brusco al cite del matador, especialmente con la mano derecha, la izquierda apenas la vimos.<\/p>\n<p class=\"paragraph\" id=\"paragraph_5\">Pinchazo y t\u00edmida estocada de guardia, descabello al estilo batidora y descabello en su sitio. Ovaci\u00f3n.<\/p>\n<p class=\"paragraph\" id=\"paragraph_6\">El segundo de la tarde de nombre &#8216;Gitanito&#8217; hace entrada en el ruedo con un pit\u00f3n partido desde la cepa y sangrando, como si se lo hubiese partido en el proceso de salida de los chiqueros. Es devuelto a corrales.<\/p>\n<p class=\"paragraph\" id=\"paragraph_7\">Entra en su lugar el rese\u00f1ado para quinto de la tarde \u2013corri\u00e9ndose turno\u2013 tras un l\u00edo de carreras del delegado de la autoridad, su s\u00e9quito, conserje y responsables de plaza. De nombre &#8216;Vigarro&#8217; entra en la plaza con el reconocimiento de la Plaza a su presencia y seriedad.<\/p>\n<p><img decoding=\"async\" alt=\"Imagen del proyecto de 'El Toro de Espa\u00f1a'.\" height=\"180\" loading=\"lazy\" width=\"320\" data-lazy-status=\"processed\" id=\"82c9b44b76\" src=\"https:\/\/www.elespanol.com\/castilla-y-leon\/region\/salamanca\/20250913\/rotunda-puerta-grande-ismael-martin-decepcionante-corrida-vellosino\/[\" https:=\"\" data-lazy-info=\"changed src\"\/><\/p>\n<p class=\"paragraph\" id=\"paragraph_8\">El toro parece acusar ciertos problemas de vista y tambi\u00e9n de movilidad. Ovacionado Pedro Manuel Mu\u00f1oz por su labor en varas, siendo derribado con su caballo finalmente antes de la salida de peto del toro. Brindis al p\u00fablico del matador mejicano.<\/p>\n<p class=\"paragraph\" id=\"paragraph_9\">El animal acusa en los inicios de la muleta los mismos problemas que ven\u00eda reiterando en toda la lidia. Pese a las toscas embestidas, <strong>Diego San Rom\u00e1n<\/strong> arranca muletazos de mucho cuajo, destacando con la mano izquierda. Faena meritoria, el p\u00fablico responde y se barruntan las orejas.<\/p>\n<p><img decoding=\"async\" alt=\"Muletazo del mexicano Diego San Rom\u00e1n\" height=\"1124\" loading=\"lazy\" width=\"1706\" data-lazy-status=\"processed\" id=\"2ff1aa06f4\" src=\"https:\/\/www.elespanol.com\/castilla-y-leon\/region\/salamanca\/20250913\/rotunda-puerta-grande-ismael-martin-decepcionante-corrida-vellosino\/[\" https:=\"\" data-lazy-info=\"changed src\"\/><\/p>\n<p>                                                            Muletazo del mexicano Diego San Rom\u00e1n<\/p>\n<p>                    BMF Toros<\/p>\n<p class=\"paragraph\" id=\"paragraph_10\">El toro se raja en las \u00faltimas tandas con la derecha. Estocad\u00f3n en todo lo alto. Aviso y descabello a la segunda. Rotunda ovaci\u00f3n tras una t\u00edmida petici\u00f3n de oreja.<\/p>\n<p class=\"paragraph\" id=\"paragraph_11\">Abanto de salida el tercero de la tarde, sin centrarse en el capote de<strong> Ismael Mart\u00edn<\/strong>. Presto el toro al caballo. De lo m\u00e1s destacado de lo que llevamos de tarde el elegante \u2018galleo\u2019 al sacar del caballo.<\/p>\n<p class=\"paragraph\" id=\"paragraph_12\">Precioso tercio de banderillas blancas del torero de Cantalpino a los sones del pasodoble \u2018Amparito Roca\u2019. El \u00faltimo par poniendo la plaza &#8216;patas arriba&#8217;. Brindis al hist\u00f3rico Jos\u00e9 Luis Rodriguez y a su mujer, ganaderos de Valrubio. Inicia Ismael Mart\u00edn de rodillas en el tercio, florituras molinete y avanzando hacia los medios.<\/p>\n<p><img decoding=\"async\" alt=\"Banderillas del salmantino Ismael Mart\u00edn\" height=\"1135\" loading=\"lazy\" width=\"1706\" data-lazy-status=\"processed\" id=\"9adb440069\" src=\"https:\/\/www.elespanol.com\/castilla-y-leon\/region\/salamanca\/20250913\/rotunda-puerta-grande-ismael-martin-decepcionante-corrida-vellosino\/[\" https:=\"\" data-lazy-info=\"changed src\"\/><\/p>\n<p>                                                            Banderillas del salmantino Ismael Mart\u00edn<\/p>\n<p>                    BMF Toros<\/p>\n<p class=\"paragraph\" id=\"paragraph_13\">Muletazos templados y muy bien vaciados, rematados con sus ce\u00f1idos pases de pecho con cambio de mano, cuando toca. Midiendo muy bien los tiempos. Mucha torer\u00eda al ir a cambiar la espada, sujet\u00e1ndose la muleta cual capa bejarana. Bernardinas ce\u00f1idas y unas preciosas trincherillas antes de entrar a matar. Dos orejas.<\/p>\n<p class=\"paragraph\" id=\"paragraph_14\">Recibe <strong>Dami\u00e1n Casta\u00f1o<\/strong> de rodillas, una \u2018porta gayola\u2019 de m\u00e1s de aventurada a los medios. El toro lo arrasa a su paso con las patas, quedando dolorido del percance. Gran toreo a la ver\u00f3nica a pesar de mostrar signos de estar notablemente menguado por el golpe.<\/p>\n<p class=\"paragraph\" id=\"paragraph_15\">Pierde las manos el de Vellosino tras su paso por varas. Muleta en la derecha e inicia monterado pegado al tercio del tendido 6. Extraordinarios pases con ambas manos, haciendo todo el matador, insisto, resentido del percance. Estocada delantera y tendida. El toro cae tras un par de entradas con el verduguillo. Ovaci\u00f3n.<\/p>\n<p class=\"paragraph\" id=\"paragraph_16\">Sale por chiqueros el casta\u00f1o rese\u00f1ado como primer sobrero al correr turno en el suyo anterior. Encelado con vicio en el caballo despu\u00e9s de recibir la vara. Inicia <strong>Diego San<\/strong> <strong>Rom\u00e1n<\/strong> con la derecha subido en el estribo pegado a tablas, muy ce\u00f1ido, rematado hacia los medios.<\/p>\n<p class=\"paragraph\" id=\"paragraph_17\">Muletazos muy dignos con la mano derecha, situ\u00e1ndose el matador por encima del toro. Manoletinas, pase de pecho y a matar. Estocada. El toro cae redondo. Protagonismo del puntillero de turno. Ovaci\u00f3n tras aviso.<\/p>\n<p class=\"paragraph\" id=\"paragraph_18\">&#8216;Inclusero&#8217;, el sexto de la tarde, ovacionado en su salida de chiqueros por su seriedad y cuajo. El m\u00e1s serio de la tarde. Bien picado. Muy bien <strong>Ismael Mart\u00edn<\/strong> en su quite personal despu\u00e9s del tercio de varas. Grandes pares del que podr\u00edamos decir que es el mejor torero rehiletero del panorama actual. Destacados muletazos sin grandes series. Pinchazo y estocada.<\/p>\n<p><img decoding=\"async\" alt=\"Muletazo del salmantino Ismael Mart\u00edn\" height=\"1101\" loading=\"lazy\" width=\"1706\" data-lazy-status=\"processed\" id=\"47f12a7f64\" src=\"https:\/\/www.elespanol.com\/castilla-y-leon\/region\/salamanca\/20250913\/rotunda-puerta-grande-ismael-martin-decepcionante-corrida-vellosino\/[\" https:=\"\" data-lazy-info=\"changed src\"\/><\/p>\n<p>                                                            Muletazo del salmantino Ismael Mart\u00edn<\/p>\n<p>                    BMF Toros<\/p>\n<p class=\"paragraph\" id=\"paragraph_19\">Plaza de Toros de Salamanca. <strong>Feria de la Virgen de la Vega<\/strong>. 2\u00aa de abono. Toros de Vellosino para los diestros:<\/p>\n<p class=\"paragraph\" id=\"paragraph_20\">&#8211; <strong>Dami\u00e1n Casta\u00f1o<\/strong>, Ovaci\u00f3n y Ovaci\u00f3n.<br \/>&#8211; <strong>Diego San Rom\u00e1n<\/strong>, Ovaci\u00f3n y\u00a0saludos desde el ruedo<br \/>&#8211;<strong>\u00a0Ismael Mart\u00edn<\/strong>, Dos Orejas y oreja<\/p>\n<p class=\"paragraph\" id=\"paragraph_21\">Incidencias:<br \/>Silbado el primer toro en el arrastre.<\/p>\n","protected":false},"excerpt":{"rendered":"Segunda de abono en Salamanca, clima id\u00f3neo para la lidia y el espectador, temperatura media sin exceso de&hellip;\n","protected":false},"author":2,"featured_media":114129,"comment_status":"","ping_status":"","sticky":false,"template":"","format":"standard","meta":{"footnotes":""},"categories":[277],"tags":[373,2598,168,25,24,10048,3614,34355,23,167,374],"class_list":{"0":"post-114128","1":"post","2":"type-post","3":"status-publish","4":"format-standard","5":"has-post-thumbnail","7":"category-toreo","8":"tag-bullfighting","9":"tag-corridas-toros","10":"tag-deportes","11":"tag-es","12":"tag-espana","13":"tag-plazas-de-toros","14":"tag-salamanca","15":"tag-salamanca-municipio","16":"tag-spain","17":"tag-sports","18":"tag-toreo"},"share_on_mastodon":{"url":"","error":""},"_links":{"self":[{"href":"https:\/\/www.europesays.com\/es\/wp-json\/wp\/v2\/posts\/114128","targetHints":{"allow":["GET"]}}],"collection":[{"href":"https:\/\/www.europesays.com\/es\/wp-json\/wp\/v2\/posts"}],"about":[{"href":"https:\/\/www.europesays.com\/es\/wp-json\/wp\/v2\/types\/post"}],"author":[{"embeddable":true,"href":"https:\/\/www.europesays.com\/es\/wp-json\/wp\/v2\/users\/2"}],"replies":[{"embeddable":true,"href":"https:\/\/www.europesays.com\/es\/wp-json\/wp\/v2\/comments?post=114128"}],"version-history":[{"count":0,"href":"https:\/\/www.europesays.com\/es\/wp-json\/wp\/v2\/posts\/114128\/revisions"}],"wp:featuredmedia":[{"embeddable":true,"href":"https:\/\/www.europesays.com\/es\/wp-json\/wp\/v2\/media\/114129"}],"wp:attachment":[{"href":"https:\/\/www.europesays.com\/es\/wp-json\/wp\/v2\/media?parent=114128"}],"wp:term":[{"taxonomy":"category","embeddable":true,"href":"https:\/\/www.europesays.com\/es\/wp-json\/wp\/v2\/categories?post=114128"},{"taxonomy":"post_tag","embeddable":true,"href":"https:\/\/www.europesays.com\/es\/wp-json\/wp\/v2\/tags?post=114128"}],"curies":[{"name":"wp","href":"https:\/\/api.w.org\/{rel}","templated":true}]}}