{"id":114132,"date":"2025-09-14T09:55:10","date_gmt":"2025-09-14T09:55:10","guid":{"rendered":"https:\/\/www.europesays.com\/es\/114132\/"},"modified":"2025-09-14T09:55:10","modified_gmt":"2025-09-14T09:55:10","slug":"las-cuentas-de-alcaraz-y-sinner-para-terminar-2025-como-numero-uno-del-mundo","status":"publish","type":"post","link":"https:\/\/www.europesays.com\/es\/114132\/","title":{"rendered":"Las cuentas de Alcaraz y Sinner para terminar 2025 como n\u00famero uno del mundo"},"content":{"rendered":"<p class=\"paragraph\">Ser n\u00famero uno del mundo es un premio con el que sue\u00f1a todo tenista profesional y, por un motivo u otro, son s\u00f3lo unos pocos los que tienen la suerte u oportunidad, como se quiera llamar, de cumplir ese objetivo.<\/p>\n<p class=\"paragraph\">En la actualidad, ese privilegio le corresponde a <b>Carlos Alcaraz<\/b>. El tenista murciano se marc\u00f3 como prop\u00f3sito recuperar el cetro mundial en este 2025 y, tras trabajar y esforzarse al m\u00e1ximo, volvi\u00f3 a la cima mundial nueve meses despu\u00e9s gracias a su reciente \u00e9xito en el <b>US Open.<\/b><\/p>\n<p>            <a href=\"#\" title=\"\"><br \/>\n                <img decoding=\"async\" loading=\"lazy\" width=\"120px\" height=\"90px\" alt=\"Carlos Alcaraz posa con el trofeo de campe\u00f3n del US Open\" src=\"https:\/\/imagenes.eldebate.com\/files\/related_image\/files\/fp\/uploads\/2025\/09\/09\/68bfe900295f3.r_d.1402-449.jpeg\" data-full-src=\"https:\/\/www.europesays.com\/es\/wp-content\/uploads\/2025\/09\/68bfe900295f3.jpeg\"\/><br \/>\n            <\/a><\/p>\n<p class=\"paragraph\">En estos momentos, Carlitos cuenta con 11.540 puntos en su casillero y le saca 760 a <b>Jannik Sinner,<\/b> su gran rival generacional en el deporte de la raqueta. La distancia entre ambos no es muy grande y esto obliga a Alcaraz a no bajar la guardia.<\/p>\n<p class=\"paragraph\">La temporada ten\u00edstica llegar\u00e1 a su fin el 16 de noviembre, fecha en la que se disputa el partido definitivo de las ATP Finals, y el murciano deber\u00e1 de rendir al m\u00e1ximo si quiere preservar este reconocimiento. Porque Sinner, el segundo mejor jugador del mundo de la actualidad, va a ir con todo mientras haya opciones. En ese sentido, las cuentas son muy claras. As\u00ed que, vayamos por partes.<\/p>\n<p class=\"paragraph\">De aqu\u00ed a que acabe el 2025, Carlos Alcaraz defiende tan solo 1.000 puntos, lo que le da cierto margen. El murciano s\u00f3lo est\u00e1 obligado a revalidar el t\u00edtulo de campe\u00f3n en el <b>ATP 500 de Pek\u00edn<\/b>, donde gan\u00f3, precisamente, a Sinner en una de esas finales para el recuerdo, si es que decide participar en \u00e9l, cosa que a\u00fan no est\u00e1 muy clara, ya que a\u00fan no ha definido la totalidad de su calendario de aqu\u00ed al final de temporada.<\/p>\n<p>            <a href=\"#\" title=\"\"><br \/>\n                <img decoding=\"async\" loading=\"lazy\" width=\"120px\" height=\"90px\" alt=\"Carlos Alcaraz ha completado siete meses magn\u00edficos\" src=\"https:\/\/imagenes.eldebate.com\/files\/related_image\/files\/fp\/uploads\/2025\/09\/09\/68c052557841b.r_d.2235-1178.jpeg\" data-full-src=\"https:\/\/www.europesays.com\/es\/wp-content\/uploads\/2025\/09\/68c052557841b.jpeg\"\/><br \/>\n            <\/a><\/p>\n<p class=\"paragraph\">Todo lo dem\u00e1s se ve como una oportunidad para mejorar y seguir sumando puntos. En el <b>Masters 1000 de Shangh\u00e1i,<\/b> por ejemplo, Alcaraz debe defender los 200 que obtuvo por llegar a los cuartos del a\u00f1o pasado, ronda en la que perdi\u00f3 contra el checo <b>Tomas Machac.<\/b><\/p>\n<p class=\"paragraph\">En el <b>Masters 1000 de Par\u00eds-Bercy,<\/b> el tenista de El Palmar consigui\u00f3 100 puntos, que corresponden a los octavos de final (fase en la que cay\u00f3 derrotado ante el franc\u00e9s <b>Ugo Humbert<\/b>). Y, por \u00faltimo, Alcaraz deber\u00e1 de mejorar su participaci\u00f3n en las ATP Finals para sumar los m\u00e1ximos puntos posibles, que son 1.500.<\/p>\n<p class=\"paragraph\">En resumen, y como dijimos anteriormente, Alcaraz s\u00f3lo defiende 1.000 puntos, una cifra que superar\u00e1 si mantiene el nivel que ha mostrado en la gira veraniega de <b>Estados Unidos,<\/b> en la que consigui\u00f3 3.000 puntos. \u00abLa mejor versi\u00f3n hasta el momento, s\u00ed. Ahora que est\u00e1 muy de moda decir el prime de uno, el prime de otro, no siento que yo est\u00e9 en mi prime todav\u00eda. Siento que estoy en mi mejor versi\u00f3n de lo que llevo de carrera, pero todav\u00eda tengo que margen para ser mejor. <b>Todav\u00eda no he llegado a mi 100 % de nivel y estoy trabajando para poder alcanzarlo. <\/b>Pienso que, con 22 a\u00f1os, tener la mejor versi\u00f3n de toda una carrera es complicado. Conforme vayan pasando los a\u00f1os, me ir\u00e9 encontrando mejor, seguir\u00e9 mejorando. As\u00ed que tengo cosas que mejorar, ya que el mejor Carlos que puede haber todav\u00eda no ha salido\u00bb.<\/p>\n<p>Los n\u00fameros de Sinner<\/p>\n<p class=\"paragraph\"><b>La situaci\u00f3n de Jannik Sinner es algo diferente.<\/b> El tenista de San C\u00e1ndido firm\u00f3 un buen final de 2024 y sum\u00f3 un total de 2.830 puntos, que responden a los 1.500 que logr\u00f3 como campe\u00f3n de las ATP Finals, los 1.000 que sum\u00f3 al ganar el Masters 1000 de Shangh\u00e1i y los 330 de subcampe\u00f3n del ATP 500 de Pek\u00edn.<\/p>\n<p class=\"paragraph\"><b>El italiano tiene menos margen de error. <\/b>Est\u00e1 obligado a defender con \u00e9xito los t\u00edtulos conseguidos en Shangh\u00e1i y Tur\u00edn y si acaba cayendo eliminado antes de tiempo perder\u00e1 puntos, lo que har\u00eda que Alcaraz se alejara algo m\u00e1s como n\u00famero uno del mundo, situaci\u00f3n que Sinner querr\u00e1 evitar a toda costa y con su habitual estilo de juego arrollador, tal y como expres\u00f3 nada m\u00e1s caer derrotado en la final en Nueva York. \u00abMi idea es, incluso aunque tenga que perder algunos partidos a partir de ahora, tratando de hacer cambios, <b>ser un jugador un poco m\u00e1s imprevisible<\/b>, porque creo que es lo que tengo que hacer para ser mejor tenista\u00bb.<\/p>\n<p>            <a href=\"#\" title=\"\"><br \/>\n                <img decoding=\"async\" loading=\"lazy\" width=\"120px\" height=\"90px\" alt=\"Carlos Alcaraz y Juan Carlos Ferrero celebran el triunfo del murciano en el US Open\" src=\"https:\/\/imagenes.eldebate.com\/files\/related_image\/files\/fp\/uploads\/2025\/09\/08\/68be94c498dd2.r_d.995-498.jpeg\" data-full-src=\"https:\/\/www.europesays.com\/es\/wp-content\/uploads\/2025\/09\/68be94c498dd2.jpeg\"\/><br \/>\n            <\/a><\/p>\n<p class=\"paragraph\">Por lo tanto, no es descabellado afirmar que el transalpino lo tiene algo m\u00e1s dif\u00edcil que Carlitos de aqu\u00ed a que acabe la temporada ten\u00edstica. Lo que s\u00ed est\u00e1 claro es que habr\u00e1 emoci\u00f3n hasta el final y la lucha entre <b>Alcaraz <\/b>y <b>Sinner <\/b>ser\u00e1 encarnizada.<\/p>\n","protected":false},"excerpt":{"rendered":"Ser n\u00famero uno del mundo es un premio con el que sue\u00f1a todo tenista profesional y, por un&hellip;\n","protected":false},"author":2,"featured_media":114133,"comment_status":"","ping_status":"","sticky":false,"template":"","format":"standard","meta":{"footnotes":""},"categories":[274],"tags":[168,25,24,23,167,327,326],"class_list":{"0":"post-114132","1":"post","2":"type-post","3":"status-publish","4":"format-standard","5":"has-post-thumbnail","7":"category-tenis","8":"tag-deportes","9":"tag-es","10":"tag-espana","11":"tag-spain","12":"tag-sports","13":"tag-tenis","14":"tag-tennis"},"share_on_mastodon":{"url":"","error":""},"_links":{"self":[{"href":"https:\/\/www.europesays.com\/es\/wp-json\/wp\/v2\/posts\/114132","targetHints":{"allow":["GET"]}}],"collection":[{"href":"https:\/\/www.europesays.com\/es\/wp-json\/wp\/v2\/posts"}],"about":[{"href":"https:\/\/www.europesays.com\/es\/wp-json\/wp\/v2\/types\/post"}],"author":[{"embeddable":true,"href":"https:\/\/www.europesays.com\/es\/wp-json\/wp\/v2\/users\/2"}],"replies":[{"embeddable":true,"href":"https:\/\/www.europesays.com\/es\/wp-json\/wp\/v2\/comments?post=114132"}],"version-history":[{"count":0,"href":"https:\/\/www.europesays.com\/es\/wp-json\/wp\/v2\/posts\/114132\/revisions"}],"wp:featuredmedia":[{"embeddable":true,"href":"https:\/\/www.europesays.com\/es\/wp-json\/wp\/v2\/media\/114133"}],"wp:attachment":[{"href":"https:\/\/www.europesays.com\/es\/wp-json\/wp\/v2\/media?parent=114132"}],"wp:term":[{"taxonomy":"category","embeddable":true,"href":"https:\/\/www.europesays.com\/es\/wp-json\/wp\/v2\/categories?post=114132"},{"taxonomy":"post_tag","embeddable":true,"href":"https:\/\/www.europesays.com\/es\/wp-json\/wp\/v2\/tags?post=114132"}],"curies":[{"name":"wp","href":"https:\/\/api.w.org\/{rel}","templated":true}]}}