{"id":114134,"date":"2025-09-14T09:56:09","date_gmt":"2025-09-14T09:56:09","guid":{"rendered":"https:\/\/www.europesays.com\/es\/114134\/"},"modified":"2025-09-14T09:56:09","modified_gmt":"2025-09-14T09:56:09","slug":"la-blan-vuelve-a-deleitar-a-los-cicloturistas","status":"publish","type":"post","link":"https:\/\/www.europesays.com\/es\/114134\/","title":{"rendered":"La BLAN vuelve a deleitar a los cicloturistas"},"content":{"rendered":"<p>La BLAN sigue haciendo historia. La prueba cicloturista m\u00e1s antigua de Espa\u00f1a, patrocinada por EL CORREO, volvi\u00f3 ayer a hacer las delicias de los m\u00e1s  &#8230; de 700 ciclistas que completaron una prueba en la que, por primera vez, compitieron m\u00e1s ciclistas nacionales que de \u00c1lava. \u00abHa hecho un buen d\u00eda y nos lo hemos pasado genial. Ahora vamos a charlar un poco y a comentar cada uno su batalla\u00bb, indic\u00f3 \u00d3scar L\u00f3pez, que acud\u00eda desde Haro junto a tres compa\u00f1eros de equipo para disputar esta carrera por cuarta vez.<\/p>\n<p class=\"v-p\">La jornada comenz\u00f3 a las 8.00 horas desde el parking de Mendizabala, donde los ciclistas pon\u00edan a punto sus bicicletas para afrontar los 155 kil\u00f3metros de la prueba, que transcurre por las carreteras de \u00c1lava, Navarra, La Rioja y Burgos. Uno de ellos era Rafa Cuesta, que se encontraba en la l\u00ednea de salida junto a sus cuatro amigos. \u00abMe gusta todo su recorrido porque no tiene puertos demasiado duros. El tiempo adem\u00e1s es estupendo porque no hace mucho calor\u00bb, se\u00f1al\u00f3 el vitoriano acerca de los 15 grados que marcaba el term\u00f3metro a primera hora de la ma\u00f1ana.<\/p>\n<p>\u00abEl ambiente que hay al salir, en carretera y en la llegada es \u00fanico. Es una de las mejores pruebas que he hecho\u00bb<\/p>\n<p class=\"v-a-pst__p\">\nAlonso Devia\n<\/p>\n<p class=\"v-a-pst__j\">\nParticipante de la prueba\n<\/p>\n<p class=\"v-p\">Quien tambi\u00e9n daba su visto bueno al term\u00f3metro fue Alonso Devia, que prefer\u00eda que ni el calor ni la lluvia hicieran acto de presencia en el trayecto. \u00abEl clima est\u00e1 perfecto. El ambiente que hay al salir, en carretera y en la llegada es \u00fanico. Es una de las mejores pruebas que he hecho\u00bb, coment\u00f3 en la que era su tercera participaci\u00f3n.<\/p>\n<p class=\"v-p\">Y es que el transcurso de la prueba fue viento en popa. Salvo un peque\u00f1o contratiempo nada m\u00e1s comenzar la prueba en el puerto de Azaceta por el accidente de dos veh\u00edculos, la prueba march\u00f3 con normalidad y fue del agrado de los ciclistas que comenzaban a llegar de vuelta en torno a las 13.30 horas a la capital alavesa. Momento reservado para los reencuentros, los abrazos y los besos con sus seres queridos, que les esperaban encaramados a las vallas con aplausos y, en algunos casos, l\u00e1grimas de alegr\u00eda y emoci\u00f3n<\/p>\n<p class=\"v-p\">El d\u00eda concluy\u00f3 con los protagonistas tom\u00e1ndose fotograf\u00edas en el &#8216;photocall&#8217; para inmortalizar el momento antes de degustar de un merecido avituallamiento. Bocatas de bacon y tortilla de patata, adem\u00e1s de refrescos, flan y caf\u00e9 fue el men\u00fa que los ciclistas no dudaron en devorar tras el esfuerzo de toda la ma\u00f1ana en una carpa habilitada por la Sociedad Ciclista Vitoriana. \u00abLuego tambi\u00e9n nos tomaremos unas cervezas para celebrarlo\u00bb, rese\u00f1\u00f3 Devia. <\/p>\n<p>R\u00e9cord de mujeres<\/p>\n<p class=\"v-p\">La m\u00edtica marcha sigue atrayendo nuevos adeptos cada a\u00f1o y volvi\u00f3 a agotar dorsales. Buen ejemplo de ello es que, al igual que sucediese en 2024, hubo r\u00e9cord de participaci\u00f3n femenina. M\u00e1s de 50 mujeres pedalearon por los escarpados repechos de Rioja Alavesa o el puerto de Zambrana, entre otros enclaves.<\/p>\n","protected":false},"excerpt":{"rendered":"La BLAN sigue haciendo historia. La prueba cicloturista m\u00e1s antigua de Espa\u00f1a, patrocinada por EL CORREO, volvi\u00f3 ayer&hellip;\n","protected":false},"author":2,"featured_media":114135,"comment_status":"","ping_status":"","sticky":false,"template":"","format":"standard","meta":{"footnotes":""},"categories":[273],"tags":[38550,313,4692,312,38551,168,25,24,23,167,739],"class_list":{"0":"post-114134","1":"post","2":"type-post","3":"status-publish","4":"format-standard","5":"has-post-thumbnail","7":"category-ciclismo","8":"tag-blan","9":"tag-ciclismo","10":"tag-cicloturistas","11":"tag-cycling","12":"tag-deleitar","13":"tag-deportes","14":"tag-es","15":"tag-espana","16":"tag-spain","17":"tag-sports","18":"tag-vuelve"},"share_on_mastodon":{"url":"","error":""},"_links":{"self":[{"href":"https:\/\/www.europesays.com\/es\/wp-json\/wp\/v2\/posts\/114134","targetHints":{"allow":["GET"]}}],"collection":[{"href":"https:\/\/www.europesays.com\/es\/wp-json\/wp\/v2\/posts"}],"about":[{"href":"https:\/\/www.europesays.com\/es\/wp-json\/wp\/v2\/types\/post"}],"author":[{"embeddable":true,"href":"https:\/\/www.europesays.com\/es\/wp-json\/wp\/v2\/users\/2"}],"replies":[{"embeddable":true,"href":"https:\/\/www.europesays.com\/es\/wp-json\/wp\/v2\/comments?post=114134"}],"version-history":[{"count":0,"href":"https:\/\/www.europesays.com\/es\/wp-json\/wp\/v2\/posts\/114134\/revisions"}],"wp:featuredmedia":[{"embeddable":true,"href":"https:\/\/www.europesays.com\/es\/wp-json\/wp\/v2\/media\/114135"}],"wp:attachment":[{"href":"https:\/\/www.europesays.com\/es\/wp-json\/wp\/v2\/media?parent=114134"}],"wp:term":[{"taxonomy":"category","embeddable":true,"href":"https:\/\/www.europesays.com\/es\/wp-json\/wp\/v2\/categories?post=114134"},{"taxonomy":"post_tag","embeddable":true,"href":"https:\/\/www.europesays.com\/es\/wp-json\/wp\/v2\/tags?post=114134"}],"curies":[{"name":"wp","href":"https:\/\/api.w.org\/{rel}","templated":true}]}}