{"id":114144,"date":"2025-09-14T10:03:12","date_gmt":"2025-09-14T10:03:12","guid":{"rendered":"https:\/\/www.europesays.com\/es\/114144\/"},"modified":"2025-09-14T10:03:12","modified_gmt":"2025-09-14T10:03:12","slug":"bailando-con-las-estrellas-14-5-vuelve-lider-a-telecinco-y-saca-de-la-pista-a-emparejados-8-8-tras-su-buen-debut","status":"publish","type":"post","link":"https:\/\/www.europesays.com\/es\/114144\/","title":{"rendered":"&#8216;Bailando con las estrellas&#8217; (14.5%) vuelve l\u00edder a Telecinco y saca de la pista a &#8216;Emparejados&#8217; (8.8%) tras su buen debut"},"content":{"rendered":"<p class=\"article-text\">\n        <strong>Telecinco <\/strong>sigue con buen pie en un fin de semana que invita al optimismo. Tras el <a href=\"https:\/\/www.eldiario.es\/vertele\/audiencias-tv\/viernes-12-septiembre-2025-de-viernes-aprovecha-vuelta-rocio-flores-plato-liderar-telecinco-mejor-cuota-ano_1_12600064.html\" target=\"_blank\" data-mrf-recirculation=\"links-noticia\" class=\"link\" rel=\"nofollow noopener\">buen dato<\/a> de <strong>De Viernes<\/strong> con <a href=\"https:\/\/www.eldiario.es\/vertele\/noticias\/rocio-flores-enfrento-terelu-telecinco-dio-gracias-ana-rosa-hablo-antonio-david-no-acuerdo_1_12600109.html\" target=\"_blank\" data-mrf-recirculation=\"links-noticia\" class=\"link\" rel=\"nofollow noopener\">Roc\u00edo Flores<\/a>, la cadena de <strong>Mediaset <\/strong>mantiene el ritmo con el estreno de la nueva temporada de<strong> Bailando con las estrellas<\/strong>, que lidera la noche del s\u00e1bado con un registro que mejora toda la edici\u00f3n anterior.\n    <\/p>\n<p>    <a href=\"https:\/\/www.eldiario.es\/noticias\/jesus-vazquez-insinua-marchara-mediaset-cuando-acabe-bailando-con-las-estrellas-voy-ser-libre_1_12600600.html\" data-mrf-recirculation=\"saber-mas\" data-dl-event=\"saber-mas\" rel=\"nofollow noopener\" target=\"_blank\"><\/p>\n<p class=\"know-more__title\">Jes\u00fas V\u00e1zquez insin\u00faa que se marchar\u00e1 de Mediaset cuando acabe &#8216;Bailando con las estrellas&#8217;: \u00abVoy a ser libre\u00bb<\/p>\n<p>            <img decoding=\"async\" class=\"lazy\" loading=\"lazy\" data-src=\"https:\/\/static.eldiario.es\/clip\/50068baf-4ca1-4d45-84ef-94a4e5e8e2c9_16-9-aspect-ratio_default_0.jpg\" src=\"data:image\/svg+xml,%3Csvg xmlns=\" http:=\"\" viewbox=\"0 0 880 495\" alt=\"Jes\u00fas V\u00e1zquez insin\u00faa que se marchar\u00e1 de Mediaset cuando acabe 'Bailando con las estrellas': &quot;Voy a ser libre&quot;\"\/><\/p>\n<p>                        <\/a><\/p>\n<p class=\"article-text\">\n        El programa de baile presentado por <strong>Jes\u00fas V\u00e1zquez y Valeria Mazza<\/strong> firma un <strong>14.5% y 954.000 espectadores<\/strong> en prime time. Se trata de <strong>1.2 puntos m\u00e1s<\/strong> que el estreno de la primera temporada en la cadena privada, la que a la postre fue su mejor marca de todo el a\u00f1o, y <strong>3.7 puntos por encima<\/strong> de la media de sus 13 galas. Su cifra en espectadores baja respecto a ese debut (-272.000), pero est\u00e1 en la l\u00ednea de lo que promedi\u00f3 toda la edici\u00f3n.\n    <\/p>\n<p class=\"article-text\">\n        El reclamo de <strong>B\u00e1rbara Rey y Anabel Pantoja<\/strong> funciona y lleva a Telecinco a registrar su <strong>segundo liderazgo del fin de semana<\/strong>, a la espera de ver c\u00f3mo rinde este domingo Supervivientes All Stars: Conexi\u00f3n Honduras. Se impone con rotundidad a <strong>Antena 3<\/strong>, que hace siete d\u00edas lider\u00f3 con la llegada de <strong>Emparejados<\/strong>, y que sufre una notable bajada en su segunda semana.\n    <\/p>\n<p class=\"article-text\">\n        El programa presentado por <strong>Joaqu\u00edn S\u00e1nchez y Susana Saborido<\/strong> marca un <strong>8.8% y 714.000 espectadores<\/strong> en el horario estelar, 4.2 puntos y 350.000 seguidores menos que en su primera entrega. Con <strong>Loles Le\u00f3n y Bibiana Fern\u00e1ndez<\/strong> de invitadas, queda por detr\u00e1s de El Blockbuster de <strong>Cuatro <\/strong>(9.4%), que sube, y muy parejo a la oferta de cine de<strong> La 1<\/strong>(8.5%).\n    <\/p>\n<p class=\"article-text\">\n        Por la tarde, el gran titular se lo lleva <strong>La Vuelta<\/strong>, que da un gran dato a <strong>RTVE <\/strong>-14% de cuota y 1,2 millones de espectadores-, en la recta final de la competici\u00f3n.\n    <\/p>\n<p>    <a href=\"https:\/\/www.eldiario.es\/vertele\/noticias\/bailando-estrellas-2-llego-telecinco-criticas-jurado-encerrona-nerea-rumor-viral_1_12601273.html\" data-mrf-recirculation=\"saber-mas-abajo\" data-dl-event=\"saber-mas-abajo\" rel=\"nofollow noopener\" target=\"_blank\"><\/p>\n<p class=\"know-more__title\">&#8216;Bailando con las estrellas 2&#8217; lleg\u00f3 a Telecinco con cr\u00edticas al jurado y encerrona a Nerea por un rumor viral\n<\/p>\n<p>            <img decoding=\"async\" class=\"lazy\" loading=\"lazy\" data-src=\"https:\/\/static.eldiario.es\/clip\/f662f664-4178-4a65-bb6d-3a353f9710a0_16-9-aspect-ratio_default_0.jpg\" src=\"data:image\/svg+xml,%3Csvg xmlns=\" http:=\"\" viewbox=\"0 0 880 495\" alt=\"'Bailando con las estrellas' lleg\u00f3 a Telecinco con cr\u00edticas al jurado y encerrona a Nerea por un rumor viral\"\/><\/p>\n<p>                        <\/a><\/p>\n<p>    \u00b7 PRIME TIME<\/p>\n<p class=\"article-tvchannel\">\n\t\t<img loading=\"lazy\" decoding=\"async\" src=\"https:\/\/www.europesays.com\/es\/wp-content\/uploads\/2025\/08\/telecinco-larga-2024.png\" alt=\"Telecinco\" height=\"28\" width=\"130\"\/>\n\t<\/p>\n<ul>\n<li>&#8216;Bailando con las estrellas&#8217; (estreno): 14.5% y 954.000<\/li>\n<\/ul>\n<p class=\"article-tvchannel\">\n\t\t<img loading=\"lazy\" decoding=\"async\" src=\"https:\/\/www.europesays.com\/es\/wp-content\/uploads\/2025\/08\/bf338975-ea7e-4169-9587-70789a0e0f39_source-aspect-ratio_default_0.jpg\" alt=\"Cuatro\" height=\"28\" width=\"130\"\/>\n\t<\/p>\n<ul>\n<li>El Blockbuster: &#8216;Sisu&#8217;: 9.4% y 798.000<\/li>\n<\/ul>\n<p class=\"article-tvchannel\">\n\t\t<img loading=\"lazy\" decoding=\"async\" src=\"https:\/\/www.europesays.com\/es\/wp-content\/uploads\/2025\/08\/antena-3-2025-300x70-2.png\" alt=\"Antena 3\" height=\"28\" width=\"130\"\/>\n\t<\/p>\n<ul>\n<li>&#8216;Emparejados&#8217;: 8.8% y 714.000<\/li>\n<\/ul>\n<p class=\"article-tvchannel\">\n\t\t<img loading=\"lazy\" decoding=\"async\" src=\"https:\/\/www.europesays.com\/es\/wp-content\/uploads\/2025\/08\/a015d9e5-5eb5-44d9-b8ee-355e0a29727b_source-aspect-ratio_default_0.jpg\" alt=\"La 1\" height=\"28\" width=\"130\"\/>\n\t<\/p>\n<ul>\n<li>Cine: &#8216;The Tourist&#8217;: 8.5% y 724.000<\/li>\n<\/ul>\n<p class=\"article-tvchannel\">\n\t\t<img loading=\"lazy\" decoding=\"async\" src=\"https:\/\/www.europesays.com\/es\/wp-content\/uploads\/2025\/08\/lasexta-larga-2024.png\" alt=\"laSexta\" height=\"28\" width=\"130\"\/>\n\t<\/p>\n<ul>\n<li>laSexta Clave: 5.4% y 456.000<\/li>\n<li>laSexta Xplica: 6.4% y 447.000<\/li>\n<\/ul>\n<p>    \u00b7 SOBREMESA \/ TARDE<\/p>\n<p class=\"article-tvchannel\">\n\t\t<img loading=\"lazy\" decoding=\"async\" src=\"https:\/\/www.europesays.com\/es\/wp-content\/uploads\/2025\/08\/a015d9e5-5eb5-44d9-b8ee-355e0a29727b_source-aspect-ratio_default_0.jpg\" alt=\"La 1\" height=\"28\" width=\"130\"\/>\n\t<\/p>\n<ul>\n<li>&#8216;La Vuelta&#8217;: 14% y 1.207.000<\/li>\n<\/ul>\n<p class=\"article-tvchannel\">\n\t\t<img loading=\"lazy\" decoding=\"async\" src=\"https:\/\/www.europesays.com\/es\/wp-content\/uploads\/2025\/08\/antena-3-2025-300x70-2.png\" alt=\"Antena 3\" height=\"28\" width=\"130\"\/>\n\t<\/p>\n<ul>\n<li>Multicine: &#8216;Malas Decisiones&#8217;: 10.4% y 888.000<\/li>\n<li>Multicine 2: &#8216;La Negociadora&#8217;: 10.2% y 786.000<\/li>\n<li>Multicine 3: &#8216;Asesinato en el valle&#8217;: 8.7% y 633.000<\/li>\n<\/ul>\n<p class=\"article-tvchannel\">\n\t\t<img loading=\"lazy\" decoding=\"async\" src=\"https:\/\/www.europesays.com\/es\/wp-content\/uploads\/2025\/08\/telecinco-larga-2024.png\" alt=\"Telecinco\" height=\"28\" width=\"130\"\/>\n\t<\/p>\n<p class=\"article-tvchannel\">\n\t\t<img loading=\"lazy\" decoding=\"async\" src=\"https:\/\/www.europesays.com\/es\/wp-content\/uploads\/2025\/08\/lasexta-larga-2024.png\" alt=\"laSexta\" height=\"28\" width=\"130\"\/>\n\t<\/p>\n<ul>\n<li>&#8216;La Roca&#8217;: 3.7% y 296.000<\/li>\n<\/ul>\n<p class=\"article-text\">\n        * Avance de los datos del s\u00e1bado 13 de septiembre facilitado por las cadenas y consultoras en domingo. Para conocer las audiencias completas de la jornada, visite este lunes verTele.\n    <\/p>\n","protected":false},"excerpt":{"rendered":"Telecinco sigue con buen pie en un fin de semana que invita al optimismo. Tras el buen dato&hellip;\n","protected":false},"author":2,"featured_media":114145,"comment_status":"","ping_status":"","sticky":false,"template":"","format":"standard","meta":{"footnotes":""},"categories":[171],"tags":[12313,5566,15762,177,24171,954,38552,146,147,25,24,782,1055,8488,4207,5622,518,3397,1971,23,32650,692,214],"class_list":{"0":"post-114144","1":"post","2":"type-post","3":"status-publish","4":"format-standard","5":"has-post-thumbnail","7":"category-tv","8":"tag-12313","9":"tag-antena3","10":"tag-bailando","11":"tag-cine","12":"tag-con","13":"tag-cuatro","14":"tag-emparejados","15":"tag-entertainment","16":"tag-entretenimiento","17":"tag-es","18":"tag-espana","19":"tag-estrellas","20":"tag-estreno","21":"tag-joaquin","22":"tag-las","23":"tag-lasexta","24":"tag-rtve","25":"tag-sabado","26":"tag-septiembre","27":"tag-spain","28":"tag-susana","29":"tag-telecinco","30":"tag-tv"},"share_on_mastodon":{"url":"","error":""},"_links":{"self":[{"href":"https:\/\/www.europesays.com\/es\/wp-json\/wp\/v2\/posts\/114144","targetHints":{"allow":["GET"]}}],"collection":[{"href":"https:\/\/www.europesays.com\/es\/wp-json\/wp\/v2\/posts"}],"about":[{"href":"https:\/\/www.europesays.com\/es\/wp-json\/wp\/v2\/types\/post"}],"author":[{"embeddable":true,"href":"https:\/\/www.europesays.com\/es\/wp-json\/wp\/v2\/users\/2"}],"replies":[{"embeddable":true,"href":"https:\/\/www.europesays.com\/es\/wp-json\/wp\/v2\/comments?post=114144"}],"version-history":[{"count":0,"href":"https:\/\/www.europesays.com\/es\/wp-json\/wp\/v2\/posts\/114144\/revisions"}],"wp:featuredmedia":[{"embeddable":true,"href":"https:\/\/www.europesays.com\/es\/wp-json\/wp\/v2\/media\/114145"}],"wp:attachment":[{"href":"https:\/\/www.europesays.com\/es\/wp-json\/wp\/v2\/media?parent=114144"}],"wp:term":[{"taxonomy":"category","embeddable":true,"href":"https:\/\/www.europesays.com\/es\/wp-json\/wp\/v2\/categories?post=114144"},{"taxonomy":"post_tag","embeddable":true,"href":"https:\/\/www.europesays.com\/es\/wp-json\/wp\/v2\/tags?post=114144"}],"curies":[{"name":"wp","href":"https:\/\/api.w.org\/{rel}","templated":true}]}}