{"id":114158,"date":"2025-09-14T10:10:10","date_gmt":"2025-09-14T10:10:10","guid":{"rendered":"https:\/\/www.europesays.com\/es\/114158\/"},"modified":"2025-09-14T10:10:10","modified_gmt":"2025-09-14T10:10:10","slug":"la-primitiva-vuelve-a-sonreir-a-burgos-con-un-premio-de-553-000-euros","status":"publish","type":"post","link":"https:\/\/www.europesays.com\/es\/114158\/","title":{"rendered":"La Primitiva vuelve a sonre\u00edr a Burgos con un premio de 553.000 euros"},"content":{"rendered":"<p><img fetchpriority=\"high\" class=\"v-a-img\" src=\"https:\/\/www.europesays.com\/es\/wp-content\/uploads\/2025\/09\/primitiva-kdCI-U2302923223376dIG-1200x840@Burgosconecta.jpg\" loading=\"eager\" decoding=\"async\" alt=\"Papeletas de los diferentes sorteos de loter\u00eda.\"  width=\"1200\" height=\"840\"\/><\/p>\n<p>Papeletas de los diferentes sorteos de loter\u00eda.          BC        <\/p>\n<p>El sorteo de La Primitiva del s\u00e1bado ha dejado dos acertantes de primera categor\u00eda, uno de los boletos ha sido validado en una administraci\u00f3n de la ciudad de Burgos<\/p>\n<p><a class=\"v-mdl-ath__fig-a\" href=\"https:\/\/www.burgosconecta.es\/autor\/aythami-perez-miguel-2517.html\" title=\"Aythami P\u00e9rez Miguel\" rel=\"nofollow noopener\" target=\"_blank\"><br \/>\n<img decoding=\"async\" class=\"v-mdl-ath__img\" src=\"https:\/\/www.europesays.com\/es\/wp-content\/uploads\/2025\/07\/autor-2517-foto-2.jpeg\" alt=\"Aythami P\u00e9rez Miguel\"\/><br \/>\n<\/a><\/p>\n<p class=\"v-mdl-ath__p v-mdl-ath__p--6\">\nDomingo, 14 de septiembre 2025, 10:36<\/p>\n<p class=\"v-p\">El sorteo de la Loter\u00eda Primitiva del s\u00e1bado 13 de septiembre ha dejado dos boletos acertantes de primera categor\u00eda. Uno de los boletos se ha validado en la ciudad de Burgos, en la administraci\u00f3n n\u00famero 11 situada en la calle Vitoria, en el n\u00famero 184. El otro boleto premiado ha sido validado en Rivas-Vaciamadrid.<\/p>\n<p class=\"v-p\">La combinaci\u00f3n ganadora ha correspondido a los n\u00fameros: 23, 18, 14, 19, 30, 09, complementario: 15, reintegro: 1. La recaudaci\u00f3n del sorteo ascendi\u00f3 a 10.111.622 euros.<\/p>\n<p class=\"v-p\">Este premio que cae en <a href=\"https:\/\/www.burgosconecta.es\/\" title=\"www.burgosconecta.es\" data-voc-vtm-id=\"in-text-traffic\" data-mrf-link=\"www.burgosconecta.es\" rel=\"nofollow noopener\" target=\"_blank\">Burgos<\/a> recuerda a la reciente noticia en la que una administraci\u00f3n de la <a href=\"https:\/\/www.burgosconecta.es\/burgos\/premio-millonario-burgos-primitiva-deja-millones-unico-20250829081004-nt.html\" target=\"_blank\" data-voc-vtm-id=\"in-text-traffic\" title=\"ciudad reparti\u00f3 62 millones tambi\u00e9n en un sorteo de La Primitiva\" rel=\"nofollow noopener\">ciudad reparti\u00f3 62 millones tambi\u00e9n en un sorteo de La Primitiva<\/a>.<\/p>\n<p class=\"v-p\">En el sorteo no han existido boletos acertantes de Categor\u00eda Especial, es decir, seis aciertos m\u00e1s el reintegro, por lo que el bote generado que se pondr\u00e1 en juego en el pr\u00f3ximo sorteo de La Primitiva, donde un \u00fanico acertante de Primera Categor\u00eda con Categor\u00eda Especial podr\u00eda ganar 2.700.000 euros.<\/p>\n<p>Comenta<\/p>\n<p>Reporta un error<\/p>\n","protected":false},"excerpt":{"rendered":"Papeletas de los diferentes sorteos de loter\u00eda. BC El sorteo de La Primitiva del s\u00e1bado ha dejado dos&hellip;\n","protected":false},"author":2,"featured_media":114159,"comment_status":"","ping_status":"","sticky":false,"template":"","format":"standard","meta":{"footnotes":""},"categories":[80],"tags":[38553,21834,623,82,95,94,25,24,1557,843,728,11617,23,1900],"class_list":{"0":"post-114158","1":"post","2":"type-post","3":"status-publish","4":"format-standard","5":"has-post-thumbnail","7":"category-economia","8":"tag-38553","9":"tag-acertante","10":"tag-burgos","11":"tag-business","12":"tag-economia","13":"tag-economy","14":"tag-es","15":"tag-espana","16":"tag-euros","17":"tag-premio","18":"tag-primitiva","19":"tag-sonrie","20":"tag-spain","21":"tag-unico"},"share_on_mastodon":{"url":"","error":""},"_links":{"self":[{"href":"https:\/\/www.europesays.com\/es\/wp-json\/wp\/v2\/posts\/114158","targetHints":{"allow":["GET"]}}],"collection":[{"href":"https:\/\/www.europesays.com\/es\/wp-json\/wp\/v2\/posts"}],"about":[{"href":"https:\/\/www.europesays.com\/es\/wp-json\/wp\/v2\/types\/post"}],"author":[{"embeddable":true,"href":"https:\/\/www.europesays.com\/es\/wp-json\/wp\/v2\/users\/2"}],"replies":[{"embeddable":true,"href":"https:\/\/www.europesays.com\/es\/wp-json\/wp\/v2\/comments?post=114158"}],"version-history":[{"count":0,"href":"https:\/\/www.europesays.com\/es\/wp-json\/wp\/v2\/posts\/114158\/revisions"}],"wp:featuredmedia":[{"embeddable":true,"href":"https:\/\/www.europesays.com\/es\/wp-json\/wp\/v2\/media\/114159"}],"wp:attachment":[{"href":"https:\/\/www.europesays.com\/es\/wp-json\/wp\/v2\/media?parent=114158"}],"wp:term":[{"taxonomy":"category","embeddable":true,"href":"https:\/\/www.europesays.com\/es\/wp-json\/wp\/v2\/categories?post=114158"},{"taxonomy":"post_tag","embeddable":true,"href":"https:\/\/www.europesays.com\/es\/wp-json\/wp\/v2\/tags?post=114158"}],"curies":[{"name":"wp","href":"https:\/\/api.w.org\/{rel}","templated":true}]}}