{"id":114168,"date":"2025-09-14T10:15:23","date_gmt":"2025-09-14T10:15:23","guid":{"rendered":"https:\/\/www.europesays.com\/es\/114168\/"},"modified":"2025-09-14T10:15:23","modified_gmt":"2025-09-14T10:15:23","slug":"el-legado-de-damaso-gonzalez-protagonista-en-albacete","status":"publish","type":"post","link":"https:\/\/www.europesays.com\/es\/114168\/","title":{"rendered":"El legado de D\u00e1maso Gonz\u00e1lez, protagonista en Albacete"},"content":{"rendered":"<p>            <a href=\"https:\/\/www.lascosasdeltoro.com\/wp-content\/uploads\/2025\/09\/Mesa-Redonda-Albacete-El-legado-de-Damaso-Gonzalez-protagonista-en-Albacete.jpeg\" data-caption=\"\" rel=\"nofollow noopener\" target=\"_blank\"><img loading=\"lazy\" decoding=\"async\" width=\"696\" height=\"464\" class=\"entry-thumb td-modal-image\" src=\"https:\/\/www.europesays.com\/es\/wp-content\/uploads\/2025\/09\/Mesa-Redonda-Albacete-El-legado-de-Damaso-Gonzalez-protagonista-en-Albacete-696x464.jpeg\"   alt=\"\" title=\"Mesa-Redonda-Albacete El legado de D\u00e1maso Gonz\u00e1lez, protagonista en Albacete\"\/><\/a><\/p>\n<p>Dentro de la programaci\u00f3n cultural de la Feria Taurina, el Cap\u00edtulo de la Fundaci\u00f3n Toro de Lidia en Albacete organiz\u00f3 una mesa redonda bajo el t\u00edtulo\u00a0<strong>\u201cD\u00e1maso Gonz\u00e1lez, vigencia y legado de un maestro en el toreo y en la vida\u201d<\/strong>.<\/p>\n<p>El acto, celebrado en el stand de la Diputaci\u00f3n, reuni\u00f3 a voces de gran relevancia que quisieron rendir tributo al maestro de Albacete. Participaron\u00a0<strong>Santiago Caba\u00f1ero<\/strong>, presidente de la Diputaci\u00f3n;\u00a0<strong>Luis Francisco Espl\u00e1<\/strong>, torero y pintor;\u00a0<strong>Paco Ure\u00f1a<\/strong>, matador de toros;\u00a0<strong>Pascual Gonz\u00e1lez Masegosa<\/strong>, cirujano jefe de la Plaza de Toros de Albacete y presidente de la Sociedad Espa\u00f1ola de Cirug\u00eda Taurina; y\u00a0<strong>Antonio Mart\u00ednez Iniesta<\/strong>, coordinador del Cap\u00edtulo de la Fundaci\u00f3n Toro de Lidia en Albacete. La mesa estuvo moderada por el periodista<strong>\u00a0Salvador Ferrer<\/strong>.<\/p>\n<p>Durante el coloquio se destac\u00f3 la dimensi\u00f3n de\u00a0<strong>D\u00e1maso Gonz\u00e1lez<\/strong>, no solo como torero que marc\u00f3 \u00e9poca, sino como referente humano cuya huella sigue viva en la memoria de la ciudad y en la afici\u00f3n. Los ponentes coincidieron en que su ejemplo de humildad, entrega y autenticidad mantiene plena vigencia y contin\u00faa inspirando a las nuevas generaciones.<\/p>\n<p>Con este acto, el Cap\u00edtulo de la Fundaci\u00f3n Toro de Lidia refuerza su compromiso con la difusi\u00f3n de la tauromaquia como parte esencial de nuestra cultura y patrimonio, recordando la figura de un maestro que es historia y presente del toreo.<\/p>\n<p><a href=\"#\"><img decoding=\"async\" src=\"https:\/\/www.lascosasdeltoro.com\/wp-content\/uploads\/2016\/10\/rec728.jpg\"\/><\/a>        <\/p>\n","protected":false},"excerpt":{"rendered":"Dentro de la programaci\u00f3n cultural de la Feria Taurina, el Cap\u00edtulo de la Fundaci\u00f3n Toro de Lidia en&hellip;\n","protected":false},"author":2,"featured_media":114169,"comment_status":"","ping_status":"","sticky":false,"template":"","format":"standard","meta":{"footnotes":""},"categories":[277],"tags":[373,168,25,24,23,167,374],"class_list":{"0":"post-114168","1":"post","2":"type-post","3":"status-publish","4":"format-standard","5":"has-post-thumbnail","7":"category-toreo","8":"tag-bullfighting","9":"tag-deportes","10":"tag-es","11":"tag-espana","12":"tag-spain","13":"tag-sports","14":"tag-toreo"},"share_on_mastodon":{"url":"","error":""},"_links":{"self":[{"href":"https:\/\/www.europesays.com\/es\/wp-json\/wp\/v2\/posts\/114168","targetHints":{"allow":["GET"]}}],"collection":[{"href":"https:\/\/www.europesays.com\/es\/wp-json\/wp\/v2\/posts"}],"about":[{"href":"https:\/\/www.europesays.com\/es\/wp-json\/wp\/v2\/types\/post"}],"author":[{"embeddable":true,"href":"https:\/\/www.europesays.com\/es\/wp-json\/wp\/v2\/users\/2"}],"replies":[{"embeddable":true,"href":"https:\/\/www.europesays.com\/es\/wp-json\/wp\/v2\/comments?post=114168"}],"version-history":[{"count":0,"href":"https:\/\/www.europesays.com\/es\/wp-json\/wp\/v2\/posts\/114168\/revisions"}],"wp:featuredmedia":[{"embeddable":true,"href":"https:\/\/www.europesays.com\/es\/wp-json\/wp\/v2\/media\/114169"}],"wp:attachment":[{"href":"https:\/\/www.europesays.com\/es\/wp-json\/wp\/v2\/media?parent=114168"}],"wp:term":[{"taxonomy":"category","embeddable":true,"href":"https:\/\/www.europesays.com\/es\/wp-json\/wp\/v2\/categories?post=114168"},{"taxonomy":"post_tag","embeddable":true,"href":"https:\/\/www.europesays.com\/es\/wp-json\/wp\/v2\/tags?post=114168"}],"curies":[{"name":"wp","href":"https:\/\/api.w.org\/{rel}","templated":true}]}}