{"id":114178,"date":"2025-09-14T10:23:08","date_gmt":"2025-09-14T10:23:08","guid":{"rendered":"https:\/\/www.europesays.com\/es\/114178\/"},"modified":"2025-09-14T10:23:08","modified_gmt":"2025-09-14T10:23:08","slug":"no-esta-a-la-altura","status":"publish","type":"post","link":"https:\/\/www.europesays.com\/es\/114178\/","title":{"rendered":"No est\u00e1 a la altura"},"content":{"rendered":"<p class=\"ft-text\"><strong>El FC Barcelona no podr\u00e1 regresar al Spotify Camp Nou hasta nuevo aviso<\/strong>. Un duro rev\u00e9s para el equipo de Hansi Flick, que ans\u00eda volver a sentir el rugido de la afici\u00f3n blaugrana. El feudo cul\u00e9 siempre ha impuesto respeto a los rivales, una ventaja que apenas se ha notado durante las dos temporadas en Montju\u00efc.<\/p>\n<p class=\"ft-text\">Con la alarmante situaci\u00f3n del club cul\u00e9 por no poder jugar a\u00fan en el Spotify Camp Nou, Andreu Buenafuente ha decidido aprovechar el tir\u00f3n medi\u00e1tico<strong> de las obras del estadio para presentar la nueva temporada de &#8216;Futuro Imperfecto&#8217;<\/strong>.<\/p>\n<p class=\"ft-text\">En el anuncio de la segunda temporada, Buenafuente aparece con un trabajador del formato de La1 diciendo: \u00abNo llegamos\u00bb. No obstante, \u00e9l otro no duda en se\u00f1alar: \u00ab<strong>Qu\u00e9 s\u00ed, que vamos bien y el equipo est\u00e1 a tope<\/strong>\u00ab.<\/p>\n<p class=\"ft-text\">En ese instante, Buenafuente aclara: \u00abPero, a la gente no le va a hacer ninguna gracia\u00bb, debido a que \u00ab<strong>esto no est\u00e1 a la altura para que brille una estrella mundial<\/strong>\u00ab.<\/p>\n<p class=\"ft-text\">En tono ir\u00f3nico, el acompa\u00f1ante cuestiona: \u00ab\u00bfT\u00fa de qu\u00e9 est\u00e1s hablando? Porque yo estoy hablando todo el rato del programa\u00bb. El c\u00f3mico, que ya se ve c\u00f3mo est\u00e1 presente en los alrededores del Spotify Camp Nou, se\u00f1ala: \u00ab<strong>\u00bfQu\u00e9 programa?<\/strong>\u00ab.<\/p>\n<p class=\"ft-text\">Despu\u00e9s de la pregunta de Buenafuente, ambos se quedan callados observando las obras del estadio. Desde el ente p\u00fablico, utilizan el lema: \u00ab<strong>Nosotros s\u00ed llegamos<\/strong>\u00ab, para el estreno de la nueva temporada de &#8216;Futuro Imperfecto&#8217;.<\/p>\n<p>\u00bfCu\u00e1ndo se estrena &#8216;Futuro Imperfecto&#8217;?<\/p>\n<p class=\"ft-text\"><strong>El jueves 18 de septiembre se estrenar\u00e1 la segunda temporada de &#8216;Futuro Imperfecto&#8217;<\/strong>, en La1, despu\u00e9s de la emisi\u00f3n de &#8216;La Revuelta&#8217;. La audiencia del ente p\u00fablico se ha quedado sorprendida con el anuncio, debido a que se estimaba que el formato de Buenafuente no iba a volver hasta principios de 2026.<\/p>\n<p class=\"ft-text\">La decisi\u00f3n de regresar lo antes posibles es gracias al buen rendimiento que logr\u00f3 la primera temporada. &#8216;Futuro Imperfecto&#8217; cosech\u00f3 <strong>una media de 1.043.000 espectadores y un 11,7% de cuota de pantalla<\/strong>.<\/p>\n","protected":false},"excerpt":{"rendered":"El FC Barcelona no podr\u00e1 regresar al Spotify Camp Nou hasta nuevo aviso. Un duro rev\u00e9s para el&hellip;\n","protected":false},"author":2,"featured_media":114179,"comment_status":"","ping_status":"","sticky":false,"template":"","format":"standard","meta":{"footnotes":""},"categories":[174],"tags":[2847,1270,255,146,147,25,24,256,2313,38554,474,23,1603],"class_list":{"0":"post-114178","1":"post","2":"type-post","3":"status-publish","4":"format-standard","5":"has-post-thumbnail","7":"category-famosos","8":"tag-andreu","9":"tag-buenafuente","10":"tag-celebrities","11":"tag-entertainment","12":"tag-entretenimiento","13":"tag-es","14":"tag-espana","15":"tag-famosos","16":"tag-fuera-de-juego","17":"tag-mofa","18":"tag-obras","19":"tag-spain","20":"tag-spotify"},"share_on_mastodon":{"url":"","error":""},"_links":{"self":[{"href":"https:\/\/www.europesays.com\/es\/wp-json\/wp\/v2\/posts\/114178","targetHints":{"allow":["GET"]}}],"collection":[{"href":"https:\/\/www.europesays.com\/es\/wp-json\/wp\/v2\/posts"}],"about":[{"href":"https:\/\/www.europesays.com\/es\/wp-json\/wp\/v2\/types\/post"}],"author":[{"embeddable":true,"href":"https:\/\/www.europesays.com\/es\/wp-json\/wp\/v2\/users\/2"}],"replies":[{"embeddable":true,"href":"https:\/\/www.europesays.com\/es\/wp-json\/wp\/v2\/comments?post=114178"}],"version-history":[{"count":0,"href":"https:\/\/www.europesays.com\/es\/wp-json\/wp\/v2\/posts\/114178\/revisions"}],"wp:featuredmedia":[{"embeddable":true,"href":"https:\/\/www.europesays.com\/es\/wp-json\/wp\/v2\/media\/114179"}],"wp:attachment":[{"href":"https:\/\/www.europesays.com\/es\/wp-json\/wp\/v2\/media?parent=114178"}],"wp:term":[{"taxonomy":"category","embeddable":true,"href":"https:\/\/www.europesays.com\/es\/wp-json\/wp\/v2\/categories?post=114178"},{"taxonomy":"post_tag","embeddable":true,"href":"https:\/\/www.europesays.com\/es\/wp-json\/wp\/v2\/tags?post=114178"}],"curies":[{"name":"wp","href":"https:\/\/api.w.org\/{rel}","templated":true}]}}