{"id":114180,"date":"2025-09-14T10:24:14","date_gmt":"2025-09-14T10:24:14","guid":{"rendered":"https:\/\/www.europesays.com\/es\/114180\/"},"modified":"2025-09-14T10:24:14","modified_gmt":"2025-09-14T10:24:14","slug":"la-idea-era-que-tuviera-jardin-pero-las-promotoras-recortan","status":"publish","type":"post","link":"https:\/\/www.europesays.com\/es\/114180\/","title":{"rendered":"\u201cLa idea era que tuviera jard\u00edn, pero las promotoras recortan\u201d"},"content":{"rendered":"<p class=\"paragraph\" id=\"paragraph_1\"><strong>El reconocido arquitecto Joaqu\u00edn Torres<\/strong>, responsable del dise\u00f1o del \u00e1tico de <strong><a href=\"https:\/\/www.elespanol.com\/corazon\/famosos\/20250906\/tamara-falco-adelanta-tendencias-otono-pantalones-efecto-piel-mango-triunfan-internet\/1003743913123_0.html?utm_cmp_rs=linksinline\" rel=\"nofollow noopener\" target=\"_blank\">Tamara Falc\u00f3<\/a><\/strong>, explicaba a diversos medios (hace un par de a\u00f1os) que el plan inicial contemplaba jardines en todas las viviendas. Sin embargo, el proyecto fue modificado por las promotoras. Torres lamenta que en Espa\u00f1a falte una verdadera cultura de arquitectura paisaj\u00edstica.<\/p>\n<p class=\"paragraph\" id=\"paragraph_2\">Torres ha expresado que<strong> estas modificaciones no se deben a razones t\u00e9cnicas<\/strong>, sino a decisiones econ\u00f3micas de las promotoras que reducen los espacios verdes previstos. Adem\u00e1s, critica que en nuestro pa\u00eds no se valora la integraci\u00f3n del paisaje en el desarrollo urbano.<\/p>\n<p class=\"paragraph\" id=\"paragraph_3\">Tambi\u00e9n hubo cierta controversia entre el arquitecto y Tamara Falc\u00f3: <strong>al presentarse cr\u00edticas sobre el dise\u00f1o<\/strong>, Torres se mostr\u00f3 molesto y defendi\u00f3 su obra. Asegur\u00f3 que la vivienda fue entregada conforme al plano acordado, y que los ajustes provinieron de la promotora.<\/p>\n<p><img decoding=\"async\" alt=\"Tamara Falc\u00f3 en su \u00e1tico.\" data-imgm=\"true\" height=\"1152\" loading=\"lazy\"  src=\"https:\/\/www.europesays.com\/es\/wp-content\/uploads\/2025\/09\/1003743918510_258580071_960x1706.jpg\"  width=\"648\"\/><\/p>\n<p>                                                            Tamara Falc\u00f3 en su \u00e1tico.<\/p>\n<p>                    Redes sociales<\/p>\n<p class=\"paragraph\" id=\"paragraph_4\">Desde el inicio, <strong>Joaqu\u00edn Torres concibi\u00f3 un dise\u00f1o de alta calidad<\/strong> que incluyera jardines en cada vivienda del edificio, ofreciendo espacios verdes privados como parte esencial del proyecto. La intenci\u00f3n era humanizar el entorno urbano y aportar vida y vegetaci\u00f3n donde escasean.<\/p>\n<p class=\"paragraph\" id=\"paragraph_5\">Sin embargo, <strong>seg\u00fan afirma Torres, las promotoras decidieron recortar<\/strong> estos espacios por razones econ\u00f3micas, una reducci\u00f3n que sacrifica la ambici\u00f3n paisaj\u00edstica en favor de una mayor rentabilidad.<\/p>\n<p class=\"paragraph\" id=\"paragraph_6\"><strong>Tambi\u00e9n resalta que Espa\u00f1a carece de tradici\u00f3n en arquitectura paisaj\u00edstica<\/strong>, lo que dificulta la aceptaci\u00f3n y valoraci\u00f3n de propuestas que integran naturaleza en la vivienda colectiva.<\/p>\n<p class=\"paragraph\" id=\"paragraph_7\">El anuncio p\u00fablico de Tamara Falc\u00f3 sobre su \u00e1tico gener\u00f3 una reacci\u00f3n inesperada. En un programa televisivo, la arist\u00f3crata expres\u00f3 cierta insatisfacci\u00f3n, calificando la vivienda como <strong>\u00abmuy bonita sobre plano\u00bb<\/strong>, pero quiz\u00e1s no ideal para ella, lo que desencaden\u00f3 una pol\u00e9mica.<\/p>\n<p><img decoding=\"async\" alt=\"Tamara Falc\u00f3 en su \u00e1tico.\" data-imgm=\"true\" height=\"1152\" loading=\"lazy\"  src=\"https:\/\/www.europesays.com\/es\/wp-content\/uploads\/2025\/09\/1003743918513_258580128_960x1706.jpg\"  width=\"648\"\/><\/p>\n<p>                                                            Tamara Falc\u00f3 en su \u00e1tico.<\/p>\n<p>                    Redes sociales<\/p>\n<p class=\"paragraph\" id=\"paragraph_8\"><strong>Torres respondi\u00f3 con firmeza<\/strong>, calificando afirmaciones como \u00abbastante pueriles e infantiles\u00bb y defendi\u00f3 que ella no interpret\u00f3 correctamente el proyecto. Insisti\u00f3 en que el dise\u00f1o entregado coincid\u00eda con lo acordado y que las cr\u00edticas surgieron tras el fin de su relaci\u00f3n contractual con la promotora.<\/p>\n<p class=\"paragraph\" id=\"paragraph_9\"><strong>Este caso pone en evidencia un problema com\u00fan en Espa\u00f1a<\/strong>: la tendencia de las promotoras a priorizar la comercializaci\u00f3n sobre la calidad arquitect\u00f3nica. Cuando se proyectan viviendas, los habitantes podr\u00edan beneficiarse de jardines exteriores privados, terrazas ajardinadas o \u00e1reas comunes verdes.<\/p>\n<p class=\"paragraph\" id=\"paragraph_10\">Sin embargo,<strong> el sistema actual tiende a recortar estos elementos<\/strong>, ya sea por ahorro en costes, reducci\u00f3n de impactos vegetales o aceleraci\u00f3n de cronogramas de construcci\u00f3n. La falta de paisaj\u00edstica o normativa que promueva estas soluciones hace que muchos proyectos terminen siendo estrat\u00e9gicos pero carentes de naturaleza integrada en su dise\u00f1o.<\/p>\n<p class=\"paragraph\" id=\"paragraph_11\">Para cambiar este paradigma, <strong>ser\u00eda fundamental fomentar pol\u00edticas que incentiven la inclusi\u00f3n de espacios verdes en desarrollos residenciales<\/strong>. Podr\u00edan implementarse normativas que exigen terrazas ajardinadas, cubiertas vegetales o zonas comunes con vegetaci\u00f3n, como parte del dise\u00f1o urbano.<\/p>\n<p><img decoding=\"async\" alt=\"Tamara Falc\u00f3 en su \u00e1tico.\" data-imgm=\"true\" height=\"1152\" loading=\"lazy\"  src=\"https:\/\/www.europesays.com\/es\/wp-content\/uploads\/2025\/09\/1003743918527_258580306_960x1706.jpg\"  width=\"648\"\/><\/p>\n<p>                                                            Tamara Falc\u00f3 en su \u00e1tico.<\/p>\n<p>                    Redes sociales<\/p>\n<p class=\"paragraph\" id=\"paragraph_12\"><strong>Esto no solo mejorar\u00eda la calidad de vida de los residentes<\/strong>, sino que ayudar\u00eda a mitigar efectos clim\u00e1ticos, promover biodiversidad y reforzar el bienestar psicol\u00f3gico.<\/p>\n<p class=\"paragraph\" id=\"paragraph_13\">De igual modo, <strong>es necesario que los arquitectos defiendan su propuesta t\u00e9cnica y est\u00e9tica<\/strong>, incluso frente a presiones comerciales. En este sentido, el testimonio de Joaqu\u00edn Torres es ejemplar: reivindica el jard\u00edn como un elemento esencial, no un lujo prescindible, y se\u00f1ala que el verdadero problema no es la viabilidad, sino la voluntad de las promotoras para mantenerlo.<\/p>\n<p><img decoding=\"async\" alt=\"Tamara Falc\u00f3 en su \u00e1tico.\" data-imgm=\"true\" height=\"1152\" loading=\"lazy\"  src=\"https:\/\/www.europesays.com\/es\/wp-content\/uploads\/2025\/09\/1003743918531_258580364_960x1706.jpg\"  width=\"648\"\/><\/p>\n<p>                                                            Tamara Falc\u00f3 en su \u00e1tico.<\/p>\n<p>                    Redes sociales<\/p>\n<p class=\"paragraph\" id=\"paragraph_14\">En definitiva, <strong>el proyecto del \u00e1tico de Tamara Falc\u00f3<\/strong>, dise\u00f1ado por Joaqu\u00edn Torres, representa algo m\u00e1s que una casa de lujo: es una oportunidad frustrada de llevar el jard\u00edn al coraz\u00f3n del dise\u00f1o residencial en Espa\u00f1a.<\/p>\n<p class=\"paragraph\" id=\"paragraph_15\"><strong>Las declaraciones del arquitecto reflejan una realidad com\u00fan<\/strong>: las econom\u00edas de promotoras muchas veces ahogan la creatividad y la funcionalidad ecol\u00f3gica. Para revertir esta tendencia, es vital impulsar cambios normativos, valorar la arquitectura integradora y exigir espacios vivos en nuestras viviendas. Solo as\u00ed lograremos que la ciudad respire tambi\u00e9n en altura.<\/p>\n","protected":false},"excerpt":{"rendered":"El reconocido arquitecto Joaqu\u00edn Torres, responsable del dise\u00f1o del \u00e1tico de Tamara Falc\u00f3, explicaba a diversos medios (hace&hellip;\n","protected":false},"author":2,"featured_media":114181,"comment_status":"","ping_status":"","sticky":false,"template":"","format":"standard","meta":{"footnotes":""},"categories":[173],"tags":[229,233,231,230,232,234,146,147,25,24,11746,12234,205,17079,23,5184],"class_list":{"0":"post-114180","1":"post","2":"type-post","3":"status-publish","4":"format-standard","5":"has-post-thumbnail","7":"category-arte-y-diseno","8":"tag-arte","9":"tag-arte-y-diseno","10":"tag-arts","11":"tag-arts-and-design","12":"tag-design","13":"tag-diseno","14":"tag-entertainment","15":"tag-entretenimiento","16":"tag-es","17":"tag-espana","18":"tag-hogar","19":"tag-interiorismo","20":"tag-madrid","21":"tag-soft","22":"tag-spain","23":"tag-tamara-falco"},"share_on_mastodon":{"url":"","error":""},"_links":{"self":[{"href":"https:\/\/www.europesays.com\/es\/wp-json\/wp\/v2\/posts\/114180","targetHints":{"allow":["GET"]}}],"collection":[{"href":"https:\/\/www.europesays.com\/es\/wp-json\/wp\/v2\/posts"}],"about":[{"href":"https:\/\/www.europesays.com\/es\/wp-json\/wp\/v2\/types\/post"}],"author":[{"embeddable":true,"href":"https:\/\/www.europesays.com\/es\/wp-json\/wp\/v2\/users\/2"}],"replies":[{"embeddable":true,"href":"https:\/\/www.europesays.com\/es\/wp-json\/wp\/v2\/comments?post=114180"}],"version-history":[{"count":0,"href":"https:\/\/www.europesays.com\/es\/wp-json\/wp\/v2\/posts\/114180\/revisions"}],"wp:featuredmedia":[{"embeddable":true,"href":"https:\/\/www.europesays.com\/es\/wp-json\/wp\/v2\/media\/114181"}],"wp:attachment":[{"href":"https:\/\/www.europesays.com\/es\/wp-json\/wp\/v2\/media?parent=114180"}],"wp:term":[{"taxonomy":"category","embeddable":true,"href":"https:\/\/www.europesays.com\/es\/wp-json\/wp\/v2\/categories?post=114180"},{"taxonomy":"post_tag","embeddable":true,"href":"https:\/\/www.europesays.com\/es\/wp-json\/wp\/v2\/tags?post=114180"}],"curies":[{"name":"wp","href":"https:\/\/api.w.org\/{rel}","templated":true}]}}