{"id":114203,"date":"2025-09-14T10:37:08","date_gmt":"2025-09-14T10:37:08","guid":{"rendered":"https:\/\/www.europesays.com\/es\/114203\/"},"modified":"2025-09-14T10:37:08","modified_gmt":"2025-09-14T10:37:08","slug":"pleno-de-victorias-a-domicilio-para-el-cbm-elche-19-23","status":"publish","type":"post","link":"https:\/\/www.europesays.com\/es\/114203\/","title":{"rendered":"Pleno de victorias a domicilio para el CBM Elche (19-23)"},"content":{"rendered":"<p><strong>El CBM Elche abre la temporada<\/strong> este fin de semana repitiendo la primera salida de la pasada campa\u00f1a: la visita a la pista del Grafometal Sporting La Rioja (s\u00e1bado 19:00 horas). El t\u00e9cnico franjiverde, <strong>Joaqu\u00edn Rocamora<\/strong>, ha analizado las claves del estreno y no esconde la ilusi\u00f3n por volver a competir tras un exigente mes de preparaci\u00f3n: \u201cTenemos que sacar m\u00e1s r\u00e9dito de nuestra eficacia defensiva. Estamos defendiendo bien, pero no estamos siendo igual de efectivas en la transici\u00f3n. Adem\u00e1s, habr\u00e1 que adaptarse a las situaciones que nos proponga La Rioja, que ya nos ha cambiado cosas en pretemporada\u201d, explic\u00f3.<\/p>\n<p data-start=\"901\" data-end=\"1177\">El conjunto ilicitano <strong>llega tras un verano intenso:<\/strong>\u00a0\u201cHa sido un mes muy largo, con m\u00e1s sesiones de pista que el a\u00f1o pasado y sin vacaciones, pero con mucha ilusi\u00f3n. Hemos entrenado duro y, pese a algunos percances musculares, llegamos con ganas de empezar la liga\u201d, subray\u00f3.<\/p>\n<p data-start=\"1179\" data-end=\"1542\">No obstante, el equipo tendr\u00e1 que afrontar la baja de <strong>Paola Bernab\u00e9<\/strong>, lesionada durante varias semanas: \u201cEs una l\u00e1stima para ella y un golpe duro en lo deportivo porque era de las jugadoras que no pod\u00edan caer. La hab\u00edamos elegido para sustituir a Mar\u00eda Flores en el centro de la defensa, pero al menos no ser\u00e1 tanto tiempo como parec\u00eda al principio\u201d, apunt\u00f3 Rocamora.<\/p>\n<p data-start=\"1544\" data-end=\"1868\">Respecto al <strong>rival<\/strong>, el entrenador advierte <strong>del potencial del Sporting La Rioja<\/strong>: \u201cTiene capacidad econ\u00f3mica y dos jugadoras por puesto. Si hacen las cosas bien, pueden consolidarse como equipo de play-off. Aun as\u00ed, vamos a imponer nuestro modelo de juego. Si jugamos a lo que queremos, el Elche siempre es un rival a batir\u201d.<\/p>\n<p data-start=\"1870\" data-end=\"2151\">El t\u00e9cnico tambi\u00e9n <strong>valor\u00f3 la participaci\u00f3n europea<\/strong>, donde el equipo afrontar\u00e1 un duro cruce en la primera ronda: \u201cLlevamos seis a\u00f1os seguidos en Europa, ocho en la historia del club. La mala suerte es que nos toca un rival del top-6 de la competici\u00f3n, el HC DAC Dunajsk\u00e1 Streda\u201d.<\/p>\n<p data-start=\"2153\" data-end=\"2478\"><strong>Sobre su momento personal<\/strong>, Rocamora se mostr\u00f3 agradecido y ambicioso: \u201cDej\u00e9 la docencia para dedicarme a mi pasi\u00f3n y me siento orgulloso. Este club me ha dado cari\u00f1o y oportunidades, hasta el punto de sentirme m\u00e1s ilicitano que oriolano.<\/p>\n","protected":false},"excerpt":{"rendered":"El CBM Elche abre la temporada este fin de semana repitiendo la primera salida de la pasada campa\u00f1a:&hellip;\n","protected":false},"author":2,"featured_media":114204,"comment_status":"","ping_status":"","sticky":false,"template":"","format":"standard","meta":{"footnotes":""},"categories":[278],"tags":[376,9481,168,25,24,375,38559,23,167],"class_list":{"0":"post-114203","1":"post","2":"type-post","3":"status-publish","4":"format-standard","5":"has-post-thumbnail","7":"category-balonmano","8":"tag-balonmano","9":"tag-cbm-elche","10":"tag-deportes","11":"tag-es","12":"tag-espana","13":"tag-handball","14":"tag-lanzarote-ciudad-de-arrecife","15":"tag-spain","16":"tag-sports"},"share_on_mastodon":{"url":"","error":""},"_links":{"self":[{"href":"https:\/\/www.europesays.com\/es\/wp-json\/wp\/v2\/posts\/114203","targetHints":{"allow":["GET"]}}],"collection":[{"href":"https:\/\/www.europesays.com\/es\/wp-json\/wp\/v2\/posts"}],"about":[{"href":"https:\/\/www.europesays.com\/es\/wp-json\/wp\/v2\/types\/post"}],"author":[{"embeddable":true,"href":"https:\/\/www.europesays.com\/es\/wp-json\/wp\/v2\/users\/2"}],"replies":[{"embeddable":true,"href":"https:\/\/www.europesays.com\/es\/wp-json\/wp\/v2\/comments?post=114203"}],"version-history":[{"count":0,"href":"https:\/\/www.europesays.com\/es\/wp-json\/wp\/v2\/posts\/114203\/revisions"}],"wp:featuredmedia":[{"embeddable":true,"href":"https:\/\/www.europesays.com\/es\/wp-json\/wp\/v2\/media\/114204"}],"wp:attachment":[{"href":"https:\/\/www.europesays.com\/es\/wp-json\/wp\/v2\/media?parent=114203"}],"wp:term":[{"taxonomy":"category","embeddable":true,"href":"https:\/\/www.europesays.com\/es\/wp-json\/wp\/v2\/categories?post=114203"},{"taxonomy":"post_tag","embeddable":true,"href":"https:\/\/www.europesays.com\/es\/wp-json\/wp\/v2\/tags?post=114203"}],"curies":[{"name":"wp","href":"https:\/\/api.w.org\/{rel}","templated":true}]}}