{"id":11421,"date":"2025-07-29T10:15:11","date_gmt":"2025-07-29T10:15:11","guid":{"rendered":"https:\/\/www.europesays.com\/es\/11421\/"},"modified":"2025-07-29T10:15:11","modified_gmt":"2025-07-29T10:15:11","slug":"muchas-de-las-cosas-que-se-han-hablado-de-nico-son-mentiras","status":"publish","type":"post","link":"https:\/\/www.europesays.com\/es\/11421\/","title":{"rendered":"Muchas de las cosas que se han hablado de Nico son mentiras"},"content":{"rendered":"<p class=\"mb-4 text-lg md:leading-8 break-words\">Bilbao, 29 jul (EFE).- I\u00f1aki Williams asegur\u00f3 que \u00abmuchas de las cosas\u00bb que se hablaron hace unas semanas sobre su hermano Nico y su posible fichaje por el Barcelona antes de que firmara su renovaci\u00f3n por el Athletic Club hasta 2035 \u00abson mentiras\u00bb.<\/p>\n<p class=\"mb-4 text-lg md:leading-8 break-words\">\u00abHa sido un verano a nivel familiar un poco complicado. Se ha hablado mucho y muchas de las cosas que se han dicho sobre Nico son mentiras. Lo \u00fanico que ha hecho mi hermano es mantenerse en silencio y reflexionar\u00bb, recalc\u00f3, tajante, el nuevo primer capit\u00e1n del Athletic en la rueda de prensa que ofreci\u00f3 en Lezama.<\/p>\n<p class=\"mb-4 text-lg md:leading-8 break-words\">I\u00f1aki cree que \u00aben muchos momentos del verano la gente no ha sido justa\u00bb porque considera que Nico trataba de tomar \u00abuna decisi\u00f3n de vida que no es f\u00e1cil\u00bb en la que \u00abel ruido externo y muchas cosas de las que han pasado te pueden hacer dudar\u00bb.<\/p>\n<p class=\"mb-4 text-lg md:leading-8 break-words\">\u00abCreo que mi hermano ha tomado la mejor decisi\u00f3n y la ha tomado no solo con el coraz\u00f3n, sino con la ambici\u00f3n. Lo f\u00e1cil ser\u00eda irse a grandes equipos y ganar la Premier, la Bundesliga o la Liga, pero ha decidido estar con nosotros, dejar su legado aqu\u00ed y poder alg\u00fan d\u00eda llegar a ser como Julen Guerrero, que rechaz\u00f3 ofertas y se qued\u00f3\u00bb, reflexion\u00f3.<\/p>\n<p class=\"mb-4 text-lg md:leading-8 break-words\">\u00abOjal\u00e1 Nico pueda hacer carrera aqu\u00ed como lo hizo Julen en su d\u00eda y ser una referencia para todos los canteranos que vienen en proceso\u00bb, a\u00f1adi\u00f3 Williams, quien asumi\u00f3 que los cerca de 60 millones de cl\u00e1usula que figuraban en el anterior contrato convert\u00edan a Nico en \u00abun caramelito para los grandes equipos\u00bb.<\/p>\n<p class=\"mb-4 text-lg md:leading-8 break-words\">Sobre el proceso que desemboc\u00f3 en esa ampliaci\u00f3n del contrato hasta 2035 anunciada el 4 de julio, I\u00f1aki asegur\u00f3 que en el entorno familiar se mantuvieron \u00abbastante tranquilos\u00bb a pesar del \u00abmucho ruido\u00bb que se gener\u00f3 en las redes sociales y de la \u00abcampa\u00f1a medi\u00e1tica incre\u00edble\u00bb alrededor de su posible fichaje por el Bar\u00e7a.<\/p>\n<p><img alt=\"\" loading=\"lazy\" width=\"960\" height=\"640\" decoding=\"async\" data-nimg=\"1\" class=\"rounded-lg\" style=\"color:transparent\" src=\"https:\/\/www.europesays.com\/es\/wp-content\/uploads\/2025\/07\/de254ab920ea7ec44b1b83612305206e.jpeg\"\/><\/p>\n<p class=\"mb-4 text-lg md:leading-8 break-words\">\u00abLas redes sociales no las puedes controlar y todos sabemos que las carga el diablo. Luego paseabas por Bilbao y todo el mundo nos daba ese cari\u00f1o. La afici\u00f3n del Athletic es esa, no la que vandaliza un mural\u00bb, recalc\u00f3. I\u00f1aki desvel\u00f3 que adem\u00e1s de esos ataques al dibujo de Nico en la pintura de Barakaldo unos desconocidos se acercaron a casa de su hermano y \u00able rompieron una luna del coche\u00bb.<\/p>\n<p class=\"mb-4 text-lg md:leading-8 break-words\">\u00abSon cosas que no se saben, pero que tambi\u00e9n pasan factura. Mi hermano ten\u00eda la decisi\u00f3n bastante tomada, lo que pasa que hab\u00eda que redactar un contrato que era muy largo, no se pod\u00eda hacer p\u00fablico de la noche a la ma\u00f1ana y suced\u00edan cosas que ensuciaban lo que el Athletic quer\u00eda conseguir\u00bb, explic\u00f3.<\/p>\n<p class=\"mb-4 text-lg md:leading-8 break-words\">El mayor de los Williams, por otro lado, enmarc\u00f3 los constantes rumores que llegaban desde Barcelona dentro de una \u00abcampa\u00f1a medi\u00e1tica que puede ser que ellos pensaran que les iba a funcionar\u00bb. \u00abTodos sabemos c\u00f3mo funciona el f\u00fatbol y cu\u00e1l es la presi\u00f3n que quer\u00edan ejercer a los athletizales y sobre mi hermano\u00bb, lanz\u00f3.<\/p>\n<p class=\"mb-4 text-lg md:leading-8 break-words\">\u00abEse ruido externo ha hecho mucho da\u00f1o y ha ensuciado mucho las cosas porque muchas cosas que se dec\u00edan, se filtraban a los medios o sal\u00edan en redes sociales eran mentiras\u00bb, incidi\u00f3.<\/p>\n<p class=\"mb-4 text-lg md:leading-8 break-words\">A\u00f1adi\u00f3 I\u00f1aki que durante esas semanas comparti\u00f3 \u00abun mont\u00f3n de llamadas\u00bb con su hermano en las que \u00abintentaba aconsejarle\u00bb y tambi\u00e9n \u00abpararle\u00bb cuando \u00abse calentaba\u00bb y quer\u00eda responder a algunos de los comentarios publicados en las redes sociales. \u00abMantente tranquilo, perfil bajo, a lo bajini\u00bb, le aconsej\u00f3.<\/p>\n<p class=\"mb-4 text-lg md:leading-8 break-words\">\u00abAl final Nico ha tomado la decisi\u00f3n \u00e9l solo. Con una madurez incre\u00edble y, estudiando todas las posibilidades que ten\u00eda, ha decidido apostar por el Athletic y por este proyecto y hacer su legado. No podemos olvidar que tenemos un jugador que ha sido el n\u00famero 15 del mundo y ha decidido apostar por el Athletic\u00bb, recalc\u00f3 I\u00f1aki.<\/p>\n<p class=\"mb-4 text-lg md:leading-8 break-words\">(c) Agencia EFE<\/p>\n","protected":false},"excerpt":{"rendered":"Bilbao, 29 jul (EFE).- I\u00f1aki Williams asegur\u00f3 que \u00abmuchas de las cosas\u00bb que se hablaron hace unas semanas&hellip;\n","protected":false},"author":2,"featured_media":11422,"comment_status":"","ping_status":"","sticky":false,"template":"","format":"standard","meta":{"footnotes":""},"categories":[93],"tags":[2203,168,995,25,24,8171,8172,1446,23,167],"class_list":{"0":"post-11421","1":"post","2":"type-post","3":"status-publish","4":"format-standard","5":"has-post-thumbnail","7":"category-deportes","8":"tag-athletic-club","9":"tag-deportes","10":"tag-efe","11":"tag-es","12":"tag-espana","13":"tag-inaki-williams","14":"tag-julen-guerrero","15":"tag-nico","16":"tag-spain","17":"tag-sports"},"share_on_mastodon":{"url":"","error":""},"_links":{"self":[{"href":"https:\/\/www.europesays.com\/es\/wp-json\/wp\/v2\/posts\/11421","targetHints":{"allow":["GET"]}}],"collection":[{"href":"https:\/\/www.europesays.com\/es\/wp-json\/wp\/v2\/posts"}],"about":[{"href":"https:\/\/www.europesays.com\/es\/wp-json\/wp\/v2\/types\/post"}],"author":[{"embeddable":true,"href":"https:\/\/www.europesays.com\/es\/wp-json\/wp\/v2\/users\/2"}],"replies":[{"embeddable":true,"href":"https:\/\/www.europesays.com\/es\/wp-json\/wp\/v2\/comments?post=11421"}],"version-history":[{"count":0,"href":"https:\/\/www.europesays.com\/es\/wp-json\/wp\/v2\/posts\/11421\/revisions"}],"wp:featuredmedia":[{"embeddable":true,"href":"https:\/\/www.europesays.com\/es\/wp-json\/wp\/v2\/media\/11422"}],"wp:attachment":[{"href":"https:\/\/www.europesays.com\/es\/wp-json\/wp\/v2\/media?parent=11421"}],"wp:term":[{"taxonomy":"category","embeddable":true,"href":"https:\/\/www.europesays.com\/es\/wp-json\/wp\/v2\/categories?post=11421"},{"taxonomy":"post_tag","embeddable":true,"href":"https:\/\/www.europesays.com\/es\/wp-json\/wp\/v2\/tags?post=11421"}],"curies":[{"name":"wp","href":"https:\/\/api.w.org\/{rel}","templated":true}]}}