{"id":114216,"date":"2025-09-14T10:47:18","date_gmt":"2025-09-14T10:47:18","guid":{"rendered":"https:\/\/www.europesays.com\/es\/114216\/"},"modified":"2025-09-14T10:47:18","modified_gmt":"2025-09-14T10:47:18","slug":"elogio-del-hierro-iii-regresa-a-bilbao-tras-siete-anos-en-chillida-leku","status":"publish","type":"post","link":"https:\/\/www.europesays.com\/es\/114216\/","title":{"rendered":"&#8216;Elogio del hierro III&#8217; regresa a Bilbao tras siete a\u00f1os en Chillida Leku"},"content":{"rendered":"<p>La escultura &#8216;Elogio del hierro III&#8217; de Eduardo Chillida ha vuelto este viernes a Bilbao, tras haber pasado unas vacaciones de siete a\u00f1os en las  &#8230; praderas de Chillida Leku. Junto al estanque de la plaza Circular, la escultura encargada por el BBVA para adornar la que fue su sede en la villa, se convirti\u00f3 en una de las estampas m\u00e1s caracter\u00edsticas de la ciudad. <\/p>\n<p class=\"v-p\">Su inauguraci\u00f3n en 1998 atrap\u00f3 la atenci\u00f3n medi\u00e1tica y la de los ciudadanos, y para la posteridad qued\u00f3 la foto donde los transe\u00fantes quedaron inmortalizados, entre ellos el artista Jes\u00fas Mari Lazkano. Admiraban la nueva incorporaci\u00f3n al paisaje (al lado del reci\u00e9n nacido fosterito del metro de Abando), que tras dos d\u00e9cadas qued\u00f3 desdibujado cuando por las obras en el entorno la obra de arte fue trasladada a respirar la tranquilidad y el aire puro de Chillida Leku.<\/p>\n<p class=\"v-p\">La escultura aguardaba a primera hora de esta ma\u00f1ana cubierta con un velo blanco, asemej\u00e1ndose a una novia esperando a descubrirse en el momento m\u00e1s importante. La inauguraci\u00f3n result\u00f3 solemne, con las autoridades congregadas para darle la bienvenida. Estuvieron Ibone Bengoetxea, vicelehendakari primera y consejera de Cultura y Pol\u00edtica Ling\u00fc\u00edstica del Gobierno Vasco; Elixabete Etxanobe, diputada general de Bizkaia y presidenta del patronato del Bellas Artes; Luis y Mikel Chillida, presidente de la Fundaci\u00f3n Eduardo Chillida-Pilar Belzunce y director de Desarrollo de Chillida Leku, respectivamente; Carlos Torres Vila, presidente de BBVA; Juan Mari Aburto, alcalde de Bilbao; Mireia Massagu\u00e9, directora de Chillida Leku; Rafael Pardo, director de la Fundaci\u00f3n BBVA y vocal del museo, y el propio director de la pinacoteca, Miguel Zugaza.<\/p>\n<p><img decoding=\"async\" loading=\"lazy\" src=\"https:\/\/www.europesays.com\/es\/wp-content\/uploads\/2025\/09\/institucioneschillida-k0gE-U23029080294248RD-650x455@Diario Vasco.jpg\" class=\"v-a-img\" width=\"650\" height=\"455\" alt=\"Luis Chillida, Juan Mari Aburto, Carlos Torres Vila, Elixabete Etxanobe, Ibone Bengoetxea, Rafael Pardo y MIguel Zugaza, ante la escultura descubierta\" data-voc-vtm-id=\"in-text-traffic\"\/><\/p>\n<p>Luis Chillida, Juan Mari Aburto, Carlos Torres Vila, Elixabete Etxanobe, Ibone Bengoetxea, Rafael Pardo y MIguel Zugaza, ante la escultura descubierta<\/p>\n<p>I. P.<\/p>\n<p><img loading=\"lazy\" decoding=\"async\" src=\"https:\/\/www.europesays.com\/es\/wp-content\/uploads\/2025\/09\/institucioneschillida-k0gE-U2302908029424ZV-1920x1344@Diario Vasco.jpg\" class=\"v-mdl__img-z\" width=\"1920\" height=\"1344\" alt=\"\"\/><\/p>\n<p class=\"v-p\">Etxanobe aludi\u00f3 al doble homenaje que representa la obra que ya puede disfrutarse en el parque: \u00abPor un lado, a un material esencial en toda la trayectoria creativa de Chillida. Y por otro, a la tradici\u00f3n metal\u00fargica de la ciudad y del territorio, Bizkaia. Forjado con el esfuerzo, la energ\u00eda y la creatividad colectiva de sus gentes, el hierro ha sido durante siglos motor econ\u00f3mico, identidad cultural y tambi\u00e9n paisaje compartido, y Chillida supo traducir ese legado en formas art\u00edsticas llenas de intensidad y de significado\u00bb. Etxanobe agradeci\u00f3 finalmente al presidente del BBVA el haber hecho posible este regreso.<\/p>\n<p class=\"v-p\">Torres Vila, por su parte, expres\u00f3 \u00abel honor\u00bb que supone para \u00e9l \u00aby para el BBVA celebrar el retorno de esta escultura a Bilbao, en la Plaza Chillida, en honor a Eduardo, y en un lugar emblem\u00e1tico a la entrada del museo\u00bb. Cit\u00f3 la coincidencia con un \u00abmomento muy especial\u00bb para el Bellas Artes, \u00abinmerso en este ambicioso proceso de transformaci\u00f3n que no s\u00f3lo ampl\u00eda sus espacios, sino que refuerza tambi\u00e9n su papel como uno de los principales focos de atracci\u00f3n cultural en Espa\u00f1a y en Europa\u00bb. Record\u00f3 que la obra que el banco ha cedido \u00abfue concebida por y para Bilbao como un tributo a su tradici\u00f3n sider\u00fargica. La realiz\u00f3 Chillida por encargo del banco y es parte de nuestra historia, de la del BBVA y de la de Bilbao, una ciudad con la que tenemos fuertes lazos que nos unen. Y por eso me produce especial ilusi\u00f3n su vuelta gracias al acuerdo entre BBVA y el Museo de Bellas Artes\u00bb.<\/p>\n<p class=\"v-p\">Uno de los hijos del artista, Luis Chillida, tuvo palabras de recuerdo para su padre: \u00abPara aita esta escultura fue un trabajo muy especial. Fue una obra pensada y preparada para Bilbao, un homenaje a la importancia de este material industrial. Y tras unos a\u00f1os maravillosos que ha pasado con nosotros en Chillida Leku, la escultura regresa porque este es su sitio, un museo muy querido para \u00e9l, muy especial. Y vuelve a un espacio p\u00fablico, algo muy importante, pues su finalidad era que sus obras pudieran estar disponibles, abiertas al paseante\u00bb.<\/p>\n","protected":false},"excerpt":{"rendered":"La escultura &#8216;Elogio del hierro III&#8217; de Eduardo Chillida ha vuelto este viernes a Bilbao, tras haber pasado&hellip;\n","protected":false},"author":2,"featured_media":114217,"comment_status":"","ping_status":"","sticky":false,"template":"","format":"standard","meta":{"footnotes":""},"categories":[173],"tags":[988,229,233,231,230,2601,15909,232,234,25240,146,147,25,24,1854,16745,38569,2902,5294,23,575],"class_list":{"0":"post-114216","1":"post","2":"type-post","3":"status-publish","4":"format-standard","5":"has-post-thumbnail","7":"category-arte-y-diseno","8":"tag-anos","9":"tag-arte","10":"tag-arte-y-diseno","11":"tag-arts","12":"tag-arts-and-design","13":"tag-bilbao","14":"tag-chillida","15":"tag-design","16":"tag-diseno","17":"tag-elogio","18":"tag-entertainment","19":"tag-entretenimiento","20":"tag-es","21":"tag-espana","22":"tag-hierro","23":"tag-iii","24":"tag-leku","25":"tag-regresa","26":"tag-siete","27":"tag-spain","28":"tag-tras"},"share_on_mastodon":{"url":"","error":""},"_links":{"self":[{"href":"https:\/\/www.europesays.com\/es\/wp-json\/wp\/v2\/posts\/114216","targetHints":{"allow":["GET"]}}],"collection":[{"href":"https:\/\/www.europesays.com\/es\/wp-json\/wp\/v2\/posts"}],"about":[{"href":"https:\/\/www.europesays.com\/es\/wp-json\/wp\/v2\/types\/post"}],"author":[{"embeddable":true,"href":"https:\/\/www.europesays.com\/es\/wp-json\/wp\/v2\/users\/2"}],"replies":[{"embeddable":true,"href":"https:\/\/www.europesays.com\/es\/wp-json\/wp\/v2\/comments?post=114216"}],"version-history":[{"count":0,"href":"https:\/\/www.europesays.com\/es\/wp-json\/wp\/v2\/posts\/114216\/revisions"}],"wp:featuredmedia":[{"embeddable":true,"href":"https:\/\/www.europesays.com\/es\/wp-json\/wp\/v2\/media\/114217"}],"wp:attachment":[{"href":"https:\/\/www.europesays.com\/es\/wp-json\/wp\/v2\/media?parent=114216"}],"wp:term":[{"taxonomy":"category","embeddable":true,"href":"https:\/\/www.europesays.com\/es\/wp-json\/wp\/v2\/categories?post=114216"},{"taxonomy":"post_tag","embeddable":true,"href":"https:\/\/www.europesays.com\/es\/wp-json\/wp\/v2\/tags?post=114216"}],"curies":[{"name":"wp","href":"https:\/\/api.w.org\/{rel}","templated":true}]}}