{"id":114220,"date":"2025-09-14T10:50:10","date_gmt":"2025-09-14T10:50:10","guid":{"rendered":"https:\/\/www.europesays.com\/es\/114220\/"},"modified":"2025-09-14T10:50:10","modified_gmt":"2025-09-14T10:50:10","slug":"es-muy-importante-que-quienes-me-rodean-me-digan-la-verdad","status":"publish","type":"post","link":"https:\/\/www.europesays.com\/es\/114220\/","title":{"rendered":"Es muy importante que quienes me rodean me digan la verdad"},"content":{"rendered":"<p>            Laura Pausini: \u00abEs muy importante que quienes me rodean me digan la verdad\u00bb                <\/p>\n<p>Laura Pausini: \u00abEs muy importante que quienes me rodean me digan la verdad\u00bb<\/p>\n<p class=\"epigraph\">La artista presenta nuevo trabajo y anuncia el inicio de su gira mundial en Espa\u00f1a: \u00abVer a las personas en los conciertos me flipa\u00bb.<\/p>\n<p class=\"paragraph\">\u00abYo soy delante de este micr\u00f3fono como soy delante de mi hija cuando hace la tarea en casa\u00bb, afirma Laura Pausini. Probablemente sea cierto: locuaz, simp\u00e1tica y de una naturalidad apabullante (\u00abco\u00f1o, esa palabra nunca me sale\u00bb, dice cuando no encuentra un t\u00e9rmino en espa\u00f1ol), <b>Pausini, aunque aparezca vestida como la estrella que es, sigue transmitiendo la misma autenticidad que la chica de dieciocho a\u00f1os que gan\u00f3 San Remo enfundada en una chaqueta y un pantal\u00f3n<\/b>. Con una carrera repleta de \u00e9xitos, presenta un adelanto de su nuevo disco, &#8216;Yo canto 2&#8217;, y anuncia una gira mundial que comenzar\u00e1 por primera vez en Espa\u00f1a en marzo de 2026 para acabar a finales de 2027 tras pasar por Latinoam\u00e9rica, EE UU y Europa. Por cierto, la palabra que buscaba Pausini era \u00abconformarse\u00bb. Justo lo que nunca hace.<\/p>\n<p>            Conforme a los criterios de<br \/>\n            <a class=\"trustproject_img\" id=\"trustproject_img\" href=\"https:\/\/thetrustproject.org\/\" target=\"_blank\" rel=\"nofollow noopener\" aria-label=\"Trust Project\"><img decoding=\"async\" loading=\"lazy\" src=\"https:\/\/www.heraldo.es\/images\/Trust-Logo-Horizontal.svg\" alt=\"Logo Trust Project\" width=\"200\" height=\"34\"\/><\/a><\/p>\n<p>        <a href=\"https:\/\/www.henneo.com\/\" title=\"Grupo Henneo\" class=\"logo\" rel=\"nofollow noopener\" target=\"_blank\"><br \/>\n            <img decoding=\"async\" src=\"https:\/\/www.heraldo.es\/images\/logo_henneo_gris.svg\" alt=\"Logo Henneo\" width=\"559\" height=\"389\" loading=\"lazy\"\/><br \/>\n        <\/a><\/p>\n<p>\u00a9 HERALDO DE ARAGON EDITORA, S.L.U.<br \/>Tel\u00e9fono 976 765 000 \/ &#8211; P\u00ba. Independencia, 29, 50001 Zaragoza &#8211; CIF: B99288763 &#8211; Inscrita en el Registro Mercantil de Zaragoza al Tomo 3796, Libro 0, Folio 177, Secci\u00f3n 8, Hoja Z-50564<br \/>Queda prohibida toda reproducci\u00f3n sin permiso escrito de la empresa a los efectos del art\u00edculo 32.1, p\u00e1rrafo segundo, de la Ley de Propiedad Intelectual<\/p>\n<p>\n                P\u00ba Independencia, 29, 50001 Zaragoza<br \/> Tel\u00e9fono 976 765 000\n            <\/p>\n<p>                    Actualmente tu navegador no permite ejecutar JavaScript. Para poder disfrutar de nuestro contenido es necesario que lo permita.<br \/>\n                                        <img decoding=\"async\" loading=\"lazy\" alt=\"Heraldo logo\" src=\"https:\/\/dkumiip2e9ary.cloudfront.net\/xalok\/heraldo\/especiales\/hola-de-nuevo\/logo-heraldo.svg\" width=\"215\" height=\"43\"\/><\/p>\n","protected":false},"excerpt":{"rendered":"Laura Pausini: \u00abEs muy importante que quienes me rodean me digan la verdad\u00bb Laura Pausini: \u00abEs muy importante&hellip;\n","protected":false},"author":2,"featured_media":114221,"comment_status":"","ping_status":"","sticky":false,"template":"","format":"standard","meta":{"footnotes":""},"categories":[170],"tags":[146,147,25,24,184,185,35449,23],"class_list":{"0":"post-114220","1":"post","2":"type-post","3":"status-publish","4":"format-standard","5":"has-post-thumbnail","7":"category-musica","8":"tag-entertainment","9":"tag-entretenimiento","10":"tag-es","11":"tag-espana","12":"tag-music","13":"tag-musica","14":"tag-ocio-y-cultura","15":"tag-spain"},"share_on_mastodon":{"url":"","error":""},"_links":{"self":[{"href":"https:\/\/www.europesays.com\/es\/wp-json\/wp\/v2\/posts\/114220","targetHints":{"allow":["GET"]}}],"collection":[{"href":"https:\/\/www.europesays.com\/es\/wp-json\/wp\/v2\/posts"}],"about":[{"href":"https:\/\/www.europesays.com\/es\/wp-json\/wp\/v2\/types\/post"}],"author":[{"embeddable":true,"href":"https:\/\/www.europesays.com\/es\/wp-json\/wp\/v2\/users\/2"}],"replies":[{"embeddable":true,"href":"https:\/\/www.europesays.com\/es\/wp-json\/wp\/v2\/comments?post=114220"}],"version-history":[{"count":0,"href":"https:\/\/www.europesays.com\/es\/wp-json\/wp\/v2\/posts\/114220\/revisions"}],"wp:featuredmedia":[{"embeddable":true,"href":"https:\/\/www.europesays.com\/es\/wp-json\/wp\/v2\/media\/114221"}],"wp:attachment":[{"href":"https:\/\/www.europesays.com\/es\/wp-json\/wp\/v2\/media?parent=114220"}],"wp:term":[{"taxonomy":"category","embeddable":true,"href":"https:\/\/www.europesays.com\/es\/wp-json\/wp\/v2\/categories?post=114220"},{"taxonomy":"post_tag","embeddable":true,"href":"https:\/\/www.europesays.com\/es\/wp-json\/wp\/v2\/tags?post=114220"}],"curies":[{"name":"wp","href":"https:\/\/api.w.org\/{rel}","templated":true}]}}