{"id":114227,"date":"2025-09-14T10:54:11","date_gmt":"2025-09-14T10:54:11","guid":{"rendered":"https:\/\/www.europesays.com\/es\/114227\/"},"modified":"2025-09-14T10:54:11","modified_gmt":"2025-09-14T10:54:11","slug":"makoke-se-hunde-al-hablar-sobre-la-verdadera-razon-por-la-que-pospuso-su-boda-en-ibiza-ha-sido-duro","status":"publish","type":"post","link":"https:\/\/www.europesays.com\/es\/114227\/","title":{"rendered":"Makoke se hunde al hablar sobre la verdadera raz\u00f3n por la que pospuso su boda en Ibiza: \u00abHa sido duro\u00bb"},"content":{"rendered":"<p id=\"eag-vh7y9r\" data-wc=\"115\">El pasado viernes 12 de septiembre estaba marcado en rojo en el calendario como uno de los d\u00edas m\u00e1s importantes en la vida de Makoke y Gonzalo Fern\u00e1ndez. El lugar ya estaba elegido, los invitados confirmados y la ilusi\u00f3n intacta, pero finalmente el esperado enlace no lleg\u00f3 a celebrarse. La pareja ten\u00eda previsto darse el \u201cs\u00ed, quiero\u201d en Ibiza, pero la boda fue aplazada a finales de agosto por un motivo tan inesperado como doloroso: un grave problema de salud en su entorno m\u00e1s cercano. En aquel momento, la malague\u00f1a pidi\u00f3 \u201crespeto\u201d y prefiri\u00f3 no dar m\u00e1s detalles sobre las razones que les llevaron a tomar esta dif\u00edcil decisi\u00f3n. <strong data-end=\"771\" data-start=\"733\">Ahora se ha descubierto el motivo.<\/strong><\/p>\n<p> <img src=\"https:\/\/www.europesays.com\/es\/wp-content\/uploads\/2025\/09\/a590b0313644-malula-michel-hola-16.jpg\"   width=\"1080\" height=\"1080\" loading=\"lazy\" decoding=\"async\" alt=\"Makoke con su prometido, Gonzalo Fern\u00e1ndez\" fetchpriority=\"auto\" class=\"image ho-image\"\/>\u00a9 FOTOGRAF\u00cdA DIFUSA<\/p>\n<p id=\"e3C1DoMY42z\" data-wc=\"102\">Tres semanas despu\u00e9s, la inc\u00f3gnita empezaba a disiparse. Ese mismo d\u00eda en que deb\u00eda celebrarse el enlace, Marina Romero, mujer de Javier Tudela e integrante fundamental de la familia, compart\u00eda en Instagram un mensaje que emocion\u00f3 a todos sus seguidores. <strong data-end=\"771\" data-start=\"733\">\u201cHace 8 a\u00f1os la vida me regal\u00f3 a mi persona, a mi amor, a mi compa\u00f1ero. Y si entonces ten\u00eda claro que eras el amor de mi vida, ahora s\u00e9 que ni siquiera alcanzaba a imaginar cu\u00e1nto\u201d,\u00a0<\/strong> escribi\u00f3 desde un lugar que llam\u00f3 la atenci\u00f3n de inmediato, porque en el carrusel de im\u00e1genes aparec\u00eda ella misma en la camilla de un hospital.\u00a0<\/p>\n<p> <img src=\"https:\/\/www.europesays.com\/es\/wp-content\/uploads\/2025\/09\/533d55c4acb6-54784759418529054669046375972022922776074500n.jpg\"   width=\"768\" height=\"1024\" loading=\"lazy\" decoding=\"async\" alt=\"Marina Romero hospital\" fetchpriority=\"auto\" class=\"image ho-image\"\/>\u00a9 marinaromerom<\/p>\n<p id=\"evqeGqqrrPK\" data-wc=\"62\">Marina no quiso dar nombres ni diagn\u00f3sticos, pero dej\u00f3 claro que atraviesa un momento complicado. \u201cEstos d\u00edas han sido los m\u00e1s dif\u00edciles de nuestro camino juntos, pero ah\u00ed est\u00e1s t\u00fa, sin soltarme la mano ni un segundo, cuidando de m\u00ed y de todo, y aun as\u00ed encontrando fuerzas para hacerme sonre\u00edr cuando m\u00e1s lo necesito\u201d, continuaba en esa carta dirigida a Javier.<\/p>\n<p> <img src=\"https:\/\/www.europesays.com\/es\/wp-content\/uploads\/2025\/09\/33a8b12e4f4a-544284343185290546600463751158447959944665556n.jpg\"   width=\"768\" height=\"1024\" loading=\"lazy\" decoding=\"async\" alt=\"Media Image\" fetchpriority=\"auto\" class=\"image ho-image\"\/>\u00a9 marinaromerom<\/p>\n<p id=\"eRWAAevANIa\" data-wc=\"109\">En su escrito, la influencer desvelaba la entrega absoluta de su marido: \u201c<strong>Has movido cielo y tierra para que todo vaya lo m\u00e1s r\u00e1pido posible. No s\u00e9 c\u00f3mo agradecerte todo lo que haces, c\u00f3mo explicarte lo que siento al mirarte y saber que das el 100% de ti en cada momento\u201d<\/strong>. Palabras que daban paso a una declaraci\u00f3n de amor incondicional: \u201cEl amor verdadero se ve en los detalles, en la risa que provocas incluso cuando hay miedo, en la forma en que me haces sentir que nunca estoy sola. S\u00e9 que detr\u00e1s de cada paso tuyo hay amor, coraje y un coraz\u00f3n inmenso que late por los cuatro\u201d.<\/p>\n<p> <img src=\"https:\/\/www.europesays.com\/es\/wp-content\/uploads\/2025\/09\/233974df51c6-545016414185290546510463756196179787744091881n.jpg\"   width=\"768\" height=\"1024\" loading=\"lazy\" decoding=\"async\" alt=\"Media Image\" fetchpriority=\"auto\" class=\"image ho-image\"\/>\u00a9 marinaromerom<\/p>\n<p id=\"e96_Zwg3Uch\" data-wc=\"96\">El mensaje albergaba tambi\u00e9n un gui\u00f1o a la esperanza: \u201cS\u00e9 que nos esperan d\u00edas dif\u00edciles, pero tambi\u00e9n s\u00e9 que contigo a mi lado no hay batalla que no podamos ganar. En esa forma en que me miras incluso en medio de la tormenta y encuentro fuerza, gracias a ti. Tengo la certeza de que, cuando todo esto pase, saldremos m\u00e1s fuertes, m\u00e1s unidos y con a\u00fan m\u00e1s motivos para celebrar la vida juntos. Te amo con todo lo que soy, con todo lo que tengo y con todo lo que a\u00fan nos queda por vivir. Gracias\u201d.<\/p>\n<p> <img src=\"https:\/\/www.europesays.com\/es\/wp-content\/uploads\/2025\/09\/eb979c0fe323-482887327184935418900463754390472218203411722n.jpg\"   width=\"819\" height=\"1024\" loading=\"lazy\" decoding=\"async\" alt=\"Marina Romero y Javier Tudela\" fetchpriority=\"auto\" class=\"image ho-image\"\/>\u00a9 marinaromerom<br \/>\nLa reacci\u00f3n de Makoke en televisi\u00f3n<\/p>\n<p id=\"eCENKFIPyRq\" data-wc=\"89\">Nada m\u00e1s hacerse p\u00fablico el texto, Makoke apareci\u00f3 este s\u00e1bado en Fiesta\u00a0y dio rienda suelta a la emoci\u00f3n contenida. \u201cEste fin de semana ha sido duro. Deber\u00eda estar cas\u00e1ndome y no ha podido ser, y me da mucha pena. Estamos pasando unos momentos muy duros. Mi nuera s\u00ed que lo ha querido compartir en sus redes\u2026\u201d, confes\u00f3 con la voz quebrada y los ojos anegados en l\u00e1grimas. Sin ahondar en el estado de salud de Marina, quiso dejar claro que se trata de un proceso \u00edntimo y delicado.\u00a0<\/p>\n<p> <img src=\"https:\/\/www.europesays.com\/es\/wp-content\/uploads\/2025\/09\/35cd845dc9d0-felconfidencialcomoriginal8e916d58e8e916d58eb88e659786c2c57dd10c276.png\"   width=\"1024\" height=\"723\" loading=\"lazy\" decoding=\"async\" alt=\"Makoke llorando\" fetchpriority=\"auto\" class=\"image ho-image\"\/>\u00a9 Telecinco<\/p>\n<p id=\"eX5tZdHQvOx\" data-wc=\"100\">S\u00ed aprovech\u00f3, sin embargo, para alabar la uni\u00f3n de la pareja que forman su hijo y su mujer: \u201cSon una pareja que se quieren much\u00edsimo. Est\u00e1n superunidos, son superfuertes, son una familia maravillosa y no se merecen esto. No se lo merece nadie, evidentemente\u201d. Lo que m\u00e1s impresion\u00f3 a Makoke fue la entereza de su hijo:<strong>\u00a0\u201cMi hijo est\u00e1 fuerte. Hay cosas que no han salido, hay momentos que son muy duros y \u00e9l la hace re\u00edr. En alg\u00fan momento explotar\u00e1\u2026 pero nos est\u00e1 dando un ejemplo a todos incre\u00edble. No sab\u00eda que mi hijo ten\u00eda esa fuerza\u201d<\/strong>, declar\u00f3 emocionada.\u00a0<\/p>\n<p> <img src=\"https:\/\/www.europesays.com\/es\/wp-content\/uploads\/2025\/09\/50541cc99395-no-puedo-ser-ms-afortunada-de-teneros.jpg\"   width=\"819\" height=\"1024\" loading=\"lazy\" decoding=\"async\" alt=\"Makoke y sus hijos\" fetchpriority=\"auto\" class=\"image ho-image\"\/>\u00a9 makoke_<\/p>\n<p id=\"eFhNHKijdG\" data-wc=\"65\">Sus palabras que dejaban entrever su orgullo como madre y la admiraci\u00f3n hacia la forma en que Javier est\u00e1 sosteniendo a su familia. Adem\u00e1s, horas m\u00e1s tarde, Makoke tambi\u00e9n se pronunci\u00f3 en redes sociales, reaccionando a la publicaci\u00f3n de Marina con un mensaje breve pero elocuente: \u201cOs quiero tanto\u201d, escribi\u00f3 para acompa\u00f1ar el dolor, el cari\u00f1o y la uni\u00f3n que en estos momentos les sostiene.<\/p>\n<p> <img src=\"https:\/\/www.europesays.com\/es\/wp-content\/uploads\/2025\/09\/76258ed9fdfe-makoke.jpg\"   width=\"1024\" height=\"592\" loading=\"lazy\" decoding=\"async\" alt=\"Media Image\" fetchpriority=\"auto\" class=\"image ho-image\"\/>\u00a9 Mediaset<\/p>\n<p id=\"eL1Si2K6p8U\" data-wc=\"120\">Sobre c\u00f3mo afront\u00f3 la situaci\u00f3n su prometido Gonzalo, Makoke fue clara: <a class=\"hm-link ho-link\" href=\"https:\/\/www.hola.com\/actualidad\/20250824851802\/gonzalo-novio-de-makoke-rompe-su-silencio-tras-la-cancelacion-de-su-boda-mi-familia-me-apoya\/\" rel=\"noopener nofollow\" target=\"_blank\" data-mrf-recirculation=\"article-body-link\">\u201cCuando dijeron que era ruptura nuestra, a m\u00ed personalmente no me da igual. Pero era tan grave en ese momento que Gonzalo me pidi\u00f3 que no dijera nada. Al final siempre se piensa mal, entiendo que la gente lo pueda pensar\u201d<\/a>. Con estas palabras, desminti\u00f3 cualquier crisis sentimental y dej\u00f3 claro que su historia con Fern\u00e1ndez sigue fuerte, cimentada en la complicidad. Por ahora no hay fecha nueva para la boda, pero Makoke reconoci\u00f3 que es cuesti\u00f3n de esperar. Lo \u00fanico seguro es que cuando llegue, ser\u00e1 una celebraci\u00f3n a\u00fan m\u00e1s cargada de sentido, porque como ella misma dijo, <strong>\u201clo que quiero es que todo se solucione cuanto antes\u201d.<\/strong><\/p>\n","protected":false},"excerpt":{"rendered":"El pasado viernes 12 de septiembre estaba marcado en rojo en el calendario como uno de los d\u00edas&hellip;\n","protected":false},"author":2,"featured_media":114228,"comment_status":"","ping_status":"","sticky":false,"template":"","format":"standard","meta":{"footnotes":""},"categories":[91],"tags":[517,146,147,25,24,15187,12553,23,692,807],"class_list":{"0":"post-114227","1":"post","2":"type-post","3":"status-publish","4":"format-standard","5":"has-post-thumbnail","7":"category-entretenimiento","8":"tag-actualidad","9":"tag-entertainment","10":"tag-entretenimiento","11":"tag-es","12":"tag-espana","13":"tag-makoke","14":"tag-mas-noticias","15":"tag-spain","16":"tag-telecinco","17":"tag-television"},"share_on_mastodon":{"url":"","error":""},"_links":{"self":[{"href":"https:\/\/www.europesays.com\/es\/wp-json\/wp\/v2\/posts\/114227","targetHints":{"allow":["GET"]}}],"collection":[{"href":"https:\/\/www.europesays.com\/es\/wp-json\/wp\/v2\/posts"}],"about":[{"href":"https:\/\/www.europesays.com\/es\/wp-json\/wp\/v2\/types\/post"}],"author":[{"embeddable":true,"href":"https:\/\/www.europesays.com\/es\/wp-json\/wp\/v2\/users\/2"}],"replies":[{"embeddable":true,"href":"https:\/\/www.europesays.com\/es\/wp-json\/wp\/v2\/comments?post=114227"}],"version-history":[{"count":0,"href":"https:\/\/www.europesays.com\/es\/wp-json\/wp\/v2\/posts\/114227\/revisions"}],"wp:featuredmedia":[{"embeddable":true,"href":"https:\/\/www.europesays.com\/es\/wp-json\/wp\/v2\/media\/114228"}],"wp:attachment":[{"href":"https:\/\/www.europesays.com\/es\/wp-json\/wp\/v2\/media?parent=114227"}],"wp:term":[{"taxonomy":"category","embeddable":true,"href":"https:\/\/www.europesays.com\/es\/wp-json\/wp\/v2\/categories?post=114227"},{"taxonomy":"post_tag","embeddable":true,"href":"https:\/\/www.europesays.com\/es\/wp-json\/wp\/v2\/tags?post=114227"}],"curies":[{"name":"wp","href":"https:\/\/api.w.org\/{rel}","templated":true}]}}