{"id":114235,"date":"2025-09-14T10:58:12","date_gmt":"2025-09-14T10:58:12","guid":{"rendered":"https:\/\/www.europesays.com\/es\/114235\/"},"modified":"2025-09-14T10:58:12","modified_gmt":"2025-09-14T10:58:12","slug":"la-plaza-de-la-garza-el-anteproyecto-con-mas-puntuacion-para-remodelar-la-plaza-de-espana","status":"publish","type":"post","link":"https:\/\/www.europesays.com\/es\/114235\/","title":{"rendered":"\u2018La Plaza de la Garza\u2019, el anteproyecto con m\u00e1s puntuaci\u00f3n para remodelar la Plaza de Espa\u00f1a"},"content":{"rendered":"<p dir=\"ltr\"><b id=\"docs-internal-guid-1efb457b-7fff-a9a6-8255-2803755a3922\">Aunque la votaci\u00f3n ciudadana realizada este s\u00e1bado desde las 09:00 hasta las 20:00 horas en el Sal\u00f3n de Plenos municipal dio el apoyo mayoritario al anteproyecto de \u2018La Plaza de la Garza\u2019, la consulta popular no registr\u00f3 la participaci\u00f3n m\u00ednima exigida del 5% de los daimiele\u00f1os con derecho a voto, de ah\u00ed que sea el orden de puntuaci\u00f3n del jurado el factor decisivo que, en este caso, coincide con la opini\u00f3n de los ciudadanos.<\/b><\/p>\n<p dir=\"ltr\"><b id=\"docs-internal-guid-1efb457b-7fff-a9a6-8255-2803755a3922\">Daimiel Noticias. \u2013 <\/b>El dise\u00f1o para remodelar la Plaza de Espa\u00f1a ya tiene nombre. Ser\u00e1 \u2018La Plaza de la Garza\u2019 el anteproyecto que se tendr\u00e1 en cuenta para llevar a cabo una remodelaci\u00f3n que lleg\u00f3 este s\u00e1bado a su fase final con la votaci\u00f3n ciudadana que tuvo lugar en el Sal\u00f3n de Plenos municipal desde las 09:00 hasta las 20:00 horas.<\/p>\n<p>  <img loading=\"lazy\" decoding=\"async\" src=\"https:\/\/www.europesays.com\/es\/wp-content\/uploads\/2025\/09\/100_1763.jpg\" width=\"4608\" height=\"3072\" alt=\"La votaci\u00f3n popular se celebr\u00f3 este s\u00e1bado.\" typeof=\"foaf:Image\" class=\"img-fluid\"\/><br \/>\nLa votaci\u00f3n popular se celebr\u00f3 este s\u00e1bado.<\/p>\n<p>En total, fueron 721 los votos emitidos (incluyendo nulos y votos en blanco), participaci\u00f3n que, sin embargo, no alcanz\u00f3 el 5%, m\u00ednimo necesario para que el resultado fuera vinculante. De ah\u00ed que sea el orden de puntuaci\u00f3n del jurado t\u00e9cnico-pol\u00edtico el factor decisivo que, en este caso, coincide con la opini\u00f3n de los ciudadanos, inform\u00f3 ayer el concejal de Urbanismo y Obras, Jes\u00fas Villar. El edil dio a conocer el resultado de la votaci\u00f3n junto a la concejal de Participaci\u00f3n Ciudadana, Prado Garc\u00eda-Carpintero.<\/p>\n<p>  <img loading=\"lazy\" decoding=\"async\" src=\"https:\/\/www.europesays.com\/es\/wp-content\/uploads\/2025\/09\/whatsapp_image_2025-09-13_at_21.45.50_1.jpeg\" width=\"1600\" height=\"720\" alt=\"Los concejales Jes\u00fas Villar y Prado Garc\u00eda-Carpintero, este s\u00e1bado tras el recuento de votos.\" typeof=\"foaf:Image\" class=\"img-fluid\"\/><br \/>\nLos concejales Jes\u00fas Villar y Prado Garc\u00eda-Carpintero, este s\u00e1bado tras el recuento de votos.<\/p>\n<p>Seg\u00fan explicaron los ediles, el anteproyecto \u2018La Plaza de la Garza\u2019 obtuvo 474 votos, frente a los 103 del otro anteproyecto presentado, \u2018Redise\u00f1ar para habitar\u2019, por lo que,\u00a0insisti\u00f3 Villar, la voluntad de la ciudadan\u00eda coincide con la del jurado, que ya en la reuni\u00f3n celebrada el pasado 29 de julio, y que adem\u00e1s se recoge en el <a href=\"https:\/\/www.daimiel.es\/es\/concurso-de-proyectos-para-la-remodelacion-de-la-plaza-de-espana-de-daimiel\" rel=\"nofollow noopener\" target=\"_blank\">acta publicada en la web municipal<\/a>, otorg\u00f3 al primero mayor puntuaci\u00f3n.<\/p>\n<p>Tras la votaci\u00f3n ciudadana, ser\u00e1 el pr\u00f3ximo martes, 16 de septiembre, cuando se dar\u00e1 a conocer la identidad de los autores de \u2018La Plaza de la Garza\u2019. A partir de ah\u00ed, tal y como se\u00f1al\u00f3 Villar, comenzar\u00e1 todo el proceso administrativo -licitaci\u00f3n, adjudicaci\u00f3n y presentaci\u00f3n de la documentaci\u00f3n de la empresa- para que las obras den comienzo en 2026.<\/p>\n<p>  <img loading=\"lazy\" decoding=\"async\" src=\"https:\/\/www.europesays.com\/es\/wp-content\/uploads\/2025\/09\/20250913_114517_1.jpg\" width=\"4000\" height=\"1800\" alt=\"Ciudadanos consultando los proyectos antes de votar.\" typeof=\"foaf:Image\" class=\"img-fluid\"\/><br \/>\nCiudadanos consultando los proyectos antes de votar.<\/p>\n<p>Cabe recordar, adem\u00e1s, que la ejecuci\u00f3n del dise\u00f1o ganador no supondr\u00e1 en ning\u00fan caso el cambio del nombre de la plaza,\u00a0pues las denominaciones de los anteproyectos han sido elegidas por los autores para identificarlos y mantenerse en el anonimato que exige el concurso hasta la fase de votaci\u00f3n popular, record\u00f3 Villar. Es por esto, insisti\u00f3 en el mensaje,\u00a0\u201cla plaza seguir\u00e1 llam\u00e1ndose Plaza de Espa\u00f1a\u201d.<\/p>\n","protected":false},"excerpt":{"rendered":"Aunque la votaci\u00f3n ciudadana realizada este s\u00e1bado desde las 09:00 hasta las 20:00 horas en el Sal\u00f3n de&hellip;\n","protected":false},"author":2,"featured_media":114236,"comment_status":"","ping_status":"","sticky":false,"template":"","format":"standard","meta":{"footnotes":""},"categories":[8],"tags":[17,18,25,24,13,14,11,19,20,9,10,15,16,20962,20963,23,12,21,22],"class_list":{"0":"post-114235","1":"post","2":"type-post","3":"status-publish","4":"format-standard","5":"has-post-thumbnail","7":"category-espana","8":"tag-breaking-news","9":"tag-breakingnews","10":"tag-es","11":"tag-espana","12":"tag-featured-news","13":"tag-featurednews","14":"tag-headlines","15":"tag-latest-news","16":"tag-latestnews","17":"tag-news","18":"tag-noticias","19":"tag-noticias-destacadas","20":"tag-noticiasdestacadas","21":"tag-plaza-de-espana","22":"tag-remodelacion","23":"tag-spain","24":"tag-titulares","25":"tag-ultimas-noticias","26":"tag-ultimasnoticias"},"share_on_mastodon":{"url":"","error":""},"_links":{"self":[{"href":"https:\/\/www.europesays.com\/es\/wp-json\/wp\/v2\/posts\/114235","targetHints":{"allow":["GET"]}}],"collection":[{"href":"https:\/\/www.europesays.com\/es\/wp-json\/wp\/v2\/posts"}],"about":[{"href":"https:\/\/www.europesays.com\/es\/wp-json\/wp\/v2\/types\/post"}],"author":[{"embeddable":true,"href":"https:\/\/www.europesays.com\/es\/wp-json\/wp\/v2\/users\/2"}],"replies":[{"embeddable":true,"href":"https:\/\/www.europesays.com\/es\/wp-json\/wp\/v2\/comments?post=114235"}],"version-history":[{"count":0,"href":"https:\/\/www.europesays.com\/es\/wp-json\/wp\/v2\/posts\/114235\/revisions"}],"wp:featuredmedia":[{"embeddable":true,"href":"https:\/\/www.europesays.com\/es\/wp-json\/wp\/v2\/media\/114236"}],"wp:attachment":[{"href":"https:\/\/www.europesays.com\/es\/wp-json\/wp\/v2\/media?parent=114235"}],"wp:term":[{"taxonomy":"category","embeddable":true,"href":"https:\/\/www.europesays.com\/es\/wp-json\/wp\/v2\/categories?post=114235"},{"taxonomy":"post_tag","embeddable":true,"href":"https:\/\/www.europesays.com\/es\/wp-json\/wp\/v2\/tags?post=114235"}],"curies":[{"name":"wp","href":"https:\/\/api.w.org\/{rel}","templated":true}]}}