{"id":114241,"date":"2025-09-14T11:01:09","date_gmt":"2025-09-14T11:01:09","guid":{"rendered":"https:\/\/www.europesays.com\/es\/114241\/"},"modified":"2025-09-14T11:01:09","modified_gmt":"2025-09-14T11:01:09","slug":"jesulin-de-ubrique-rompe-su-silencio-y-confirma-por-fin-lo-de-maria-jose-campanario","status":"publish","type":"post","link":"https:\/\/www.europesays.com\/es\/114241\/","title":{"rendered":"Jesul\u00edn de Ubrique rompe su silencio y confirma por fin lo de Mar\u00eda Jos\u00e9 Campanario"},"content":{"rendered":"\n<p>Ayer, la familia Janeiro vivi\u00f3 un d\u00eda muy se\u00f1alado en Ubrique con la corrida de toros de V\u00edctor Janeiro, que reuni\u00f3 a vecinos y allegados. En medio de la expectaci\u00f3n, la ausencia de <strong>Mar\u00eda Jos\u00e9 Campanario<\/strong> se convirti\u00f3 en el detalle m\u00e1s comentado de la jornada. Una situaci\u00f3n extra\u00f1a, ya que es habitual verla junto a <strong>Jesul\u00edn de Ubrique<\/strong> en este tipo de actos familiares.\u00a0<\/p>\n<p>Mientras la plaza se llenaba de rostros conocidos, entre ellos Carmen Baz\u00e1n o Beatriz Trapote, el nombre de Campanario empez\u00f3 a circular en la prensa. \u00bfQu\u00e9 dijo Jesul\u00edn<strong\/>\u00a0 de Ubrique sobre la ausencia de su mujer?<\/p>\n<p><img decoding=\"async\" style=\"width:100%\" src=\"https:\/\/www.europesays.com\/es\/wp-content\/uploads\/2025\/09\/foto-jesulin-ubrique-maria-jose-campanario-juntos-mirando-camara_1200_800.webp.webp\" class=\"img-responsive lazyload\" alt=\"Foto de Jesul\u00edn de Ubrique y Mar\u00eda Jos\u00e9 Campanario juntos mirando a c\u00e1mara\" title=\"Foto de Jesul\u00edn de Ubrique y Mar\u00eda Jos\u00e9 Campanario juntos mirando a c\u00e1mara\"\/><\/p>\n<p>| Europa Press<\/p>\n<p>La ausencia de\u00a0Mar\u00eda Jos\u00e9 Campanario despierta dudas y rumores<\/p>\n<p>La familia Janeiro ha protagonizado durante d\u00e9cadas titulares en el panorama medi\u00e1tico. Desde la popularidad de Jesul\u00edn de Ubrique en los a\u00f1os noventa hasta la atenci\u00f3n que suscitan hoy sus hijos, el clan ha mantenido un lugar fijo en la cr\u00f3nica social. En este escenario, la relaci\u00f3n entre el torero y Mar\u00eda Jos\u00e9 Campanario ha sido objeto de an\u00e1lisis constante, marcada por altibajos y reapariciones p\u00fablicas.<\/p>\n<p>En los \u00faltimos a\u00f1os, Campanario ha optado por una vida m\u00e1s discreta, centrada en sus hijos y en su profesi\u00f3n. Sin embargo, cada ausencia en actos familiares suele avivar especulaciones. Por ello, que no asistiera al evento del s\u00e1bado en la plaza de toros de Ubrique no pas\u00f3 desapercibido.<\/p>\n<p>La expectaci\u00f3n\u00a0se traslad\u00f3 de los ruedos a las gradas cuando se confirm\u00f3 que <strong>Mar\u00eda Jos\u00e9 Campanario no se encontraba entre los asistentes<\/strong>. La cita del s\u00e1bado 13 de septiembre en Ubrique estaba marcada en rojo en el calendario familiar, ya que supon\u00eda un reto para V\u00edctor Janeiro. Sin embargo, la silla que deb\u00eda ocupar la odont\u00f3loga qued\u00f3 vac\u00eda, despertando curiosidad entre los presentes.<\/p>\n<p>                    <img decoding=\"async\" style=\"width:100%\" src=\"https:\/\/www.europesays.com\/es\/wp-content\/uploads\/2025\/09\/maria-jose-campanario-emparejados-entrevista_1200_800.webp.webp\" class=\"img-responsive lazyload\" alt=\"Mar\u00eda Jos\u00e9 Campanario con expresi\u00f3n de sorpresa en Emparejados con fondo azul.\" title=\"Mar\u00eda Jos\u00e9 Campanario con expresi\u00f3n de sorpresa en Emparejados con fondo azul.\"\/><\/p>\n<p>| Atresmedia<\/p>\n<p>No es la primera vez que una ausencia de Mar\u00eda Jos\u00e9 Campanario genera titulares. En anteriores ocasiones, su delicado estado de salud o sus compromisos profesionales han sido el motivo de no acompa\u00f1ar a su marido. Por eso, el vac\u00edo en esta cita reaviv\u00f3 la misma pregunta: \u00bfqu\u00e9 le ocurr\u00eda esta vez?<\/p>\n<p>Jesul\u00edn de Ubrique aclara el motivo de la ausencia de Mar\u00eda Jos\u00e9 Campanario<\/p>\n<p><a href=\"https:\/\/xcatalunya.cat\/es\/gente\/pueblo-cadiz-donde-jesulin-ubrique-tiene-finca-con-plaza-toros\" title=\"El pueblo de C\u00e1diz donde Jesul\u00edn de Ubrique tiene una finca con una plaza de toros\" rel=\"nofollow noopener\" target=\"_blank\">Jesul\u00edn de Ubrique<\/a>, consciente de las preguntas, atendi\u00f3 a Europa Press y se mostr\u00f3 tranquilo ante la situaci\u00f3n. Al ser cuestionado por su mujer, respondi\u00f3 sin titubeos: \u00ab<strong>Estamos estupendamente, fenomenal<\/strong>\u00ab. Con estas palabras quiso cortar de ra\u00edz cualquier interpretaci\u00f3n err\u00f3nea, dejando claro que entre ellos no existe crisis ni problema de salud preocupante.<\/p>\n<p>El gesto del torero fue muy bien recibido. No rehuy\u00f3 a los periodistas y, adem\u00e1s, se mostr\u00f3 cercano con los vecinos, dedicando tiempo a saludarlos y charlar con ellos mientras sub\u00eda las gradas. Esa naturalidad contrast\u00f3 con la expectaci\u00f3n generada por el vac\u00edo de Campanario, reforzando la idea de que la situaci\u00f3n familiar transcurre con normalidad.<\/p>\n<p><img decoding=\"async\" style=\"width:100%\" src=\"https:\/\/www.europesays.com\/es\/wp-content\/uploads\/2025\/09\/emparejados-jesulin-ubrique-camisa-blanca_1200_800.webp.webp\" class=\"img-responsive lazyload\" alt=\"Jesul\u00edn de Ubrique con camisa blanca est\u00e1 sentado en 'Emparejados' con fondo azul y tazas blancas sobre la mesa.\" title=\"Jesul\u00edn de Ubrique con camisa blanca est\u00e1 sentado en 'Emparejados' con fondo azul y tazas blancas sobre la mesa.\"\/><\/p>\n<p>| Atresmedia<\/p>\n<p>La corrida no fue f\u00e1cil de vivir para Jesul\u00edn, quien, adem\u00e1s de acudir sin su mujer,\u00a0confes\u00f3 estar intranquilo por el riesgo que asum\u00eda su hermano frente a un toro. \u00abCuando est\u00e1 tu hermano ah\u00ed delante de un toro, pues <strong>no es nada f\u00e1cil\u2026<\/strong>\u00a0pero bueno, ten\u00eda confianza en \u00e9l y yo creo que ha tenido mucha solvencia\u00bb, asegur\u00f3 con sinceridad.<\/p>\n<p>                    <a href=\"https:\/\/whatsapp.com\/channel\/0029VaeRw0E65yD4tEQYwu2p\" rel=\"nofollow noopener\" title=\"WhatsApp Link\" target=\"_blank\"><img loading=\"lazy\" decoding=\"async\" alt=\"Logo de WhatsApp\" class=\"lazyload\" src=\"\/filesedc\/uploads\/other\/whatsapp_icon_mid_article.png\" width=\"32\" height=\"32\" style=\"overflow:hidden\"\/><\/a><a href=\"https:\/\/whatsapp.com\/channel\/0029VaeRw0E65yD4tEQYwu2p\" rel=\"nofollow noopener\" title=\"WhatsApp Link\" target=\"_blank\"><strong>NOVEDAD WHATSAPP<\/strong>: \u00a1Pincha aqu\u00ed para recibir <strong>GRATIS<\/strong> las noticias m\u00e1s exclusivas de <strong>CORAZ\u00d3N<\/strong> en WhatsApp!<\/a><\/p>\n<p>La ausencia de Mar\u00eda Jos\u00e9 Campanario en la corrida de V\u00edctor Janeiro gener\u00f3 rumores, pero Jesul\u00edn de Ubrique los despej\u00f3 con firmeza y serenidad. El torero confirm\u00f3 que todo va \u00abfenomenal\u00bb, transmitiendo tranquilidad a quienes especulaban sobre su matrimonio.<\/p>\n","protected":false},"excerpt":{"rendered":"Ayer, la familia Janeiro vivi\u00f3 un d\u00eda muy se\u00f1alado en Ubrique con la corrida de toros de V\u00edctor&hellip;\n","protected":false},"author":2,"featured_media":114242,"comment_status":"","ping_status":"","sticky":false,"template":"","format":"standard","meta":{"footnotes":""},"categories":[277],"tags":[373,168,25,24,23,167,374],"class_list":{"0":"post-114241","1":"post","2":"type-post","3":"status-publish","4":"format-standard","5":"has-post-thumbnail","7":"category-toreo","8":"tag-bullfighting","9":"tag-deportes","10":"tag-es","11":"tag-espana","12":"tag-spain","13":"tag-sports","14":"tag-toreo"},"share_on_mastodon":{"url":"","error":""},"_links":{"self":[{"href":"https:\/\/www.europesays.com\/es\/wp-json\/wp\/v2\/posts\/114241","targetHints":{"allow":["GET"]}}],"collection":[{"href":"https:\/\/www.europesays.com\/es\/wp-json\/wp\/v2\/posts"}],"about":[{"href":"https:\/\/www.europesays.com\/es\/wp-json\/wp\/v2\/types\/post"}],"author":[{"embeddable":true,"href":"https:\/\/www.europesays.com\/es\/wp-json\/wp\/v2\/users\/2"}],"replies":[{"embeddable":true,"href":"https:\/\/www.europesays.com\/es\/wp-json\/wp\/v2\/comments?post=114241"}],"version-history":[{"count":0,"href":"https:\/\/www.europesays.com\/es\/wp-json\/wp\/v2\/posts\/114241\/revisions"}],"wp:featuredmedia":[{"embeddable":true,"href":"https:\/\/www.europesays.com\/es\/wp-json\/wp\/v2\/media\/114242"}],"wp:attachment":[{"href":"https:\/\/www.europesays.com\/es\/wp-json\/wp\/v2\/media?parent=114241"}],"wp:term":[{"taxonomy":"category","embeddable":true,"href":"https:\/\/www.europesays.com\/es\/wp-json\/wp\/v2\/categories?post=114241"},{"taxonomy":"post_tag","embeddable":true,"href":"https:\/\/www.europesays.com\/es\/wp-json\/wp\/v2\/tags?post=114241"}],"curies":[{"name":"wp","href":"https:\/\/api.w.org\/{rel}","templated":true}]}}