{"id":114245,"date":"2025-09-14T11:05:15","date_gmt":"2025-09-14T11:05:15","guid":{"rendered":"https:\/\/www.europesays.com\/es\/114245\/"},"modified":"2025-09-14T11:05:15","modified_gmt":"2025-09-14T11:05:15","slug":"no-podria-haber-ido-mejor-hoy","status":"publish","type":"post","link":"https:\/\/www.europesays.com\/es\/114245\/","title":{"rendered":"No podr\u00eda haber ido mejor hoy"},"content":{"rendered":"<p>Matthew Riccitello (Israel Premier Tech), mejor joven de La Vuelta 25 despu\u00e9s de la 20\u00aa etapa:<\/p>\n<p>\u00abEl maillot blanco era un objetivo al empezar\u00a0la etapa. Si no hubiera sido as\u00ed, habr\u00eda sido una buena Vuelta hasta este punto. Afront\u00e9 la etapa con la cabeza fr\u00eda. Fue un d\u00eda muy duro, lo cual creo que me vino bien. [Giulio] Pellizzari ha estado fort\u00edsimo toda la carrera. Creo que hoy todo me ha ido perfecto. Solo ten\u00eda que seguir las ruedas [de los mejores] y aguantar lo m\u00e1ximo posible. Estoy contento con c\u00f3mo me han ido las piernas estas tres semanas, y en particular en la \u00faltima. Terminar con el maillot blanco y el quinto puesto en la tabla general, no podr\u00eda haber ido mejor hoy. Estoy muy contento. Fue una \u00faltima subida muy dura. Con tanta pendiente, es dif\u00edcil disfrutarla. Simplemente hay que ir a tope para llegar a la cima. Sufr\u00ed mucho en los \u00faltimos kil\u00f3metros, pero cruzas la meta y olvidas todo el sufrimiento de las \u00faltimas tres semanas. Fue un d\u00eda realmente bonito.\u00bb<\/p>\n<p>                <a href=\"https:\/\/www.europesays.com\/es\/wp-content\/uploads\/2025\/09\/52674.jpeg\" class=\"js-jzoom\" role=\"button\" data-modal-type=\"image\" data-modal-class=\"modal__box--gutter is-modal-white\" data-modal-width=\"1200\" data-modal-height=\"auto\" data-xtclick=\"article::image::zoom\" data-clicktype=\"A\"><br \/>\n                    <img loading=\"lazy\" decoding=\"async\" class=\"figure__image img--responsive lazyItem js-lazy\" bad-src=\"data:image\/svg+xml,%3Csvg xmlns=&quot;http:\/\/www.w3.org\/2000\/svg&quot; viewBox=&quot;0 0 1200 800&quot;%3E%3C\/svg%3E\" width=\"1200\" height=\"800\" src=\"https:\/\/www.europesays.com\/es\/wp-content\/uploads\/2025\/09\/52674.jpeg|https:\/\/img.aso.fr\/core_app\/img-cycling-vue-jpg\/course-e20-049\/27205\/0:0,1200:800-2400-0-70\/d7070\" alt=\"La Vuelta 2025 - 20th stage - Robledo De Chavela &gt; Bola Del Mundo. Puerto De Navacerrada (165,6 km) - 13\/09\/2025 - Matthew RICCITELLO (ISRAEL - PREMIER TECH)\"\/><\/p>\n<p>                    <\/a><br \/>\n                                La Vuelta 2025 &#8211; 20th stage &#8211; Robledo De Chavela &gt; Bola Del Mundo. Puerto De Navacerrada (165,6 km) &#8211; 13\/09\/2025 &#8211; Matthew RICCITELLO (ISRAEL &#8211; PREMIER TECH) \u00a9 Unipublic\/Sprintcycling<\/p>\n","protected":false},"excerpt":{"rendered":"Matthew Riccitello (Israel Premier Tech), mejor joven de La Vuelta 25 despu\u00e9s de la 20\u00aa etapa: \u00abEl maillot&hellip;\n","protected":false},"author":2,"featured_media":95712,"comment_status":"","ping_status":"","sticky":false,"template":"","format":"standard","meta":{"footnotes":""},"categories":[273],"tags":[313,312,168,25,24,23,167],"class_list":{"0":"post-114245","1":"post","2":"type-post","3":"status-publish","4":"format-standard","5":"has-post-thumbnail","7":"category-ciclismo","8":"tag-ciclismo","9":"tag-cycling","10":"tag-deportes","11":"tag-es","12":"tag-espana","13":"tag-spain","14":"tag-sports"},"share_on_mastodon":{"url":"","error":""},"_links":{"self":[{"href":"https:\/\/www.europesays.com\/es\/wp-json\/wp\/v2\/posts\/114245","targetHints":{"allow":["GET"]}}],"collection":[{"href":"https:\/\/www.europesays.com\/es\/wp-json\/wp\/v2\/posts"}],"about":[{"href":"https:\/\/www.europesays.com\/es\/wp-json\/wp\/v2\/types\/post"}],"author":[{"embeddable":true,"href":"https:\/\/www.europesays.com\/es\/wp-json\/wp\/v2\/users\/2"}],"replies":[{"embeddable":true,"href":"https:\/\/www.europesays.com\/es\/wp-json\/wp\/v2\/comments?post=114245"}],"version-history":[{"count":0,"href":"https:\/\/www.europesays.com\/es\/wp-json\/wp\/v2\/posts\/114245\/revisions"}],"wp:featuredmedia":[{"embeddable":true,"href":"https:\/\/www.europesays.com\/es\/wp-json\/wp\/v2\/media\/95712"}],"wp:attachment":[{"href":"https:\/\/www.europesays.com\/es\/wp-json\/wp\/v2\/media?parent=114245"}],"wp:term":[{"taxonomy":"category","embeddable":true,"href":"https:\/\/www.europesays.com\/es\/wp-json\/wp\/v2\/categories?post=114245"},{"taxonomy":"post_tag","embeddable":true,"href":"https:\/\/www.europesays.com\/es\/wp-json\/wp\/v2\/tags?post=114245"}],"curies":[{"name":"wp","href":"https:\/\/api.w.org\/{rel}","templated":true}]}}