{"id":114266,"date":"2025-09-14T11:18:06","date_gmt":"2025-09-14T11:18:06","guid":{"rendered":"https:\/\/www.europesays.com\/es\/114266\/"},"modified":"2025-09-14T11:18:06","modified_gmt":"2025-09-14T11:18:06","slug":"regueton-en-el-vaticano-miles-de-personas-asisten-al-concierto-de-karol-g-bocelli-y-pharrell-williams","status":"publish","type":"post","link":"https:\/\/www.europesays.com\/es\/114266\/","title":{"rendered":"Reguet\u00f3n en el Vaticano: miles de personas asisten al concierto de Karol G., Bocelli y Pharrell Williams"},"content":{"rendered":"<p>\n  Por&amp;nbsp<b>Euronews<\/b>\n<\/p>\n<p>\n                    Publicado                 14\/09\/2025 &#8211; 11:56 CEST<br \/>\n                \u2022Ultima actualizaci\u00f3n<br \/>\n                                     12:02\n                                        <\/p>\n<p>          <img decoding=\"async\" class=\"c-ad__placeholder__logo\" src=\"https:\/\/static.euronews.com\/website\/images\/logos\/logo-euronews-stacked-outlined-72x72-grey-9.svg\" width=\"72\" height=\"72\" alt=\"\" loading=\"lazy\"\/><br \/>\n          PUBLICIDAD<\/p>\n<p>M\u00e1s de 80.000 personas asistieron al concierto extraordinario celebrado en la Plaza de San Pedro del <a href=\"https:\/\/es.euronews.com\/tag\/ciudad-del-vaticano\" rel=\"nofollow noopener\" target=\"_blank\">Vaticano<\/a> con el que concluy\u00f3 el Encuentro Mundial sobre la Fraternidad Humana 2025. Actuaron en el evento Andrea Bocelli, <strong>Pharrell Williams y otros artistas internacionales como John Legend<\/strong>, Jennifer Hudson, <a href=\"https:\/\/es.euronews.com\/2020\/09\/11\/la-colombiana-karol-g-arrasa-con-su-cancion-ay-dios-mio-\" rel=\"nofollow noopener\" target=\"_blank\"><strong>Karol G.<\/strong><\/a>, Il Volo y Teddy Swims, as\u00ed como el coro gospel Voices of Fire y el coro de la di\u00f3cesis de Roma dirigido por monse\u00f1or Marco Frisina.<\/p>\n<p>Durante su presentaci\u00f3n, Karol G interpret\u00f3 canciones como <strong>&#8216;Vivo por ella&#8217; junto a Andrea Bocelli<\/strong>, fusionando reguet\u00f3n con m\u00fasica cl\u00e1sica en una colaboraci\u00f3n in\u00e9dita que sorprendi\u00f3 a los asistentes. Adem\u00e1s, ofreci\u00f3 una emotiva interpretaci\u00f3n de &#8216;Mientras me curo del cora&#8217;, mostrando su versatilidad art\u00edstica.<\/p>\n<p>El acontecimiento internacional culmina el Encuentro Mundial sobre la Fraternidad Humana. Promovido por la Bas\u00edlica de San Pedro, la Fundaci\u00f3n Fratelli Tutti y la asociaci\u00f3n Be Human, <strong>el encuentro llega a su tercera edici\u00f3n<\/strong> como espacio plural enraizado en la fraternidad.<\/p>\n<p>El viernes, administradores, empresarios, economistas, acad\u00e9micos, trabajadores sociales, estudiantes, deportistas y gu\u00edas espirituales <strong>se reunieron en quince mesas tem\u00e1ticas para recoger buenas pr\u00e1cticas, compartir experiencias y proponer acciones concretas.<\/strong> Los resultados del taller se presentaron el s\u00e1bado en la Asamblea Humana: \u00abuna etapa simb\u00f3lica y operativa que lanza un proceso sinodal internacional destinado a medir, definir y promover la fraternidad en la vida real\u00bb, reza la presentaci\u00f3n del evento.<\/p>\n<p>Bocelli lanz\u00f3 el mensaje Gracia para el mundo, un mensaje universal de esperanza, belleza, armon\u00eda y benevolencia. Pharrell Williams, codirector del acto, <strong>dio las gracias al Papa Le\u00f3n XIV por abrir las puertas de San Pedro<\/strong> y record\u00f3 que \u00abla gracia crea espacio, la curiosidad da pasos hacia adelante y ambas pueden acercarnos\u00bb.<\/p>\n<p>El espect\u00e1culo de drones sobre el Vaticano<\/p>\n<p>La velada fue retransmitida en directo por &#8216;TV2000&#8217;, emisora de la Conferencia Episcopal Italiana. Una ins\u00f3lita coreograf\u00eda de drones y luces inspirada en las im\u00e1genes de la Capilla Sixtina sorprendi\u00f3 a los participantes. Los drones de Nova Sky Stories, propiedad del hermano de Elon Musk, Kimbal Musk, <a href=\"https:\/\/es.euronews.com\/tag\/papa-francisco\" rel=\"nofollow noopener\" target=\"_blank\"><strong>tambi\u00e9n dibujaron el rostro del Papa Francisco sobre el fondo de la c\u00fapula de Miguel \u00c1ngel<\/strong><\/a> para recordar al autor de Fratelli tutti. Tambi\u00e9n asistieron a la plaza el ministro de Defensa, Guido Crosetto, y el alcalde de Roma, Roberto Gualtieri.<\/p>\n","protected":false},"excerpt":{"rendered":"Por&amp;nbspEuronews Publicado 14\/09\/2025 &#8211; 11:56 CEST \u2022Ultima actualizaci\u00f3n 12:02 PUBLICIDAD M\u00e1s de 80.000 personas asistieron al concierto extraordinario&hellip;\n","protected":false},"author":2,"featured_media":114267,"comment_status":"","ping_status":"","sticky":false,"template":"","format":"standard","meta":{"footnotes":""},"categories":[91],"tags":[38341,146,147,25,24,185,399,400,23,403],"class_list":{"0":"post-114266","1":"post","2":"type-post","3":"status-publish","4":"format-standard","5":"has-post-thumbnail","7":"category-entretenimiento","8":"tag-andrea-bocelli","9":"tag-entertainment","10":"tag-entretenimiento","11":"tag-es","12":"tag-espana","13":"tag-musica","14":"tag-papa-francisco","15":"tag-papa-leon-xiv","16":"tag-spain","17":"tag-vaticano"},"share_on_mastodon":{"url":"","error":""},"_links":{"self":[{"href":"https:\/\/www.europesays.com\/es\/wp-json\/wp\/v2\/posts\/114266","targetHints":{"allow":["GET"]}}],"collection":[{"href":"https:\/\/www.europesays.com\/es\/wp-json\/wp\/v2\/posts"}],"about":[{"href":"https:\/\/www.europesays.com\/es\/wp-json\/wp\/v2\/types\/post"}],"author":[{"embeddable":true,"href":"https:\/\/www.europesays.com\/es\/wp-json\/wp\/v2\/users\/2"}],"replies":[{"embeddable":true,"href":"https:\/\/www.europesays.com\/es\/wp-json\/wp\/v2\/comments?post=114266"}],"version-history":[{"count":0,"href":"https:\/\/www.europesays.com\/es\/wp-json\/wp\/v2\/posts\/114266\/revisions"}],"wp:featuredmedia":[{"embeddable":true,"href":"https:\/\/www.europesays.com\/es\/wp-json\/wp\/v2\/media\/114267"}],"wp:attachment":[{"href":"https:\/\/www.europesays.com\/es\/wp-json\/wp\/v2\/media?parent=114266"}],"wp:term":[{"taxonomy":"category","embeddable":true,"href":"https:\/\/www.europesays.com\/es\/wp-json\/wp\/v2\/categories?post=114266"},{"taxonomy":"post_tag","embeddable":true,"href":"https:\/\/www.europesays.com\/es\/wp-json\/wp\/v2\/tags?post=114266"}],"curies":[{"name":"wp","href":"https:\/\/api.w.org\/{rel}","templated":true}]}}