{"id":114268,"date":"2025-09-14T11:19:05","date_gmt":"2025-09-14T11:19:05","guid":{"rendered":"https:\/\/www.europesays.com\/es\/114268\/"},"modified":"2025-09-14T11:19:05","modified_gmt":"2025-09-14T11:19:05","slug":"la-trilogia-completa-de-final-fantasy-vii-remake-llegara-a-nintendo-switch-2-y-xbox","status":"publish","type":"post","link":"https:\/\/www.europesays.com\/es\/114268\/","title":{"rendered":"La trilog\u00eda completa de Final Fantasy VII Remake llegar\u00e1 a Nintendo Switch 2 y Xbox"},"content":{"rendered":"<p class=\"\">Square Enix prepara el lanzamiento de <a href=\"https:\/\/as.com\/meristation\/2021\/06\/12\/analisis\/1623484196_767284.html\" target=\"_self\" rel=\"nofollow noopener\" title=\"https:\/\/as.com\/meristation\/2021\/06\/12\/analisis\/1623484196_767284.html\">Final Fantasy VII Remake Intergrade<\/a> en Nintendo Switch 2, Xbox Series X y Xbox Series S.<b> Ser\u00e1 el pr\u00f3ximo 22 de enero<\/b> cuando la compa\u00f1\u00eda nipona lance el t\u00edtulo en estas consolas. Parec\u00eda claro que el resto de juegos de la trilog\u00eda tambi\u00e9n ver\u00edan la luz en todas las plataformas, pero ahora se ha confirmado de manera oficial.<\/p>\n<p class=\"\">\u201cEsto no es todo. La trilog\u00eda del remake tambi\u00e9n llegar\u00e1 a Switch 2, Xbox Series X\/S y Xbox en PC, as\u00ed como PS5, Steam y Epic Games Store\u2019.<b> Por el momento no han anunciado la fecha de Final Fantasy VII Rebirth<\/b> en Xbox y Switch 2, aunque ya se encuentra disponible tanto en la consola de Sony como en compatibles.<\/p>\n<p><img decoding=\"async\" src=\"https:\/\/www.europesays.com\/es\/wp-content\/uploads\/2025\/09\/VK5YZGGNQVATLBFA4KCPRYSGSI.jpg\" alt=\"Final Fantasy VII Rebirth\" class=\"mm__img\"   width=\"1280\" height=\"720\" loading=\"lazy\"\/><\/p>\n<p>Ampliar<\/p>\n<p>La inc\u00f3gnita, \u00bfla tercera entrega no ser\u00e1 exclusiva temporal en PS5?<\/p>\n<p class=\"\">Tanto Final Fantasy VII Remake como Final Fantasy VII Rebirth fueron juegos exclusivos de PS5 en su lanzamiento. Sin embargo, Square Enix ha cambiado de estrategia y <b>se ha decantado por un enfoque multiplataforma<\/b>. El tercer t\u00edtulo de la trilog\u00eda todav\u00eda no ha revelado ni su t\u00edtulo oficial, por lo que se desconoce si llegar\u00e1 simult\u00e1neamente a todas las plataformas o si disfrutar\u00e1 de alg\u00fan tipo de exclusiva temporal. <\/p>\n<p class=\"\">Las dos primeras entregas del remake de Final Fantasy VII se pueden definir como <b>una reimaginaci\u00f3n de la obra maestra de Squaresoft<\/b>. La base es la misma, pero la historia cambia y ofrece enfoques in\u00e9ditos.<\/p>\n<p>Noticias relacionadas<\/p>\n<p class=\"\">Suscr\u00edbete al <a href=\"https:\/\/www.youtube.com\/@meristation\" target=\"_self\" rel=\"nofollow noopener\" title=\"https:\/\/www.youtube.com\/@meristation\">canal de MeriStation en YouTube<\/a>, tu web de videojuegos y entretenimiento para conocer todas las noticias y novedades sobre el mundo del videojuego, cine, series, manga y anime. An\u00e1lisis, entrevistas, tr\u00e1ileres, gameplays, p\u00f3dcast y mucho m\u00e1s. Tambi\u00e9n te animamos a seguir <a href=\"https:\/\/www.tiktok.com\/@meristation\" rel=\"nofollow noopener\" title=\"https:\/\/www.tiktok.com\/@meristation\" target=\"_blank\">nuestra cuenta de TikTok<\/a>. <\/p>\n<p class=\"\">\u00a1S\u00edguenos en ambas y, si est\u00e1s interesado en licenciar este contenido, pincha <a href=\"https:\/\/profesional.elpais.com\/soluciones-sindicacion?utm_medium=interno&amp;utm_source=crosslinking&amp;utm_campaign=sindicacion_as_pie_articulos\" target=\"_blank\" rel=\"nofollow noopener\" title=\"https:\/\/profesional.elpais.com\/soluciones-sindicacion?utm_medium=interno&amp;utm_source=crosslinking&amp;utm_campaign=sindicacion_as_pie_articulos\">aqu\u00ed<\/a>!<\/p>\n<p><script async src=\"\/\/www.tiktok.com\/embed.js\"><\/script><\/p>\n","protected":false},"excerpt":{"rendered":"Square Enix prepara el lanzamiento de Final Fantasy VII Remake Intergrade en Nintendo Switch 2, Xbox Series X&hellip;\n","protected":false},"author":2,"featured_media":114269,"comment_status":"","ping_status":"","sticky":false,"template":"","format":"standard","meta":{"footnotes":""},"categories":[81],"tags":[119,123,124,25,24,117,121,122,23,118,120],"class_list":{"0":"post-114268","1":"post","2":"type-post","3":"status-publish","4":"format-standard","5":"has-post-thumbnail","7":"category-ciencia-y-tecnologia","8":"tag-ciencia","9":"tag-ciencia-y-tecnologia","10":"tag-cienciaytecnologia","11":"tag-es","12":"tag-espana","13":"tag-science","14":"tag-science-and-technology","15":"tag-scienceandtechnology","16":"tag-spain","17":"tag-technology","18":"tag-tecnologia"},"share_on_mastodon":{"url":"","error":""},"_links":{"self":[{"href":"https:\/\/www.europesays.com\/es\/wp-json\/wp\/v2\/posts\/114268","targetHints":{"allow":["GET"]}}],"collection":[{"href":"https:\/\/www.europesays.com\/es\/wp-json\/wp\/v2\/posts"}],"about":[{"href":"https:\/\/www.europesays.com\/es\/wp-json\/wp\/v2\/types\/post"}],"author":[{"embeddable":true,"href":"https:\/\/www.europesays.com\/es\/wp-json\/wp\/v2\/users\/2"}],"replies":[{"embeddable":true,"href":"https:\/\/www.europesays.com\/es\/wp-json\/wp\/v2\/comments?post=114268"}],"version-history":[{"count":0,"href":"https:\/\/www.europesays.com\/es\/wp-json\/wp\/v2\/posts\/114268\/revisions"}],"wp:featuredmedia":[{"embeddable":true,"href":"https:\/\/www.europesays.com\/es\/wp-json\/wp\/v2\/media\/114269"}],"wp:attachment":[{"href":"https:\/\/www.europesays.com\/es\/wp-json\/wp\/v2\/media?parent=114268"}],"wp:term":[{"taxonomy":"category","embeddable":true,"href":"https:\/\/www.europesays.com\/es\/wp-json\/wp\/v2\/categories?post=114268"},{"taxonomy":"post_tag","embeddable":true,"href":"https:\/\/www.europesays.com\/es\/wp-json\/wp\/v2\/tags?post=114268"}],"curies":[{"name":"wp","href":"https:\/\/api.w.org\/{rel}","templated":true}]}}