{"id":114270,"date":"2025-09-14T11:20:13","date_gmt":"2025-09-14T11:20:13","guid":{"rendered":"https:\/\/www.europesays.com\/es\/114270\/"},"modified":"2025-09-14T11:20:13","modified_gmt":"2025-09-14T11:20:13","slug":"asi-crece-el-negocio-de-las-unas-en-espana","status":"publish","type":"post","link":"https:\/\/www.europesays.com\/es\/114270\/","title":{"rendered":"as\u00ed crece el negocio de las u\u00f1as en Espa\u00f1a"},"content":{"rendered":"<p class=\"ft-text ft-helper-closenews ft-helper-align-justify\">Una vez al mes, Laura (55 a\u00f1os), Mar\u00eda (23), Antonia (52) y Emma (25 a\u00f1os) dejan a un lado su rutina para acudir a un centro a hacerse la manicura. <a class=\"ft-link ft-link--decoration\" href=\"https:\/\/www.epe.es\/especiales\/presion-estetica-maquillaje-skin-care-sh\/\" rel=\"nofollow noopener\" target=\"_blank\">Lo hacen por motivos principalmente est\u00e9ticos, aunque tambi\u00e9n como un ejercicio de autocuidado. <\/a>\u201cSon dos horas en las que desconecto e invierto en m\u00ed misma\u201d, explica Antonia. \u201cEn mi caso, la manicura se ha convertido en un accesorio m\u00e1s, me veo rara cuando no las llevo\u201d, cuenta Mar\u00eda.<\/p>\n<p class=\"ft-text ft-helper-align-justify\">Estas cuatro mujeres residentes en la provincia de Barcelona y de edades tan distintas forman parte de las m\u00e1s de <strong>nueve millones de usuarias<\/strong> recurrentes que en Espa\u00f1a dan lugar a la<strong> contrataci\u00f3n de 40 millones de servicios de tratamiento <\/strong>y decoraci\u00f3n de u\u00f1as profesionales al a\u00f1o, seg\u00fan datos de la Asociaci\u00f3n Nacional de Perfumer\u00eda y Cosm\u00e9tica (STANPA).<\/p>\n<blockquote class=\"ft-mol-quote\" data-aida-quote=\"\"><p>Las u\u00f1as se han convertido en un accesorio m\u00e1s, me veo rara cuando no las llevo esmaltadas.<\/p>\n<p class=\"ft-mol-quote__author--name\">Mar\u00eda, 23 a\u00f1os (Rub\u00ed, Barcelona) <\/p>\n<p class=\"ft-mol-quote__author--status\">\u2014 Clienta desde hace 7 a\u00f1os <\/p>\n<\/blockquote>\n<p class=\"ft-text ft-helper-align-justify\">Desde la patronal calculan que el sector mueve m\u00e1s de <strong>600 millones de euros al a\u00f1o<\/strong>, de los cuales, 350 dependen directamente del <a class=\"ft-link ft-link--decoration\" href=\"https:\/\/www.elperiodico.com\/es\/sociedad\/20250901\/adios-manicura-semipermanente-contenga-toxico-europa-prohibe-uso-cancerigeno-121131555\" rel=\"nofollow noopener\" target=\"_blank\">servicio de la manicura semipermanente<\/a>, que aglutina el 45% de la demanda. A \u00e9l le sigue el servicio de <strong>manicura o tratamiento de u\u00f1as (<\/strong>23% de la demanda), el esmalte tradicional (<strong>23%)<\/strong> o la <strong>construcci\u00f3n de u\u00f1as<\/strong>, que a pesar de aglutinar solo un 9% de la actividad mueve m\u00e1s de 150 millones.<\/p>\n<p> <img decoding=\"async\" src=\"https:\/\/www.europesays.com\/es\/wp-content\/uploads\/2025\/09\/mercado_demanda_manicuras.png\" style=\"width:350px; height:758px;\"\/> Las grandes urbes se ti\u00f1en de centros <\/p>\n<p class=\"ft-text ft-helper-align-justify\"><a class=\"ft-link ft-link--decoration\" href=\"https:\/\/www.elperiodico.com\/es\/barcelona\/20240705\/barcelona-suspende-licencias-nuevas-growshops-tiendas-moviles-manicura-ciutat-vella-105086818\" rel=\"nofollow noopener\" target=\"_blank\">Desde los grandes centros urbanos<\/a> a barrios y <a class=\"ft-link ft-link--decoration\" href=\"https:\/\/www.elperiodico.com\/es\/barcelona\/20250515\/sant-adria-salones-manicura-supers-fruterias-moviles-veto-117421351\" rel=\"nofollow noopener\" target=\"_blank\">municipios de todo el pa\u00eds<\/a>, es dif\u00edcil no encontrar un centro est\u00e9tico de u\u00f1as. \u00abEn mi ciudad no paran de abrir\u00bb relata Mar\u00eda, residente de Rub\u00ed, municipio vallesano de 80.000 habitantes donde en los primeros 550 metros de su calle principal suma 8 negocios de es este tipo. \u00abAl principio eran solo &#8216;asi\u00e1ticos&#8217;, pero en los dos \u00faltimos a\u00f1os han abierto cuatro locales de franquicias muy conocidas\u00bb relata.<\/p>\n<p class=\"ft-text ft-helper-align-justify\"><strong>Sin embargo, cuantificarlos no es tarea sencilla<\/strong>, \u00abporque las licencias comerciales dependen de cada ayuntamiento y no existe un registro unificado\u00bb explican desde el departamento de Consumo de la Diputaci\u00f3n de Barcelona. Y a ello se suma la <strong>econom\u00eda sumergida<\/strong>, todav\u00eda muy presente en el sector.<\/p>\n<blockquote class=\"ft-mol-quote\" data-aida-quote=\"\"><p>Muchas comenzamos montando un peque\u00f1o espacio en el sal\u00f3n de casa, practicando con amigas y familiares, y despu\u00e9s anunci\u00e1ndonos en redes sociales.<\/p>\n<p class=\"ft-mol-quote__author--name\">Katty Poma <\/p>\n<p class=\"ft-mol-quote__author--status\">\u2014 Manicurista <\/p>\n<\/blockquote>\n<p class=\"ft-text ft-helper-align-justify\">Por ejemplo, <strong>Katty Poma<\/strong>, madrile\u00f1a de 32 a\u00f1os de origen colombiano, cuenta en su cuenta de TikTok @naibeauty223 c\u00f3mo al quedarse embarazada tuvo que dejar el centro est\u00e9tico en el que trabajaba y emprender desde casa. <strong>No es un caso aislado<\/strong>. \u201cAl principio, muchas comenzamos as\u00ed: montando un peque\u00f1o espacio en el sal\u00f3n de casa, practicando con amigas y familiares, y despu\u00e9s anunci\u00e1ndonos en redes sociales o plataformas especializadas como Treatwell, Booksy o incluso <a class=\"ft-link ft-link--decoration\" href=\"https:\/\/www.elperiodico.com\/es\/economia\/20250910\/resultados-wallapop-2024-ingresa-100-millones-euros-121386307\" rel=\"nofollow noopener\" target=\"_blank\">Wallapop<\/a>, que no requieren estar dado de alta de aut\u00f3nomo\u201d. Un a\u00f1o despu\u00e9s, consigui\u00f3 ahorrar lo suficiente como para contratar una gestor\u00eda, darse de alta, y, hoy lleva a cabo su actividad en un estudio ubicado en el Barrio de Salamanca (Zona de Vel\u00e1zquez).\u00a0<\/p>\n<blockquote class=\"ft-mol-quote\" data-aida-quote=\"\"><p>Las franquicias ya suman m\u00e1s de 2.200 unidades operativas, d\u00f3nde Madrid, Andaluc\u00eda, Catalunya y la Comunidad Valenciana concentran el 70% de los establecimientos<\/p>\n<p class=\"ft-mol-quote__author--name\">Andr\u00e9s \u00c1lvarez Olmedo<\/p>\n<p class=\"ft-mol-quote__author--status\">\u2014 Portavoz de Tormo Franquicias Consulting<\/p>\n<\/blockquote>\n<p class=\"ft-text ft-helper-align-justify\">M\u00e1s all\u00e1 de este tejido informal, STANPA estima la <strong>existencia de 26.000 centros especializados<\/strong> en Espa\u00f1a, incluyendo peluquer\u00edas, centros de belleza y locales dedicados exclusivamente a las u\u00f1as. De estos, la consultora Tormo asegura que las franquicias ya suponen m\u00e1s de <strong>2.200 unidades operativas<\/strong>, d\u00f3nde <strong>Madrid, Andaluc\u00eda, Catalu\u00f1a y la Comunidad Valenciana<\/strong> concentran el 70% de los establecimientos. \u201cSon las que concentran mayor densidad de poblaci\u00f3n, capacidad de consumo y atractivo tur\u00edstico\u201d explica Andr\u00e9s \u00c1lvarez Olmedo, portavoz de la consultora.<\/p>\n<p> <img decoding=\"async\" src=\"https:\/\/www.europesays.com\/es\/wp-content\/uploads\/2025\/09\/servicios_manicura.png\" style=\"width:350px; height:758px;\"\/> <\/p>\n<p class=\"ft-text ft-helper-align-justify\">Ejemplos de esta expansi\u00f3n no faltan. <strong>Hello Nails<\/strong>, fundada desde Barcelona en 2018 por las catalanas Bel\u00e9n Avent\u00edn y Noelia G\u00f3mez, se ha convertido en una de las cadenas m\u00e1s reconocidas: cerr\u00f3 2024 con 190 locales y 40 millones de euros de facturaci\u00f3n \u2014un 34% m\u00e1s que el a\u00f1o anterior\u2014 y este a\u00f1o prev\u00e9 abrir otros 40 salones e iniciar su internacionalizaci\u00f3n. <strong>Nails Factory<\/strong>, pionera en el sector tras su llegada a Espa\u00f1a en 2005 de la mano de Yolanda Beltr\u00e1n, suma ya m\u00e1s de 175 centros. Y <strong>D-u\u00f1as<\/strong>, fundada en 2006 en M\u00e1laga por Mery Oaknin y Sandra Benzaqu\u00e9n, se ha consolidado como una de las m\u00e1s veteranas, con m\u00e1s de 200 salones en todo el mundo, 58 de ellos en Espa\u00f1a.<\/p>\n<p>\u00bfPor qu\u00e9 han crecido tanto?<\/p>\n<p class=\"ft-text ft-helper-align-justify\"><strong>La explicaci\u00f3n est\u00e1 en la propia demanda, y en un sector, <\/strong><a class=\"ft-link ft-link--decoration\" href=\"https:\/\/www.elperiodico.com\/es\/economia\/consumo\/20240831\/ingresos-sector-cosmetica-crecen-tres-107027315\" rel=\"nofollow noopener\" target=\"_blank\"><strong>el del perfume, cosm\u00e9tica y cuidado personal que solo en 2024 creci\u00f3 un 12,4%<\/strong><\/a><strong>,<\/strong> cuatro veces superior a la media de la econom\u00eda espa\u00f1ola. \u00abEs el reflejo de una sociedad donde el bienestar y el cuidado personal son valores al alza\u00bb explican desde la patronal. De forma a\u00f1adida, la industria &#8216;beauty&#8217; espa\u00f1ola super\u00f3 los 10.400 millones de euros en el mercado. Y en los \u00faltimos cuatro a\u00f1os postpandemia, ha pasado de contribuir el 0,9% al 1,03% del PIB.<\/p>\n<p><img decoding=\"async\" src=\"https:\/\/www.europesays.com\/es\/wp-content\/uploads\/2025\/09\/4f428d79-4a5a-43eb-b9a9-bc6ab1f9f3d3_alta-libre-aspect-ratio_default_0.jpg\" width=\"1200\" height=\"800\" alt=\"Un establecimientos de esmaltes de u\u00f1as en el centro de Barcelona.\" class=\"ft-helper-img-rd\" loading=\"lazy\" hasdataaida=\"true\"\/><\/p>\n<p class=\"ft-helper-fontColor-quaternary ft-helper-fontSize-body-S ft-helper-spacer-t-xxs\">Un establecimientos de esmaltes de u\u00f1as en el centro de Barcelona.  \/ Elisenda Pons<\/p>\n<p class=\"ft-text ft-helper-align-justify\">En el caso de la manicura, <strong>el car\u00e1cter recurrente de este servicio <\/strong>(entre 3 semanas y un mes) lo convierte en un negocio con <strong>barreras de entrada bajas y retorno r\u00e1pido<\/strong>. \u00c1lvarez explica que la inversi\u00f3n inicial para abrir una franquicia se sit\u00faa entre 25.000 y 35.000 euros, con plazos de recuperaci\u00f3n de 12 a 24 meses y una rentabilidad media de entre el 15% y el 25%. \u201cEs un modelo accesible para quien busca autoempleo, pero que requiere estar al pie del ca\u00f1\u00f3n. No es un negocio que se pueda delegar\u201d, subraya el portavoz.<\/p>\n<p>La formaci\u00f3n reglada es incipiente <\/p>\n<p class=\"ft-text ft-helper-align-justify\"><strong>La expansi\u00f3n de las franquicias ha ido acompa\u00f1ada de una progresiva profesionalizaci\u00f3n del sector.<\/strong> \u201cCada a\u00f1o atendemos a m\u00e1s de 200 alumnos\u201d, explican desde el Instituto de <strong>Formaci\u00f3n Profesional Thuya<\/strong>, que desde Sant Gervasi se han convertido en referentes por toda Espa\u00f1a con proyecto \u201c<strong>Universidad de las U\u00f1as<\/strong>\u201d, creado en 2013 para cubrir ese vac\u00edo. \u00abEl perfil del alumnado va desde j\u00f3venes que ven en la manicura una salida creativa, profesionales de la est\u00e9tica que buscan especializarse a mujeres que deciden reinventarse laboralmente\u00bb detalla <strong>Sonia Pujol<\/strong>, profesora de la escuela desde hace m\u00e1s de 20 a\u00f1os. El \u00edndice de inserci\u00f3n laboral supera el 80%, s\u00edntoma de un sector en crecimiento y que, desde STANPA, calculan que ya genera 43.000 puestos de trabajo.<\/p>\n<blockquote class=\"ft-mol-quote\" data-aida-quote=\"\"><p>El perfil del alumnado va desde j\u00f3venes que ven en la manicura una salida creativa, profesionales de la est\u00e9tica que buscan especializarse a mujeres que deciden reinventarse laboralmente.<\/p>\n<p class=\"ft-mol-quote__author--name\"> Sonia Pujol<\/p>\n<p class=\"ft-mol-quote__author--status\">\u2014 Profesora en la Escuela Thuya <\/p>\n<\/blockquote>\n<p class=\"ft-text ft-helper-align-justify\">En cuanto al sueldo, seg\u00fan el <strong>Convenio Colectivo de Peluquer\u00edas, Centros de Est\u00e9tica y Belleza de Catalu\u00f1a 2024-2026<\/strong>, la categor\u00eda profesional de <strong>manicurista<\/strong> se encuentra en el grupo IV, con un salario garantizado de <strong>1.134 euros brutos al mes en 14 pagas<\/strong>, es decir, poco m\u00e1s de 15.800 euros anuales. Son cifras ajustadas para un trabajo exigente en horas y en atenci\u00f3n al cliente, opinan varias de las manicuristas consultadas. Para Katty Poma, \u00abel ritmo que exigen en las franquicias, con esas condiciones, es inasumible\u201d confiesa. Por ello, trabajar por cuenta propia se ha convertido en el sue\u00f1o de muchas, aunque el camino no est\u00e9 exento de retos.<\/p>\n<p>Emprender de forma aut\u00f3noma <\/p>\n<p class=\"ft-text ft-helper-align-justify\">Desde hace dos a\u00f1os, en el barrio de Can Parellada en Terrassa (Barcelona),<strong> Yaiza Gallardo <\/strong>trabaja cada d\u00eda de 10h a 20h en su propio local; \u201cYaiza Nails\u201d. Hoy, recuerda con cari\u00f1o los inicios de su emprendimiento. \u201cPens\u00e9 que iba a ser m\u00e1s f\u00e1cil. Al final me gast\u00e9 unos 15.000 euros entre obras, licencia y material. Es mucho esfuerzo y no puedes bajar la guardia\u00bb asegura.<\/p>\n<blockquote class=\"ft-mol-quote\" data-aida-quote=\"\"><p>Es un sector muy vocacional, pero a veces olvidamos que detr\u00e1s hay una empresa<\/p>\n<p class=\"ft-mol-quote__author--name\">Tamara Peral<\/p>\n<p class=\"ft-mol-quote__author--status\">\u2014 Manicurista y creadora de contenido <\/p>\n<\/blockquote>\n<p class=\"ft-text ft-helper-align-justify\">Porque adem\u00e1s de la implicaci\u00f3n, <strong>el \u00e9xito tambi\u00e9n depende de la gesti\u00f3n<\/strong>. \u201cY es aqu\u00ed donde muchas fallamos. La parte t\u00e9cnica la dominamos, pero nadie nos ense\u00f1a a llevar una empresa: a calcular m\u00e1rgenes, negociar con proveedores, gestionar personal, tener un sueldo\u2026\u201d cuenta Tamara Peral. Natal de Madrid, esta manicurista y empresaria con m\u00e1s de 11 a\u00f1os de experiencia abri\u00f3 su primer sal\u00f3n con 21 a\u00f1os. Hoy, consciente de todos los errores que ha cometido por el camino, ha creado una comunidad online donde a trav\u00e9s de su cuenta de Instagram y Tiktok @tamara.peralv imparte consejos a otras manicuristas aut\u00f3nomas. \u201cEs un sector muy vocacional, pero a veces olvidamos que detr\u00e1s hay una empresa\u201d, reflexiona Tamara.<\/p>\n<p class=\"ft-text ft-helper-align-justify\">Preguntadas Yaiza y Tamara sobre si temen que las grandes franquicias pongan en riesgo sus centros aut\u00f3nomos, ambas lo niegan. \u201cTenemos modelos y objetivos distintos, hay espacio en el mercado para todas\u201d explica Tamara. \u201cEstoy segura de mi diferencial: siempre intento que salgan perfectas. Si veo que no est\u00e1n contenta, les pregunto y lo arreglamos. En una franquicia, eso no pasa\u201d asegura Yaiza.<\/p>\n<p>El escaparate de las redes sociales<\/p>\n<p class=\"ft-text ft-helper-align-justify\">Es viernes, son las 18h de la tarde y, como cada mes, Laura se dirige a su centro de u\u00f1as a realizarse un servicio de manicura y pedicura semipermanente con un presupuesto fijo de 65 euros, siempre optando por dise\u00f1os originales y colores divertidos. \u201cForman parte de mi identidad y de c\u00f3mo me proyecto al mundo\u201d\u00a0comparte.<\/p>\n<blockquote class=\"ft-mol-quote\" data-aida-quote=\"\"><p>Vivimos en una sociedad acelerada e incluso el bienestar se busca en versi\u00f3n expr\u00e9s. La manicura r\u00e1pida y low cost encaja en esa l\u00f3gica. Es un reflejo de c\u00f3mo hemos adaptado hasta los rituales de cuidado a un ritmo de vida acelerado.<\/p>\n<p class=\"ft-mol-quote__author--name\">Beatriz Gil B\u00f3veda<\/p>\n<p class=\"ft-mol-quote__author--status\">\u2014 Psicoterapeuta especializada en autoestima y liderazgo<\/p>\n<\/blockquote>\n<p class=\"ft-text ft-helper-align-justify\">Y es que la expansi\u00f3n de este negocio no puede entenderse sin su vertiente social, que ha convertido la manicura en un <strong>ritual de autocuidado y autoestima<\/strong>. \u00abNo es solo un gesto est\u00e9tico; para muchas mujeres es un <strong>mini lujo emocional<\/strong>, un servicio que,<strong> por un precio relativamente accesible, ofrece bienestar y sensaci\u00f3n de control\u00bb explica <\/strong>Beatriz Gil, psicoterapeuta en Barcelona especializada en autoestima y liderazgo.<\/p>\n<p class=\"ft-text ft-helper-align-justify\"><a class=\"ft-link ft-link--decoration\" href=\"https:\/\/www.epe.es\/especiales\/presion-estetica-maquillaje-skin-care-sh\/\" rel=\"nofollow noopener\" target=\"_blank\">Desde nuestros tel\u00e9fonos, Pinterest, Instagram y TikTok potencian esta moda.<\/a> \u201cMuchas veces las clientas vienen con el m\u00f3vil en la mano y me dicen: \u2018Quiero esta\u2019. Y t\u00fa tienes que saber hacerlo y r\u00e1pido para subirte al carro\u201d, cuenta Tamara Peral. Porque pa<strong>ra muchas clientas, el algoritmo marca sus decisiones, y la foto que suben despu\u00e9s, las refuerza.<\/strong><\/p>\n<p class=\"ft-text ft-helper-align-justify\"><strong>Es un fen\u00f3meno cultural:<\/strong> \u201cVivimos en una sociedad acelerada e incluso el bienestar se busca en versi\u00f3n expr\u00e9s. La manicura r\u00e1pida y low cost encaja en esa l\u00f3gica, igual que el caf\u00e9 para llevar. Es un reflejo de c\u00f3mo hemos adaptado hasta los rituales de cuidado a un ritmo de vida acelerado\u201d.<\/p>\n<p data-close=\"closedContent\" class=\"subscribeHideForDisplay\">Suscr\u00edbete para seguir leyendo<\/p>\n","protected":false},"excerpt":{"rendered":"Una vez al mes, Laura (55 a\u00f1os), Mar\u00eda (23), Antonia (52) y Emma (25 a\u00f1os) dejan a un&hellip;\n","protected":false},"author":2,"featured_media":114271,"comment_status":"","ping_status":"","sticky":false,"template":"","format":"standard","meta":{"footnotes":""},"categories":[80],"tags":[1609,13238,38579,82,95,94,2308,25,24,4724,1922,38578,23,2922],"class_list":{"0":"post-114270","1":"post","2":"type-post","3":"status-publish","4":"format-standard","5":"has-post-thumbnail","7":"category-economia","8":"tag-1609","9":"tag-13238","10":"tag-38579","11":"tag-business","12":"tag-economia","13":"tag-economy","14":"tag-empresas","15":"tag-es","16":"tag-espana","17":"tag-millones","18":"tag-redes-sociales","19":"tag-salones","20":"tag-spain","21":"tag-tendencias"},"share_on_mastodon":{"url":"","error":""},"_links":{"self":[{"href":"https:\/\/www.europesays.com\/es\/wp-json\/wp\/v2\/posts\/114270","targetHints":{"allow":["GET"]}}],"collection":[{"href":"https:\/\/www.europesays.com\/es\/wp-json\/wp\/v2\/posts"}],"about":[{"href":"https:\/\/www.europesays.com\/es\/wp-json\/wp\/v2\/types\/post"}],"author":[{"embeddable":true,"href":"https:\/\/www.europesays.com\/es\/wp-json\/wp\/v2\/users\/2"}],"replies":[{"embeddable":true,"href":"https:\/\/www.europesays.com\/es\/wp-json\/wp\/v2\/comments?post=114270"}],"version-history":[{"count":0,"href":"https:\/\/www.europesays.com\/es\/wp-json\/wp\/v2\/posts\/114270\/revisions"}],"wp:featuredmedia":[{"embeddable":true,"href":"https:\/\/www.europesays.com\/es\/wp-json\/wp\/v2\/media\/114271"}],"wp:attachment":[{"href":"https:\/\/www.europesays.com\/es\/wp-json\/wp\/v2\/media?parent=114270"}],"wp:term":[{"taxonomy":"category","embeddable":true,"href":"https:\/\/www.europesays.com\/es\/wp-json\/wp\/v2\/categories?post=114270"},{"taxonomy":"post_tag","embeddable":true,"href":"https:\/\/www.europesays.com\/es\/wp-json\/wp\/v2\/tags?post=114270"}],"curies":[{"name":"wp","href":"https:\/\/api.w.org\/{rel}","templated":true}]}}