{"id":114278,"date":"2025-09-14T11:25:09","date_gmt":"2025-09-14T11:25:09","guid":{"rendered":"https:\/\/www.europesays.com\/es\/114278\/"},"modified":"2025-09-14T11:25:09","modified_gmt":"2025-09-14T11:25:09","slug":"antonio-puerta-cehegin-el-torero-antonio-puerta-descubre-una-placa-en-la-plaza-de-toros-de-cehegin-por-su-decimo-aniversario-de-alternativa","status":"publish","type":"post","link":"https:\/\/www.europesays.com\/es\/114278\/","title":{"rendered":"Antonio Puerta Ceheg\u00edn | El torero Antonio Puerta descubre una placa en la plaza de toros de Ceheg\u00edn por su d\u00e9cimo aniversario de alternativa"},"content":{"rendered":"<p class=\"ft-text\">El torero <strong>Antonio Puerta descubre una placa en la plaza de toros de <\/strong><a class=\"ft-link ft-link--decoration\" href=\"https:\/\/www.laopiniondemurcia.es\/municipios\/cehegin\/\" rel=\"nofollow noopener\" target=\"_blank\"><strong>Ceheg\u00edn<\/strong><\/a><strong> <\/strong>por su d\u00e9cimo aniversario de alternativa.<\/p>\n<p class=\"ft-text\">Se trata de un azulejo conmemorativo, que quedar\u00e1 para siempre como recuerdo de su entrega y de lo que representa para su pueblo. <strong>El Ayuntamiento tambi\u00e9n ha querido entregarle una placa por este aniversario<\/strong>, horas antes de que se vista de luces en la tradicional corrida de fiestas, donde estar\u00e1 acartelado junto a\u00a0Miguel \u00c1ngel Perera y Alejandro Talavante, en un encierro de La Palmosilla.\u00a0Esta gran corrida tendr\u00e1 lugar a partir de las 17,30 horas.\u00a0<\/p>\n<blockquote class=\"ft-mol-quote ft-mol-quote--basic\" data-aida-cite=\"\"><p>Horas antes de que se vista de luces en la tradicional corrida de fiestas, donde estar\u00e1 acartelado junto a\u00a0Miguel \u00c1ngel Perera y Alejandro Talavante<\/p><\/blockquote>\n<p class=\"ft-text\">En el acto han estado presentes el protagonista, <strong>Antonio Puerta<\/strong>,\u00a0\u00a0la alcaldesa de Ceheg\u00edn, <strong>Alicia del Amor,<\/strong> el presidente del Club Taurino,\u00a0\u00a0<strong>Pedro Moreno<\/strong>, el responsable de Asuntos Taurinos de la Regi\u00f3n de Murcia, <strong>Francisco Abril<\/strong>, la diputada Regional, <strong>Pepa Carre\u00f1o<\/strong>, as\u00ed como miembros del Equipo de Gobierno y de la Corporaci\u00f3n Municipal, junto a numeroso p\u00fablico, que no ha querido perderse este momento tan especial para el torero local.\u00a0<\/p>\n<p class=\"ft-text\">La alcaldesa de Ceheg\u00edn <strong>ha querido agradecer al torero <\/strong>por \u201cllevar con orgullo el nombre de Ceheg\u00edn por tantas plazas y por ser un ejemplo de esfuerzo y valor\u201d, en este sentido ha destacado que se trata de \u201cun homenaje en este <a class=\"ft-link ft-link--decoration\" href=\"https:\/\/www.laopiniondemurcia.es\/tags\/ano-jubilar\/pagina-3\/\" target=\"_blank\" rel=\"nofollow noopener\">A\u00f1o Jubilar<\/a> de la Virgen de las Maravillas, que quedar\u00e1 grabado en la historia de nuestras fiestas\u201d.<\/p>\n<p>Fin de fiestas<img decoding=\"async\" src=\"https:\/\/www.europesays.com\/es\/wp-content\/uploads\/2025\/09\/2e378963-7a1c-41d0-968e-4a390aebac50_alta-libre-aspect-ratio_default_0.jpg\" width=\"1200\" height=\"800\" alt=\"El Ayuntamiento de Ceheg\u00edn ha entregado un recuerdo de esta fecha tan especial para el torero\" class=\"ft-helper-img-rd\" loading=\"lazy\" hasdataaida=\"true\"\/><\/p>\n<p class=\"ft-helper-fontColor-quaternary ft-helper-fontSize-body-S ft-helper-spacer-t-xxs\">El Ayuntamiento de Ceheg\u00edn ha entregado un recuerdo de esta fecha tan especial para el torero  \/ La Opini\u00f3n<\/p>\n<p class=\"ft-text\">La Semana Grande de Ceheg\u00edn <strong>concluir\u00e1 esta noche con la procesi\u00f3n que lleve a la Virgen de las Maravillas,<\/strong> desde la iglesia de Mar\u00eda Magdalena, hasta el convento de San Esteban, donde ser\u00e1 custodiada y venerada por el pueblo de Ceheg\u00edn, como han hecho en los \u00faltimos <a class=\"ft-link ft-link--decoration\" href=\"http:\/\/cehegin.es\" target=\"_blank\" rel=\"nofollow noopener\">300 a\u00f1os<\/a>.<\/p>\n","protected":false},"excerpt":{"rendered":"El torero Antonio Puerta descubre una placa en la plaza de toros de Ceheg\u00edn por su d\u00e9cimo aniversario&hellip;\n","protected":false},"author":2,"featured_media":114279,"comment_status":"","ping_status":"","sticky":false,"template":"","format":"standard","meta":{"footnotes":""},"categories":[277],"tags":[9807,1247,31011,373,13457,168,16443,25,24,43,6010,9002,1389,740,23,167,374,1570,13458],"class_list":{"0":"post-114278","1":"post","2":"type-post","3":"status-publish","4":"format-standard","5":"has-post-thumbnail","7":"category-toreo","8":"tag-aniversario","9":"tag-antonio","10":"tag-antonio-puerta","11":"tag-bullfighting","12":"tag-cehegin","13":"tag-deportes","14":"tag-descubre","15":"tag-es","16":"tag-espana","17":"tag-fiestas","18":"tag-municipios","19":"tag-placa","20":"tag-plaza-de-toros","21":"tag-puerta","22":"tag-spain","23":"tag-sports","24":"tag-toreo","25":"tag-torero","26":"tag-virgen-de-las-maravillas"},"share_on_mastodon":{"url":"","error":""},"_links":{"self":[{"href":"https:\/\/www.europesays.com\/es\/wp-json\/wp\/v2\/posts\/114278","targetHints":{"allow":["GET"]}}],"collection":[{"href":"https:\/\/www.europesays.com\/es\/wp-json\/wp\/v2\/posts"}],"about":[{"href":"https:\/\/www.europesays.com\/es\/wp-json\/wp\/v2\/types\/post"}],"author":[{"embeddable":true,"href":"https:\/\/www.europesays.com\/es\/wp-json\/wp\/v2\/users\/2"}],"replies":[{"embeddable":true,"href":"https:\/\/www.europesays.com\/es\/wp-json\/wp\/v2\/comments?post=114278"}],"version-history":[{"count":0,"href":"https:\/\/www.europesays.com\/es\/wp-json\/wp\/v2\/posts\/114278\/revisions"}],"wp:featuredmedia":[{"embeddable":true,"href":"https:\/\/www.europesays.com\/es\/wp-json\/wp\/v2\/media\/114279"}],"wp:attachment":[{"href":"https:\/\/www.europesays.com\/es\/wp-json\/wp\/v2\/media?parent=114278"}],"wp:term":[{"taxonomy":"category","embeddable":true,"href":"https:\/\/www.europesays.com\/es\/wp-json\/wp\/v2\/categories?post=114278"},{"taxonomy":"post_tag","embeddable":true,"href":"https:\/\/www.europesays.com\/es\/wp-json\/wp\/v2\/tags?post=114278"}],"curies":[{"name":"wp","href":"https:\/\/api.w.org\/{rel}","templated":true}]}}