{"id":114284,"date":"2025-09-14T11:31:11","date_gmt":"2025-09-14T11:31:11","guid":{"rendered":"https:\/\/www.europesays.com\/es\/114284\/"},"modified":"2025-09-14T11:31:11","modified_gmt":"2025-09-14T11:31:11","slug":"mal-estreno-del-castillo-de-gorraiz","status":"publish","type":"post","link":"https:\/\/www.europesays.com\/es\/114284\/","title":{"rendered":"Mal estreno del Castillo de Gorraiz"},"content":{"rendered":"<p>Estreno oficial del<strong> Castillo de Gorraiz Valle de Eg\u00fc\u00e9s<\/strong> con la primera jornada de la <strong>Copa de Espa\u00f1a<\/strong> en la que recibi\u00f3 al <strong>Logi7 Logrobasket<\/strong>, con resultado adverso, al caer por 68-89. El Castillo de Gorraiz se present\u00f3 por segunda semana consecutiva ante su afici\u00f3n y el arranque no fue nada malo, con buen ritmo ofensivo. Poco a poco las bajas por lesi\u00f3n y la premura del partido, con apenas semana y media de trabajo, se not\u00f3. La distancia al descanso rondaba los 15 puntos a favor de los visitantes, que supieron administrar la renta. Los navarros demostraron casta y car\u00e1cter para acercarse hasta la decena de puntos varias veces, pero de nuevo la renta visitante cog\u00eda vuelo.<\/p>\n<p>Los locales dejaron claro que van a luchar en cada encuentro y, pese a caer finalmente por 68-89, dejaron los primeros visos de la temporada. El buen ambiente del pabell\u00f3n se repetir\u00e1 la semana que viene, en el segundo partido de Copa, en una <strong>nueva oportunidad<\/strong> de ver al equipo navarro.<\/p>\n<p><strong>68 &#8211; Castillo de Gorraiz Valle de Eg\u00fc\u00e9s. <\/strong>\u00c1lex Calvo (3), Jaxon Doger (15), Pablo Y\u00e1rnoz (8), Javi Lacunza (11), Nahuel del Val (3), cinco inicial, Alejandro Rubiera (4), Cedomir Zizic (6), Pablo Fern\u00e1ndez (0), James Potier (18), Jon Sanz (0).<\/p>\n<p><strong>89 &#8211; Logrobasket Logi7. <\/strong>Iker Montero (13), Lawrence Obajo Beltr\u00e1n (8), I\u00f1igo Ib\u00e1\u00f1ez (12), Alec Jordan (13), Pape Bocar Sall (2), cinco inicial, Alejandro Rodr\u00edguez (2), Manuel V\u00e1zquez (11), Sergi Serrato (0), \u00c1ngel Infante (8), Waly Niang (13), Adri\u00e1n Naeem (7).<\/p>\n<p><strong>  Parciales. <\/strong>19-26, 12-20, 21-25, 16-18.<\/p>\n<p><strong>  \u00c1rbitros. <\/strong>Aitor G\u00f3mez Hern\u00e1ndez y Unai S\u00e1nchez N\u00fa\u00f1ez. Eliminaron a Cedomir Zizic, con cinco faltas.<\/p>\n","protected":false},"excerpt":{"rendered":"Estreno oficial del Castillo de Gorraiz Valle de Eg\u00fc\u00e9s con la primera jornada de la Copa de Espa\u00f1a&hellip;\n","protected":false},"author":2,"featured_media":114285,"comment_status":"","ping_status":"","sticky":false,"template":"","format":"standard","meta":{"footnotes":""},"categories":[269],"tags":[299,298,3101,168,25,24,1055,18059,4627,23,167],"class_list":{"0":"post-114284","1":"post","2":"type-post","3":"status-publish","4":"format-standard","5":"has-post-thumbnail","7":"category-baloncesto","8":"tag-baloncesto","9":"tag-basketball","10":"tag-castillo","11":"tag-deportes","12":"tag-es","13":"tag-espana","14":"tag-estreno","15":"tag-gorraiz","16":"tag-mal","17":"tag-spain","18":"tag-sports"},"share_on_mastodon":{"url":"","error":""},"_links":{"self":[{"href":"https:\/\/www.europesays.com\/es\/wp-json\/wp\/v2\/posts\/114284","targetHints":{"allow":["GET"]}}],"collection":[{"href":"https:\/\/www.europesays.com\/es\/wp-json\/wp\/v2\/posts"}],"about":[{"href":"https:\/\/www.europesays.com\/es\/wp-json\/wp\/v2\/types\/post"}],"author":[{"embeddable":true,"href":"https:\/\/www.europesays.com\/es\/wp-json\/wp\/v2\/users\/2"}],"replies":[{"embeddable":true,"href":"https:\/\/www.europesays.com\/es\/wp-json\/wp\/v2\/comments?post=114284"}],"version-history":[{"count":0,"href":"https:\/\/www.europesays.com\/es\/wp-json\/wp\/v2\/posts\/114284\/revisions"}],"wp:featuredmedia":[{"embeddable":true,"href":"https:\/\/www.europesays.com\/es\/wp-json\/wp\/v2\/media\/114285"}],"wp:attachment":[{"href":"https:\/\/www.europesays.com\/es\/wp-json\/wp\/v2\/media?parent=114284"}],"wp:term":[{"taxonomy":"category","embeddable":true,"href":"https:\/\/www.europesays.com\/es\/wp-json\/wp\/v2\/categories?post=114284"},{"taxonomy":"post_tag","embeddable":true,"href":"https:\/\/www.europesays.com\/es\/wp-json\/wp\/v2\/tags?post=114284"}],"curies":[{"name":"wp","href":"https:\/\/api.w.org\/{rel}","templated":true}]}}