{"id":114315,"date":"2025-09-14T11:51:08","date_gmt":"2025-09-14T11:51:08","guid":{"rendered":"https:\/\/www.europesays.com\/es\/114315\/"},"modified":"2025-09-14T11:51:08","modified_gmt":"2025-09-14T11:51:08","slug":"roland-garros-vibra-con-el-deporte-de-moda","status":"publish","type":"post","link":"https:\/\/www.europesays.com\/es\/114315\/","title":{"rendered":"Roland Garros vibra con el deporte de moda"},"content":{"rendered":"<p data-gtm-element-container=\"modulo-texto-link\" class=\"paragraph\">Semana hist\u00f3rica para el p\u00e1del, que celebr\u00f3 la cuarta edici\u00f3n de un <strong>Paris Major de Premier Padel<\/strong> que no para de superarse a\u00f1o tras a\u00f1o. El deporte de la pala, que sigue expandi\u00e9ndose por todo el mundo a un ritmo vertiginoso, <strong>ha conquistado de pleno el coraz\u00f3n de Roland Garros<\/strong>, una de las mecas del tenis y del deporte internacional.<\/p>\n<p data-gtm-element-container=\"modulo-texto-link\" class=\"paragraph\"><strong>Durante el 2024, alrededor de 64.000 aficionados<\/strong> disfrutaron de los mejores jugadores y jugadoras del planeta\u00a0<strong>a lo largo de toda la semana<\/strong>, estableciendo un nuevo r\u00e9cord de asistencia y reafirmando la popularidad que est\u00e1 ganando el p\u00e1del en Francia, con un p\u00fablico cada vez m\u00e1s entregado y apasionado.<\/p>\n<p data-gtm-element-container=\"modulo-texto-link\" class=\"paragraph\">Una cifra supone <strong>un espectacular crecimiento del 156% en asistencia<\/strong> en comparaci\u00f3n a la primera edici\u00f3n del torneo, que tuvo lugar en 20222.\u00a0<\/p>\n<p>                <img loading=\"lazy\" decoding=\"async\" data-full-src=\"https:\/\/www.mundodeportivo.com\/uploads\/2025\/09\/14\/68c687783ede3.jpeg\" alt=\"Comparativa de Roland Garros entre p\u00e1del y tenis\" width=\"449\" height=\"236\" src=\"https:\/\/www.europesays.com\/es\/wp-content\/uploads\/2025\/09\/68c687783ede3.jpeg\" class=\"lazy\"\/><\/p>\n<p class=\"caption-title \">Comparativa de Roland Garros entre p\u00e1del y tenis<\/p>\n<p>                    Propia<\/p>\n<p>    Lee tambi\u00e9n<\/p>\n<p>25.000 aficionados entre semis y finales este a\u00f1o<\/p>\n<p data-gtm-element-container=\"modulo-texto-link\" class=\"paragraph\">Sin embargo, <strong>el Major de Par\u00eds va a por m\u00e1s en 2025<\/strong>. Como ya es habitual, las rondas finales han sido las m\u00e1s aclamadas entre el p\u00fablico. La <strong>Philippe Chatrier<\/strong> se ha vestido de gala para el tramo m\u00e1s decisivo de la competici\u00f3n, concentrando unas\u00a0<strong>25.000 personas solo en s\u00e1bado y domingo <\/strong>para presenciar las semifinales y las finales.\u00a0<\/p>\n<p data-gtm-element-container=\"modulo-texto-link\" class=\"paragraph\">Por eso mismo, habr\u00e1 que estar bien atento a la cifra definitiva de atendencia, que tras la <strong>buena imagen que han presentado las gradas durante toda la prueba<\/strong>, se espera que supere el registro anterior.\u00a0<\/p>\n","protected":false},"excerpt":{"rendered":"Semana hist\u00f3rica para el p\u00e1del, que celebr\u00f3 la cuarta edici\u00f3n de un Paris Major de Premier Padel que&hellip;\n","protected":false},"author":2,"featured_media":114316,"comment_status":"","ping_status":"","sticky":false,"template":"","format":"standard","meta":{"footnotes":""},"categories":[274],"tags":[168,25,24,23,167,327,326],"class_list":{"0":"post-114315","1":"post","2":"type-post","3":"status-publish","4":"format-standard","5":"has-post-thumbnail","7":"category-tenis","8":"tag-deportes","9":"tag-es","10":"tag-espana","11":"tag-spain","12":"tag-sports","13":"tag-tenis","14":"tag-tennis"},"share_on_mastodon":{"url":"","error":""},"_links":{"self":[{"href":"https:\/\/www.europesays.com\/es\/wp-json\/wp\/v2\/posts\/114315","targetHints":{"allow":["GET"]}}],"collection":[{"href":"https:\/\/www.europesays.com\/es\/wp-json\/wp\/v2\/posts"}],"about":[{"href":"https:\/\/www.europesays.com\/es\/wp-json\/wp\/v2\/types\/post"}],"author":[{"embeddable":true,"href":"https:\/\/www.europesays.com\/es\/wp-json\/wp\/v2\/users\/2"}],"replies":[{"embeddable":true,"href":"https:\/\/www.europesays.com\/es\/wp-json\/wp\/v2\/comments?post=114315"}],"version-history":[{"count":0,"href":"https:\/\/www.europesays.com\/es\/wp-json\/wp\/v2\/posts\/114315\/revisions"}],"wp:featuredmedia":[{"embeddable":true,"href":"https:\/\/www.europesays.com\/es\/wp-json\/wp\/v2\/media\/114316"}],"wp:attachment":[{"href":"https:\/\/www.europesays.com\/es\/wp-json\/wp\/v2\/media?parent=114315"}],"wp:term":[{"taxonomy":"category","embeddable":true,"href":"https:\/\/www.europesays.com\/es\/wp-json\/wp\/v2\/categories?post=114315"},{"taxonomy":"post_tag","embeddable":true,"href":"https:\/\/www.europesays.com\/es\/wp-json\/wp\/v2\/tags?post=114315"}],"curies":[{"name":"wp","href":"https:\/\/api.w.org\/{rel}","templated":true}]}}