{"id":114323,"date":"2025-09-14T11:55:10","date_gmt":"2025-09-14T11:55:10","guid":{"rendered":"https:\/\/www.europesays.com\/es\/114323\/"},"modified":"2025-09-14T11:55:10","modified_gmt":"2025-09-14T11:55:10","slug":"investigan-las-pintadas-contra-un-ertzaina-que-entrena-al-equipo-de-futbol-de-amurrio","status":"publish","type":"post","link":"https:\/\/www.europesays.com\/es\/114323\/","title":{"rendered":"Investigan las pintadas contra un ertzaina que entrena al equipo de f\u00fatbol de Amurrio"},"content":{"rendered":"<p>La Ertzaintza investiga las pintadas que han aparecido contra un agente de este cuerpo en el estadio de f\u00fatbol de Amurrio, en \u00c1lava. &#8216;Zipaio kanpora&#8217;, &#8216; &#8230; Alde hemendik&#8217; y &#8216;Ni os queremos ni os necesitamos&#8217; son algunos de los mensajes ofensivos que desconocidos han escrito en el interior del recinto deportivo y que claramente se refieren a un ertzaina que en su tiempo libre ejerce como entrenador del equipo de la localidad desde el pasado verano. El club r\u00e1pidamente ha borrado con pintura las inscripciones realizadas en los muros ubicados detras de una de las porter\u00edas del campo de Basarte.<\/p>\n<p class=\"v-p\">Desde el Departamento de Seguridad han expresado su condena a estas pintadas y han transmitido su \u00absolidaridad y cercan\u00eda\u00bb con el ertzaina se\u00f1alado por estos actos vand\u00e1licos. \u00abUna vez m\u00e1s, es necesario recordar que este tipo de hechos no tienen cabida en nuestra sociedad\u00bb, manifiestan. Los califican de \u00abintolerables e inaceptables\u00bb, los cuales \u00abrecuerdan a tiempos pasados\u00bb.<\/p>\n<p class=\"v-p\">Las pintadas \u00abatentan gravemente contra la convivencia\u00bb. \u00abUna sociedad democr\u00e1tica no debe permitir este tipo de hechos y debemos mostrar como sociedad nuestro m\u00e1s firme rechazo\u00bb, rese\u00f1an desde el Gobierno vasco. Por parte del club en el que entrena el agente atacado tambi\u00e9n expresan su condena hacia estos hechos y se\u00f1alan que van a denunciarlo ante la Ertzaintza.<\/p>\n<p class=\"v-p\">El equipo de gobierno del Ayuntamiento de Amurrio, dirigido por el jeltzale Txerra Molinuevo, ha expresado tambi\u00e9n su firme condena a las pintadas \u00abofensivas y hom\u00f3fobas\u00bb realizadas en el campo de f\u00fatbol. La instituci\u00f3n, que el lunes propondr\u00e1 una declaraci\u00f3n institucional, ha transmitido su \u00abapoyo\u00bb a la persona afectada y al Amurrio Club y \u00abrespalda\u00bb las acciones emprendidas para que se investigue lo ocurrido. Amurrio, recalca, \u00abes y debe seguir siendo un lugar de respeto, diversidad y convivencia. La intolerancia, el odio y la discriminaci\u00f3n nunca tendr\u00e1n espacio en nuestro municipio\u00bb. <\/p>\n<p class=\"v-p\">El PP vasco tambi\u00e9n ha trasladado su condena a los hechos y su apoyo al agente se\u00f1alado. \u00abEs intolerable, estamos hartos de la campa\u00f1a de cuestionamiento de Bildu a la Ertzaintza que desemboca en agresiones y amenazas a sus miembros. Exigimos una condena y apoyo pol\u00edtico un\u00e1nime\u00bb, ha se\u00f1alado la parlamentaria popular Ainhoa Domaica a trav\u00e9s de un mensaje en redes sociales.<\/p>\n<p>Escalada de incidentes<\/p>\n<p class=\"v-p\">Este episodio se produce en un contexto de hostigamiento hacia la Ertzaintza y otros cuerpos policiales en Euskadi, que vienen sufriendo ataques que se han intensificado este pasado verano. Se han producido diversos incidentes en el contexto de fiestas patronales, por ejemplo en Vitoria y en algunas localidades guipuzcoanas.<\/p>\n<p class=\"v-p\">As\u00ed, a principios del pasado junio, un ertzaina y un agente municipal fueron obligados a abandonar el recinto de txosnas de Beasain. Un mes despu\u00e9s, en Ordizia, cuatro efectivos de la Polic\u00eda vasca fueron linchados por amigos y familiares de un joven arrestado por participar en una pelea. Transcurrieron diez d\u00edas hasta que en Hernani, una turba tratara de asaltar el Ayuntamiento para agredir a un magreb\u00ed que hab\u00eda sido detenido minutos antes. Los altercados terminaron en enfrentamientos contra los polic\u00edas.<\/p>\n<p class=\"v-p\">M\u00e1s adelante se produjeron nuevos incidentes de Azpeitia, donde 40 j\u00f3venes asaltaron las dependencias de la Polic\u00eda Municipal y agredieron a agentes locales y ertzainas, y tambi\u00e9n en la capital alavesa, con fuertes disturbios en el desalojo de una acampada ilegal de GKS.<\/p>\n<p class=\"v-p\">Adem\u00e1s, en los \u00faltimos meses han aparecido pintadas contra diversos agentes de la autoridad e incluso contra el consejero de Seguridad, el jeltzale Bingen Zupiria. \u00ab\u00bfQu\u00e9 va a ser lo siguiente? Esta espiral tiene que terminar\u00bb, reclam\u00f3 entonces el presidente del PNV, Aitor Esteban.<\/p>\n","protected":false},"excerpt":{"rendered":"La Ertzaintza investiga las pintadas que han aparecido contra un agente de este cuerpo en el estadio de&hellip;\n","protected":false},"author":2,"featured_media":114324,"comment_status":"","ping_status":"","sticky":false,"template":"","format":"standard","meta":{"footnotes":""},"categories":[268],"tags":[38603,10887,3114,168,38602,25,24,280,282,21464,281,23,167],"class_list":{"0":"post-114323","1":"post","2":"type-post","3":"status-publish","4":"format-standard","5":"has-post-thumbnail","7":"category-futbol","8":"tag-amurrio","9":"tag-aparicion","10":"tag-denuncian","11":"tag-deportes","12":"tag-ertzaina","13":"tag-es","14":"tag-espana","15":"tag-football","16":"tag-futbol","17":"tag-pintadas","18":"tag-soccer","19":"tag-spain","20":"tag-sports"},"share_on_mastodon":{"url":"","error":""},"_links":{"self":[{"href":"https:\/\/www.europesays.com\/es\/wp-json\/wp\/v2\/posts\/114323","targetHints":{"allow":["GET"]}}],"collection":[{"href":"https:\/\/www.europesays.com\/es\/wp-json\/wp\/v2\/posts"}],"about":[{"href":"https:\/\/www.europesays.com\/es\/wp-json\/wp\/v2\/types\/post"}],"author":[{"embeddable":true,"href":"https:\/\/www.europesays.com\/es\/wp-json\/wp\/v2\/users\/2"}],"replies":[{"embeddable":true,"href":"https:\/\/www.europesays.com\/es\/wp-json\/wp\/v2\/comments?post=114323"}],"version-history":[{"count":0,"href":"https:\/\/www.europesays.com\/es\/wp-json\/wp\/v2\/posts\/114323\/revisions"}],"wp:featuredmedia":[{"embeddable":true,"href":"https:\/\/www.europesays.com\/es\/wp-json\/wp\/v2\/media\/114324"}],"wp:attachment":[{"href":"https:\/\/www.europesays.com\/es\/wp-json\/wp\/v2\/media?parent=114323"}],"wp:term":[{"taxonomy":"category","embeddable":true,"href":"https:\/\/www.europesays.com\/es\/wp-json\/wp\/v2\/categories?post=114323"},{"taxonomy":"post_tag","embeddable":true,"href":"https:\/\/www.europesays.com\/es\/wp-json\/wp\/v2\/tags?post=114323"}],"curies":[{"name":"wp","href":"https:\/\/api.w.org\/{rel}","templated":true}]}}