{"id":114327,"date":"2025-09-14T11:57:19","date_gmt":"2025-09-14T11:57:19","guid":{"rendered":"https:\/\/www.europesays.com\/es\/114327\/"},"modified":"2025-09-14T11:57:19","modified_gmt":"2025-09-14T11:57:19","slug":"estos-son-los-catalanes-mas-influyentes","status":"publish","type":"post","link":"https:\/\/www.europesays.com\/es\/114327\/","title":{"rendered":"estos son los catalanes m\u00e1s influyentes"},"content":{"rendered":"<p class=\"c-paragraph\">Catalu\u00f1a conmemora cada 11 de septiembre su Diada, una jornada que va mucho m\u00e1s all\u00e1 de los actos institucionales y las reivindicaciones pol\u00edticas. Es tambi\u00e9n un momento para<b> reflexionar sobre la historia, la cultura y la identidad catalana<\/b>, marcada por una tradici\u00f3n creativa y una capacidad de influencia que han trascendido fronteras.<\/p>\n<p class=\"c-paragraph\">En este contexto, resulta imposible no pensar en aquellas figuras que, desde la arquitectura, la pintura, la m\u00fasica, la literatura, la pol\u00edtica, el deporte o la gastronom\u00eda, <b>han proyectado el nombre de Catalu\u00f1a en el mundo.<\/b> De Gaud\u00ed y Dal\u00ed a Rosal\u00eda y Pau Gasol, la lista de catalanes influyentes es tan diversa como la tierra que los vio nacer.<\/p>\n<p>Los catalanes m\u00e1s influyentesAntonio Gaud\u00ed<\/p>\n<p class=\"c-paragraph\">Fue el arquitecto modernista por excelencia y una de las grandes figuras universales de la arquitectura. Su obra, con la Sagrada Familia como emblema, <b>convirti\u00f3 Barcelona en un museo al aire libre <\/b>y le otorg\u00f3 un lugar eterno en la historia del arte.<\/p>\n<p><b>Salvador Dal\u00ed<\/b><\/p>\n<p class=\"c-paragraph\">Genio del surrealismo, rompi\u00f3 todos los moldes art\u00edsticos con su estilo \u00fanico y su personalidad exc\u00e9ntrica. <b>Su obra sigue fascinando al mundo<\/b> y situ\u00f3 a Figueres y al Empord\u00e0 en el mapa cultural global.<\/p>\n<p><b>Joan Mir\u00f3<\/b><\/p>\n<p class=\"c-paragraph\">Pintor, escultor y grabador, es otro de los grandes nombres de la vanguardia art\u00edstica. Con un lenguaje propio lleno de s\u00edmbolos y colores, llev\u00f3 la abstracci\u00f3n a nuevas dimensiones y <b>se convirti\u00f3 en un referente internacional.<\/b><\/p>\n<p><b>Pau Casals<\/b><\/p>\n<p class=\"c-paragraph\">Violonchelista de El Vendrell, no solo fue un int\u00e9rprete excepcional, sino tambi\u00e9n<b> un activista por la paz y la democracia<\/b>. Su famoso \u00abYo soy catal\u00e1n\u00bb en la ONU en octubre de 1971 es recordado como un alegato universal en defensa de los derechos humanos.<\/p>\n<p><b>Isaac Alb\u00e9niz<\/b><\/p>\n<p class=\"c-paragraph\">Pianista y compositor, llev\u00f3 la m\u00fasica espa\u00f1ola y catalana a los grandes escenarios internacionales. Obras como Iberia son consideradas <b>cumbres del repertorio pian\u00edstico universal.<\/b><\/p>\n<p><b>Josep Pla<\/b><\/p>\n<p class=\"c-paragraph\">Escritor y periodista, retrat\u00f3 con maestr\u00eda la vida, la pol\u00edtica y el paisaje de su tiempo. Su prosa clara y precisa lo convierte en uno de los grandes cronistas del siglo XX en lengua catalana.<\/p>\n<p><b>Merc\u00e8 Rodoreda<\/b><\/p>\n<p class=\"c-paragraph\">Autora de La pla\u00e7a del Diamant, es <b>la voz femenina m\u00e1s influyente de la literatura catalana<\/b> contempor\u00e1nea. Sus novelas han sido traducidas a decenas de idiomas y han dado a conocer al mundo la narrativa catalana.<\/p>\n<p><b>Rafael Casanova<\/b><\/p>\n<p class=\"c-paragraph\"><b>C<\/b>onseller en Cap de Barcelona durante el asedio de 1714, es<b> s\u00edmbolo de la resistencia catalana<\/b> frente a las tropas borb\u00f3nicas. Su figura encarna la lucha por las libertades perdidas, recordada cada Diada.<\/p>\n<p><b>Josep Tarradellas<\/b><\/p>\n<p class=\"c-paragraph\">Presidente de la <a href=\"https:\/\/www.20minutos.es\/tags\/temas\/generalitat-de-cataluna.html\" title=\"Generalitat de Catalu\u00f1a\" rel=\"nofollow noopener\" target=\"_blank\">Generalitat <\/a>en el exilio,<b> fue clave en la recuperaci\u00f3n de las instituciones catalanas<\/b> tras la dictadura franquista. Su c\u00e9lebre \u00abCiutadans de Catalunya, ja s\u00f3c aqu\u00ed\u00bb en 1977 marc\u00f3 un hito hist\u00f3rico.<\/p>\n<p><b>Ferran Adri\u00e0<\/b><\/p>\n<p class=\"c-paragraph\">Considerado el mejor chef del mundo durante a\u00f1os, revolucion\u00f3 la gastronom\u00eda desde su restaurante elBulli. Con su cocina de vanguardia convirti\u00f3 Catalu\u00f1a en <b>epicentro de la creatividad culinaria global.<\/b><\/p>\n<p><b>Joan Manuel Serrat<\/b><\/p>\n<p class=\"c-paragraph\">Cantautor y poeta, <b>puso voz a la poes\u00eda de Antonio Machado<\/b> y a la lengua catalana en plena dictadura. Sus canciones est\u00e1n considerados himnos intergeneracionales en el \u00e1mbito hispano.<\/p>\n<p><b>Montserrat Caball\u00e9<\/b><\/p>\n<p class=\"c-paragraph\">Soprano barcelonesa, fue<b> una de las grandes voces l\u00edricas del siglo XX.<\/b> Su versatilidad y carisma la llevaron a los principales escenarios del mundo y a colaboraciones ic\u00f3nicas, como la que realiz\u00f3 con Freddie Mercury.<\/p>\n<p>Rosal\u00eda<\/p>\n<p class=\"c-paragraph\">La\u00a0artista de Sant Esteve Sesrovires ha revolucionado la m\u00fasica tras <b>fusionar\u00a0flamenco, pop, reguet\u00f3n y electr\u00f3nica. <\/b>Con premios internacionales y millones de seguidores, es un icono global de la nueva generaci\u00f3n.<\/p>\n<p><b>Pau Gasol<\/b><\/p>\n<p class=\"c-paragraph\">Es<b> uno de los mejores jugadores europeos de baloncesto <\/b>de la historia, conquist\u00f3 la NBA y fue un l\u00edder indiscutible de la selecci\u00f3n espa\u00f1ola. Su legado deportivo lo han convertido en referente mundial.<\/p>\n<p><b>Ramon Llull<\/b><\/p>\n<p class=\"c-paragraph\">Fil\u00f3sofo y escritor medieval, fue <b>pionero en la difusi\u00f3n de la lengua catalana <\/b>y precursor de ideas humanistas y cient\u00edficas. Su pensamiento, avanzado a su tiempo, tuvo una enorme influencia en Europa.<\/p>\n<p><b>Pep Guardiola<\/b><\/p>\n<p class=\"c-paragraph\">Exfutbolista y entrenador, revolucion\u00f3 el f\u00fatbol desde el banquillo del FC Barcelona. Es considerado uno de los mejores entrenadores en la historia del f\u00fatbol.\u00a0Desde 2016, es entrenador del Manchester City.<\/p>\n","protected":false},"excerpt":{"rendered":"Catalu\u00f1a conmemora cada 11 de septiembre su Diada, una jornada que va mucho m\u00e1s all\u00e1 de los actos&hellip;\n","protected":false},"author":2,"featured_media":114328,"comment_status":"","ping_status":"","sticky":false,"template":"","format":"standard","meta":{"footnotes":""},"categories":[173],"tags":[229,233,231,230,9680,232,234,146,147,25,24,25652,31791,4968,4147,23],"class_list":{"0":"post-114327","1":"post","2":"type-post","3":"status-publish","4":"format-standard","5":"has-post-thumbnail","7":"category-arte-y-diseno","8":"tag-arte","9":"tag-arte-y-diseno","10":"tag-arts","11":"tag-arts-and-design","12":"tag-dali","13":"tag-design","14":"tag-diseno","15":"tag-entertainment","16":"tag-entretenimiento","17":"tag-es","18":"tag-espana","19":"tag-gasol","20":"tag-gaudi","21":"tag-pau","22":"tag-rosalia","23":"tag-spain"},"share_on_mastodon":{"url":"","error":""},"_links":{"self":[{"href":"https:\/\/www.europesays.com\/es\/wp-json\/wp\/v2\/posts\/114327","targetHints":{"allow":["GET"]}}],"collection":[{"href":"https:\/\/www.europesays.com\/es\/wp-json\/wp\/v2\/posts"}],"about":[{"href":"https:\/\/www.europesays.com\/es\/wp-json\/wp\/v2\/types\/post"}],"author":[{"embeddable":true,"href":"https:\/\/www.europesays.com\/es\/wp-json\/wp\/v2\/users\/2"}],"replies":[{"embeddable":true,"href":"https:\/\/www.europesays.com\/es\/wp-json\/wp\/v2\/comments?post=114327"}],"version-history":[{"count":0,"href":"https:\/\/www.europesays.com\/es\/wp-json\/wp\/v2\/posts\/114327\/revisions"}],"wp:featuredmedia":[{"embeddable":true,"href":"https:\/\/www.europesays.com\/es\/wp-json\/wp\/v2\/media\/114328"}],"wp:attachment":[{"href":"https:\/\/www.europesays.com\/es\/wp-json\/wp\/v2\/media?parent=114327"}],"wp:term":[{"taxonomy":"category","embeddable":true,"href":"https:\/\/www.europesays.com\/es\/wp-json\/wp\/v2\/categories?post=114327"},{"taxonomy":"post_tag","embeddable":true,"href":"https:\/\/www.europesays.com\/es\/wp-json\/wp\/v2\/tags?post=114327"}],"curies":[{"name":"wp","href":"https:\/\/api.w.org\/{rel}","templated":true}]}}