{"id":114346,"date":"2025-09-14T12:11:25","date_gmt":"2025-09-14T12:11:25","guid":{"rendered":"https:\/\/www.europesays.com\/es\/114346\/"},"modified":"2025-09-14T12:11:25","modified_gmt":"2025-09-14T12:11:25","slug":"torear-en-muro-es-un-regalo-que-me-da-la-vida-2","status":"publish","type":"post","link":"https:\/\/www.europesays.com\/es\/114346\/","title":{"rendered":"\u00abTorear en Muro es un regalo que me da la vida\u00bb"},"content":{"rendered":"<p><strong><a href=\"https:\/\/www.ultimahora.es\/etiqueta\/Javier+Conde.html?utm_source=Inline-tag&amp;utm_medium=internal\" rel=\"nofollow noopener\" target=\"_blank\">Javier Conde<\/a> Becerra (M\u00e1laga, 1975)<\/strong> ha tenido el privilegio de compartir el pase\u00edllo con las grandes figuras del toreo. Desde Anto\u00f1ete o Rafael de Paula hasta Marco P\u00e9rez, que todav\u00eda no ha rebasado la mayor\u00eda de edad y con el que compartir\u00e1 cartel ma\u00f1ana junto a David de Miranda \u2013sustituto del lesionado Morante de la Puebla\u2013 en la reapertura de la plaza de toros de <a href=\"https:\/\/www.ultimahora.es\/etiqueta\/Muro.html?utm_source=Inline-tag&amp;utm_medium=internal\" rel=\"nofollow noopener\" target=\"_blank\">Muro<\/a> ocho a\u00f1os despu\u00e9s. El diestro malague\u00f1o aparcar\u00e1 por una horas su faceta como empresario y gestor, junto a Francisco D\u2019Agostino, de la empresa Baleares Cambio de Tercio, que ha hecho posible este regreso de los toros a La Monumental. Casado desde hace m\u00e1s de 20 a\u00f1os con la cantaora flamenca Estrella Morente y con alguna aparici\u00f3n en el cine en su hoja de servicios, Conde desprende ilusi\u00f3n y ganas en esta entrevista con Ultima Hora en las v\u00edsperas de una tarde especial al conmemorar el 30 aniversario de su alternativa con El Ni\u00f1o de la Capea de padrino y Jesul\u00edn de Ubrique como testigo.<\/p>\n<p><strong>Nervios, ilusi\u00f3n, ansiedad&#8230; \u00bfQu\u00e9 siente en las v\u00edsperas de una fecha tan especial para Muro y para usted?<\/strong><br \/>\u2014La mayor ilusi\u00f3n es poder unir un momento en el camino con 30 a\u00f1os muy bonitos con un acontecimiento que para m\u00ed es de una felicidad plena, que vuelvan a celebrarse toros en una plaza de toros dormida de la belleza de Muro.<\/p>\n<p><strong>Se ha trabajado mucho para recuperar esta plaza despu\u00e9s de tantos a\u00f1os de abandono<\/strong><br \/>\u2014Mallorca tuvo un esplendor incre\u00edble hace a\u00f1os y el motivo de mi socio y el m\u00edo, junto al de un grupo de amigos y defensores, es que la tauromaqu\u00eda en la Isla resurja. Nos animaron y nos alentaron para embarcarnos en este proyecto. La acogida, la entrega y el cari\u00f1o de los aficionados de Inca fue enriquecedora y esperemos que en Muro siga el mismo camino. Y que puedan ser dos plazas de toros que se lleven bien entre s\u00ed, que tengan programaciones diferentes y que est\u00e9n vivas durante toda la temporada.<\/p>\n<p><strong>En Inca estuvo detr\u00e1s de la barrera supervisando todo, pero ma\u00f1ana estar\u00e1 en el centro de la plaza.<\/strong><br \/>\u2014As\u00ed es. Ganas de torear tengo siempre porque nac\u00ed y morir\u00e9 torero y continuamente estoy toreando en festivales, en el campo o en alg\u00fan festejo especial. Mi socio me dijo que no deber\u00eda pasar este a\u00f1o tan trascendental en mi vida sin vestirme de torero y, unido al proyecto de Muro, pues aqu\u00ed estoy. Quiero intentar que la plaza de toros tenga una programaci\u00f3n especial y diferente cada a\u00f1o. Francisco (su socio) ha sido el que me ha motivado, me ha ilusionado y ha hecho que me enamorara en esta fecha de Muro con un gran cartel.<\/p>\n<p><strong>Manzanares coment\u00f3 recientemente que la magia y el miedo de este mundo del toreo es que cada tarde es diferente, con dos animales que no sabes c\u00f3mo reaccionar\u00e1n.<\/strong><br \/>\u2014Yo a\u00f1adir\u00eda a un tercero. Te enfrentas a tres bichos; a dos de cuatro patas y a uno de dos, que eres t\u00fa mismo. Porque te enfrentas a ti mismo, a tus barreras, a tus fronteras, a tu miedo, a tu creaci\u00f3n\u2026 y es una lucha casi animal entre el toro y el torero. Es una profesi\u00f3n con una pasi\u00f3n absolutamente incre\u00edble, en la que puedes estar permanentemente so\u00f1ando con un animal que con un simple roce te puede destrozar. Es algo inaudito.<\/p>\n<p><strong>\u00bfQu\u00e9 le dice la fecha del 16 de abril de 1995 (su alternativa) con el Ni\u00f1o de la Capea de padrino y Jesul\u00edn de Ubrique de testigo?<\/strong><br \/>\u2014Fue una tarde memorable. Capea para m\u00ed es mi familia, el otro d\u00eda estuve en la despedida de su hijo y estar al lado de \u00e9l siempre es un placer por su honestidad, su inteligencia y su grandeza como torero. Es un genio de la tauromaquia. Y aquella tarde la recuerdo como si hubiera sido esta ma\u00f1ana. El tiempo pasa volando y en esta profesi\u00f3n, que te absorbe tanto y te hace estar metido en ella, hay momento que cuando sales dices \u2018Dios m\u00edo c\u00f3mo pas\u00f3 el tiempo de r\u00e1pido que solo me dio tiempo a torear y expresar toreando\u2019.<\/p>\n<p><strong>\u00bfHa cambiado mucho el toreo en esos 30 a\u00f1os que usted lleva de carrera?<\/strong><br \/>\u2014Mucho y sobre todo el toro. Sale m\u00e1s grande, est\u00e1 mejor alimentado&#8230; Recuerdo que cuando comenc\u00e9, en San Isidro sal\u00edan entre 60 o 70 sobreros y ahora salen 3 o 4. Hablamos de un toro elitista y preparado para embestir. En cuanto a toreros, he tenido la suerte de compartir tardes con las grandes figuras de la historia. Me vest\u00ed de luces en la \u00faltima tarde de Manuel Ben\u00edtez El Cordob\u00e9s, he toreado con Palomo Linares, Anto\u00f1ete, Curro V\u00e1zquez, Rafael de Paula, Espartaco, Capea, Manzanares, D\u00e1maso\u2026 Es una suerte haber tenido una carrera longeva y ahora coincidir con Marco P\u00e9rez en Muro, me parece un regalo que me ha dado la vida.<\/p>\n<p><strong>\u00bfQu\u00e9 espera del festejo de ma\u00f1ana en Muro?<\/strong><br \/>\u2014Con la pausa del tiempo y en la madurez de la vida, lo \u00fanico que le pido a Dios es poder torear como lo siento. Solo pido eso.<\/p>\n","protected":false},"excerpt":{"rendered":"Javier Conde Becerra (M\u00e1laga, 1975) ha tenido el privilegio de compartir el pase\u00edllo con las grandes figuras del&hellip;\n","protected":false},"author":2,"featured_media":111370,"comment_status":"","ping_status":"","sticky":false,"template":"","format":"standard","meta":{"footnotes":""},"categories":[277],"tags":[373,168,25,24,9581,13055,492,23,167,2922,374,14851,1529],"class_list":{"0":"post-114346","1":"post","2":"type-post","3":"status-publish","4":"format-standard","5":"has-post-thumbnail","7":"category-toreo","8":"tag-bullfighting","9":"tag-deportes","10":"tag-es","11":"tag-espana","12":"tag-javier-conde","13":"tag-muro","14":"tag-sociedad","15":"tag-spain","16":"tag-sports","17":"tag-tendencias","18":"tag-toreo","19":"tag-toros-en-mallorca","20":"tag-ultima-hora"},"share_on_mastodon":{"url":"","error":""},"_links":{"self":[{"href":"https:\/\/www.europesays.com\/es\/wp-json\/wp\/v2\/posts\/114346","targetHints":{"allow":["GET"]}}],"collection":[{"href":"https:\/\/www.europesays.com\/es\/wp-json\/wp\/v2\/posts"}],"about":[{"href":"https:\/\/www.europesays.com\/es\/wp-json\/wp\/v2\/types\/post"}],"author":[{"embeddable":true,"href":"https:\/\/www.europesays.com\/es\/wp-json\/wp\/v2\/users\/2"}],"replies":[{"embeddable":true,"href":"https:\/\/www.europesays.com\/es\/wp-json\/wp\/v2\/comments?post=114346"}],"version-history":[{"count":0,"href":"https:\/\/www.europesays.com\/es\/wp-json\/wp\/v2\/posts\/114346\/revisions"}],"wp:featuredmedia":[{"embeddable":true,"href":"https:\/\/www.europesays.com\/es\/wp-json\/wp\/v2\/media\/111370"}],"wp:attachment":[{"href":"https:\/\/www.europesays.com\/es\/wp-json\/wp\/v2\/media?parent=114346"}],"wp:term":[{"taxonomy":"category","embeddable":true,"href":"https:\/\/www.europesays.com\/es\/wp-json\/wp\/v2\/categories?post=114346"},{"taxonomy":"post_tag","embeddable":true,"href":"https:\/\/www.europesays.com\/es\/wp-json\/wp\/v2\/tags?post=114346"}],"curies":[{"name":"wp","href":"https:\/\/api.w.org\/{rel}","templated":true}]}}