{"id":114347,"date":"2025-09-14T12:14:15","date_gmt":"2025-09-14T12:14:15","guid":{"rendered":"https:\/\/www.europesays.com\/es\/114347\/"},"modified":"2025-09-14T12:14:15","modified_gmt":"2025-09-14T12:14:15","slug":"me-decepciono-sinner-se-ha-estancado","status":"publish","type":"post","link":"https:\/\/www.europesays.com\/es\/114347\/","title":{"rendered":"Me decepcion\u00f3&#8230; Sinner se ha estancado"},"content":{"rendered":"<p class=\"c-paragraph\">La final del <b><a href=\"https:\/\/www.20minutos.es\/tags\/deportes\/us-open.html\" title=\"US Open\" rel=\"nofollow noopener\" target=\"_blank\">US Open<\/a> <\/b>saldada con la apabullante victoria de <a href=\"https:\/\/www.20minutos.es\/tags\/deportes\/carlos-alcaraz.html\" title=\"Carlos Alcaraz\" rel=\"nofollow noopener\" target=\"_blank\">Carlos Alcaraz <\/a>sobre <a href=\"https:\/\/www.20minutos.es\/tags\/deportes\/jannik-sinner.html\" title=\"Jannik Sinner\" rel=\"nofollow noopener\" target=\"_blank\">Jannik Sinner <\/a>ha derivado en un sinf\u00edn de reacciones sobre la gran rivalidad que domina ahora el tenis masculino. La \u00faltima en llegar ha sido la de la leyenda alemana Boris Becker, siempre pol\u00e9mico, que asegur\u00f3 <b>sentirse \u00abdecepcionado\u00bb por el nivel mostrado por Sinner<\/b>.<\/p>\n<p class=\"c-paragraph\">En esos t\u00e9rminos se pronunci\u00f3 al ser preguntado por el partido en el p\u00f3dcast <a target=\"_blank\" rel=\"noopener nofollow\" href=\"https:\/\/open.spotify.com\/episode\/6aIMxa6gyx7o5TuCAfhqqp\">&#8216;Becker Petkovic&#8217;<\/a>: \u00abSoy de los que siempre sienten la necesidad de decir la verdad. As\u00ed que\u00a0me decepcion\u00f3 un poco.\u00a0Esperaba m\u00e1s\u00bb, dijo ni corto ni perezoso antes de explayarse en este parecer.<\/p>\n<p class=\"c-paragraph\"><b>\u00ab<\/b>No me decepcion\u00f3 Alcaraz, porque realmente ha aprendido mucho. Juega mejor tenis hoy que hace un a\u00f1o. <b>Tiene m\u00e1s variedad, cambia de ritmo<\/b>. Juega saque y volea, usa el rev\u00e9s cortado, usa una derecha donde no se ve la pelota\u00bb, dijo deshaci\u00e9ndose en elogios hacia el espa\u00f1ol.<\/p>\n<p class=\"c-paragraph\">Menos amable fue con Sinner: \u00ab<b>Creo que Sinner se ha estancado con su juego por primera vez<\/b>.\u00a0\u00c9l es predecible ahora, sabes exactamente qu\u00e9 le va a pasar.\u00a0Y no es tan malo que yo lo vea as\u00ed. Es peor para \u00e9l que Alcaraz lo vea as\u00ed\u00bb, culmin\u00f3 con dureza.\u00a0<\/p>\n","protected":false},"excerpt":{"rendered":"La final del US Open saldada con la apabullante victoria de Carlos Alcaraz sobre Jannik Sinner ha derivado&hellip;\n","protected":false},"author":2,"featured_media":112210,"comment_status":"","ping_status":"","sticky":false,"template":"","format":"standard","meta":{"footnotes":""},"categories":[274],"tags":[1705,38106,38606,168,25,24,10691,23,167,327,326],"class_list":{"0":"post-114347","1":"post","2":"type-post","3":"status-publish","4":"format-standard","5":"has-post-thumbnail","7":"category-tenis","8":"tag-analisis","9":"tag-boris","10":"tag-crudo","11":"tag-deportes","12":"tag-es","13":"tag-espana","14":"tag-mito","15":"tag-spain","16":"tag-sports","17":"tag-tenis","18":"tag-tennis"},"share_on_mastodon":{"url":"","error":""},"_links":{"self":[{"href":"https:\/\/www.europesays.com\/es\/wp-json\/wp\/v2\/posts\/114347","targetHints":{"allow":["GET"]}}],"collection":[{"href":"https:\/\/www.europesays.com\/es\/wp-json\/wp\/v2\/posts"}],"about":[{"href":"https:\/\/www.europesays.com\/es\/wp-json\/wp\/v2\/types\/post"}],"author":[{"embeddable":true,"href":"https:\/\/www.europesays.com\/es\/wp-json\/wp\/v2\/users\/2"}],"replies":[{"embeddable":true,"href":"https:\/\/www.europesays.com\/es\/wp-json\/wp\/v2\/comments?post=114347"}],"version-history":[{"count":0,"href":"https:\/\/www.europesays.com\/es\/wp-json\/wp\/v2\/posts\/114347\/revisions"}],"wp:featuredmedia":[{"embeddable":true,"href":"https:\/\/www.europesays.com\/es\/wp-json\/wp\/v2\/media\/112210"}],"wp:attachment":[{"href":"https:\/\/www.europesays.com\/es\/wp-json\/wp\/v2\/media?parent=114347"}],"wp:term":[{"taxonomy":"category","embeddable":true,"href":"https:\/\/www.europesays.com\/es\/wp-json\/wp\/v2\/categories?post=114347"},{"taxonomy":"post_tag","embeddable":true,"href":"https:\/\/www.europesays.com\/es\/wp-json\/wp\/v2\/tags?post=114347"}],"curies":[{"name":"wp","href":"https:\/\/api.w.org\/{rel}","templated":true}]}}