{"id":114357,"date":"2025-09-14T12:23:15","date_gmt":"2025-09-14T12:23:15","guid":{"rendered":"https:\/\/www.europesays.com\/es\/114357\/"},"modified":"2025-09-14T12:23:15","modified_gmt":"2025-09-14T12:23:15","slug":"llevarias-un-reloj-que-te-avisa-cuando-estas-siendo-cobarde-el-ultimo-dilema-de-la-cena-de-los-idiotes-la-cena-de-los-idiotes","status":"publish","type":"post","link":"https:\/\/www.europesays.com\/es\/114357\/","title":{"rendered":"\u00bfLlevar\u00edas un reloj que te avisa cuando est\u00e1s siendo cobarde?: El \u00faltimo dilema de &#8216;La cena de los idiot\u00e9s&#8217; | La cena de los idiot\u00e9s"},"content":{"rendered":"<p class=\"loc\">Madrid<\/p>\n<p>Comienza la temporada en la cena m\u00e1s rocambolesca de todas. El sistema es el mismo de siempre: una mesa, cinco comensales, y muchos dilemas con ninguna respuesta correcta. \u00bfLlevar\u00edas un reloj que te avisa cuando est\u00e1s siendo cobarde? \u00bfSeguir\u00edas adelante con una producci\u00f3n cinematogr\u00e1fica si te llega que tu actor principal ha podido abusar de una mujer? Tienes la ocasi\u00f3n de ganar el rosco de Pasapalabra, pero est\u00e1s locamente enamorado de Roberto Leal y eso te separar\u00eda de \u00e9l para siempre. \u00bfQu\u00e9 haces? Estos y otros dilemas los plantean la actriz Mirela Balic, al actor y c\u00f3mico Santi Alver\u00fa y a los escritores y periodistas \u00c1ngeles Caballero y Manuel Jabois.<\/p>\n","protected":false},"excerpt":{"rendered":"Madrid Comienza la temporada en la cena m\u00e1s rocambolesca de todas. El sistema es el mismo de siempre:&hellip;\n","protected":false},"author":2,"featured_media":114358,"comment_status":"","ping_status":"","sticky":false,"template":"","format":"standard","meta":{"footnotes":""},"categories":[170],"tags":[146,147,25,24,184,185,23],"class_list":{"0":"post-114357","1":"post","2":"type-post","3":"status-publish","4":"format-standard","5":"has-post-thumbnail","7":"category-musica","8":"tag-entertainment","9":"tag-entretenimiento","10":"tag-es","11":"tag-espana","12":"tag-music","13":"tag-musica","14":"tag-spain"},"share_on_mastodon":{"url":"","error":""},"_links":{"self":[{"href":"https:\/\/www.europesays.com\/es\/wp-json\/wp\/v2\/posts\/114357","targetHints":{"allow":["GET"]}}],"collection":[{"href":"https:\/\/www.europesays.com\/es\/wp-json\/wp\/v2\/posts"}],"about":[{"href":"https:\/\/www.europesays.com\/es\/wp-json\/wp\/v2\/types\/post"}],"author":[{"embeddable":true,"href":"https:\/\/www.europesays.com\/es\/wp-json\/wp\/v2\/users\/2"}],"replies":[{"embeddable":true,"href":"https:\/\/www.europesays.com\/es\/wp-json\/wp\/v2\/comments?post=114357"}],"version-history":[{"count":0,"href":"https:\/\/www.europesays.com\/es\/wp-json\/wp\/v2\/posts\/114357\/revisions"}],"wp:featuredmedia":[{"embeddable":true,"href":"https:\/\/www.europesays.com\/es\/wp-json\/wp\/v2\/media\/114358"}],"wp:attachment":[{"href":"https:\/\/www.europesays.com\/es\/wp-json\/wp\/v2\/media?parent=114357"}],"wp:term":[{"taxonomy":"category","embeddable":true,"href":"https:\/\/www.europesays.com\/es\/wp-json\/wp\/v2\/categories?post=114357"},{"taxonomy":"post_tag","embeddable":true,"href":"https:\/\/www.europesays.com\/es\/wp-json\/wp\/v2\/tags?post=114357"}],"curies":[{"name":"wp","href":"https:\/\/api.w.org\/{rel}","templated":true}]}}